{"id":399859,"date":"2025-09-05T22:17:11","date_gmt":"2025-09-05T22:17:11","guid":{"rendered":"https:\/\/www.europesays.com\/de\/399859\/"},"modified":"2025-09-05T22:17:11","modified_gmt":"2025-09-05T22:17:11","slug":"karlsruhe-unbekannter-greift-frau-in-der-waldstadt-an-regional","status":"publish","type":"post","link":"https:\/\/www.europesays.com\/de\/399859\/","title":{"rendered":"Karlsruhe: Unbekannter greift Frau in der Waldstadt an | Regional"},"content":{"rendered":"<p>Karlsruhe \u2013 <b>Ein Unbekannter hat am sp\u00e4ten Donnerstagabend eine 30-j\u00e4hrige Frau in der K\u00f6nigsberger Stra\u00dfe \u00fcberfallen.<\/b><\/p>\n<p>Die Frau wollte gegen 23.00 Uhr M\u00fcll entsorgen, als der T\u00e4ter sie pl\u00f6tzlich von hinten angriff und sich an ihr verging. Danach fl\u00fcchtete der Mann in unbekannte Richtung.<\/p>\n<p>Die Polizei hat trotz intensiver Fahndung noch keinen Verd\u00e4chtigen gefasst. Eine Beschreibung des T\u00e4ters liegt bisher nicht vor.<\/p>\n<p>Die Kriminalpolizei ermittelt und bittet um Hinweise. Zeugen, die verd\u00e4chtige Personen oder ungew\u00f6hnliche Aktivit\u00e4ten im Bereich Waldstadt bemerkt haben, sollen sich dringend melden. Kontakt: Kriminaldauerdienst unter 0721\/666-5555.<\/p>\n<p>Dieser Text basiert auf einer offiziellen Beh\u00f6rden-Information und wurde mit Hilfe von KI erstellt.<\/p>\n","protected":false},"excerpt":{"rendered":"Karlsruhe \u2013 Ein Unbekannter hat am sp\u00e4ten Donnerstagabend eine 30-j\u00e4hrige Frau in der K\u00f6nigsberger Stra\u00dfe \u00fcberfallen. Die Frau&hellip;\n","protected":false},"author":2,"featured_media":391561,"comment_status":"","ping_status":"","sticky":false,"template":"","format":"standard","meta":{"footnotes":""},"categories":[1844],"tags":[1634,3364,29,30,1000,8903,2509,4707,45,1995],"class_list":{"0":"post-399859","1":"post","2":"type-post","3":"status-publish","4":"format-standard","5":"has-post-thumbnail","7":"category-karlsruhe","8":"tag-baden-wuerttemberg","9":"tag-de","10":"tag-deutschland","11":"tag-germany","12":"tag-gewalt","13":"tag-karlsruhe","14":"tag-ki-ots","15":"tag-sexualstraftat","16":"tag-texttospeech","17":"tag-verbrechen"},"share_on_mastodon":{"url":"https:\/\/pubeurope.com\/@de\/115154009866795543","error":""},"_links":{"self":[{"href":"https:\/\/www.europesays.com\/de\/wp-json\/wp\/v2\/posts\/399859","targetHints":{"allow":["GET"]}}],"collection":[{"href":"https:\/\/www.europesays.com\/de\/wp-json\/wp\/v2\/posts"}],"about":[{"href":"https:\/\/www.europesays.com\/de\/wp-json\/wp\/v2\/types\/post"}],"author":[{"embeddable":true,"href":"https:\/\/www.europesays.com\/de\/wp-json\/wp\/v2\/users\/2"}],"replies":[{"embeddable":true,"href":"https:\/\/www.europesays.com\/de\/wp-json\/wp\/v2\/comments?post=399859"}],"version-history":[{"count":0,"href":"https:\/\/www.europesays.com\/de\/wp-json\/wp\/v2\/posts\/399859\/revisions"}],"wp:featuredmedia":[{"embeddable":true,"href":"https:\/\/www.europesays.com\/de\/wp-json\/wp\/v2\/media\/391561"}],"wp:attachment":[{"href":"https:\/\/www.europesays.com\/de\/wp-json\/wp\/v2\/media?parent=399859"}],"wp:term":[{"taxonomy":"category","embeddable":true,"href":"https:\/\/www.europesays.com\/de\/wp-json\/wp\/v2\/categories?post=399859"},{"taxonomy":"post_tag","embeddable":true,"href":"https:\/\/www.europesays.com\/de\/wp-json\/wp\/v2\/tags?post=399859"}],"curies":[{"name":"wp","href":"https:\/\/api.w.org\/{rel}","templated":true}]}}