{"id":399860,"date":"2025-09-05T22:18:10","date_gmt":"2025-09-05T22:18:10","guid":{"rendered":"https:\/\/www.europesays.com\/de\/399860\/"},"modified":"2025-09-05T22:18:10","modified_gmt":"2025-09-05T22:18:10","slug":"pol-ms-sassenberg-polizeiliche-schussabgabe-nach-bedrohung-mit-messer-25-jaehriger","status":"publish","type":"post","link":"https:\/\/www.europesays.com\/de\/399860\/","title":{"rendered":"POL-MS: Sassenberg: Polizeiliche Schussabgabe nach Bedrohung mit Messer &#8211; 25-J\u00e4hriger &#8230;"},"content":{"rendered":"<p class=\"date\">05.09.2025 \u2013 22:39<\/p>\n<p class=\"customer\">\n                        <a class=\"story-customer\" title=\"weiter zum newsroom von Polizei M\u00fcnster\" href=\"https:\/\/www.presseportal.de\/blaulicht\/nr\/11187\" rel=\"nofollow noopener\" target=\"_blank\">Polizei M\u00fcnster<\/a>\n                    <\/p>\n<p><a data-category=\"citylink-story-view\" data-action=\"click\" data-label=\"Citylink in Meldungsansicht\" class=\"story-city event-trigger\" href=\"https:\/\/www.presseportal.de\/regional\/M%FCnster%20%252F%20Sassenberg\" title=\"News aus M\u00fcnster \/ Sassenberg \" rel=\"nofollow noopener\" target=\"_blank\">M\u00fcnster \/ Sassenberg<\/a> (ots)<\/p>\n<p>Gemeinsame Pressemitteilung der Staatsanwaltschaft M\u00fcnster, der Polizei Warendorf und der Polizei M\u00fcnster<\/p>\n<p>Nach Nachbarschaftsstreitigkeiten auf der Stra\u00dfe Niel\u00e4nder in Sassenberg ist es heute (05.09., 14:39 Uhr) zu einer polizeilichen Schussabgabe gekommen, bei der ein 25-J\u00e4hriger schwer verletzt wurde. Der 25-J\u00e4hrige hatte die Beamten zuvor mit zwei Messern bedroht.<\/p>\n<p>Bisherigen Erkenntnissen soll ein 39-J\u00e4hriger die Einsatzkr\u00e4fte der Polizei Warendorf alarmiert haben, da es zuvor zu einem Streit mit einem 25-j\u00e4hrigen Nachbarn gekommen sein soll. Im Verlauf der Auseinandersetzung soll der 25-J\u00e4hrige zwei Messer gezogen und den 39-J\u00e4hrigen sowie einen 50-j\u00e4hrigen weiteren Nachbarn leicht verletzt haben. Anschlie\u00dfend sei der 25-J\u00e4hrige fu\u00dfl\u00e4ufig gefl\u00fcchtet.<\/p>\n<p>Der Mann konnte durch die Polizisten in Tatortn\u00e4he angetroffen werden, reagierte aber nicht auf ihre Anweisungen. Er ging schlie\u00dflich mit den Messern in bedrohlicher Weise auf die Beamten zu und stoppte auch nach mehrfacher Aufforderung nicht. Ein Polizeibeamter schoss nach vorheriger mehrmaliger Androhung und traf den 25-J\u00e4hrigen mit kroatischer Staatsangeh\u00f6rigkeit im Oberk\u00f6rper. Der Mann ist durch den Schuss schwer, aber nicht lebensgef\u00e4hrlich verletzt und durch Rettungskr\u00e4fte in ein Krankenhaus verbracht worden.<\/p>\n<p>Bei der Polizei M\u00fcnster ist unter der Leitung von Heiner Olthuis eine Ermittlungskommission zur \u00dcberpr\u00fcfung des polizeilichen Schusswaffengebrauchs eingerichtet worden.<\/p>\n<p>F\u00fcr Presseanfragen steht Oberstaatsanwalt Dirk Ollech unter der Rufnummer 0251 494-2373 zur Verf\u00fcgung<\/p>\n<p class=\"contact-headline\">Kontakt f\u00fcr Medienvertreter:<\/p>\n<p class=\"contact-text\">Polizei M\u00fcnster<br \/>Pressestelle<\/p>\n<p>Telefon: 0251\/ 275- 1010<br \/>E-Mail: <a href=\"https:\/\/www.presseportal.de\/blaulicht\/pm\/11187\/mailto: pressestelle.muenster@polizei.nrw.de\" class=\"uri-mailto\" rel=\"nofollow noopener\" target=\"_blank\"> pressestelle.muenster@polizei.nrw.de<\/a><br \/><a target=\"_blank\" class=\"uri-ext outbound\" rel=\"noopener nofollow\" href=\"https:\/\/muenster.polizei.nrw\/\">https:\/\/muenster.polizei.nrw\/<\/a><\/p>\n<p class=\"originator\">Original-Content von: Polizei M\u00fcnster, \u00fcbermittelt durch news aktuell<\/p>\n","protected":false},"excerpt":{"rendered":"05.09.2025 \u2013 22:39 Polizei M\u00fcnster M\u00fcnster \/ Sassenberg (ots) Gemeinsame Pressemitteilung der Staatsanwaltschaft M\u00fcnster, der Polizei Warendorf und&hellip;\n","protected":false},"author":2,"featured_media":386213,"comment_status":"","ping_status":"","sticky":false,"template":"","format":"standard","meta":{"footnotes":""},"categories":[1843],"tags":[3364,29,30,177,8970,1209,176,121,178,180,179,181],"class_list":{"0":"post-399860","1":"post","2":"type-post","3":"status-publish","4":"format-standard","5":"has-post-thumbnail","7":"category-muenster","8":"tag-de","9":"tag-deutschland","10":"tag-germany","11":"tag-kriminalitt","12":"tag-muenster","13":"tag-nordrhein-westfalen","14":"tag-nrw","15":"tag-polizei","16":"tag-presse","17":"tag-pressemeldung","18":"tag-pressemitteilung","19":"tag-pressemitteilungen"},"share_on_mastodon":{"url":"https:\/\/pubeurope.com\/@de\/115154014021943521","error":""},"_links":{"self":[{"href":"https:\/\/www.europesays.com\/de\/wp-json\/wp\/v2\/posts\/399860","targetHints":{"allow":["GET"]}}],"collection":[{"href":"https:\/\/www.europesays.com\/de\/wp-json\/wp\/v2\/posts"}],"about":[{"href":"https:\/\/www.europesays.com\/de\/wp-json\/wp\/v2\/types\/post"}],"author":[{"embeddable":true,"href":"https:\/\/www.europesays.com\/de\/wp-json\/wp\/v2\/users\/2"}],"replies":[{"embeddable":true,"href":"https:\/\/www.europesays.com\/de\/wp-json\/wp\/v2\/comments?post=399860"}],"version-history":[{"count":0,"href":"https:\/\/www.europesays.com\/de\/wp-json\/wp\/v2\/posts\/399860\/revisions"}],"wp:featuredmedia":[{"embeddable":true,"href":"https:\/\/www.europesays.com\/de\/wp-json\/wp\/v2\/media\/386213"}],"wp:attachment":[{"href":"https:\/\/www.europesays.com\/de\/wp-json\/wp\/v2\/media?parent=399860"}],"wp:term":[{"taxonomy":"category","embeddable":true,"href":"https:\/\/www.europesays.com\/de\/wp-json\/wp\/v2\/categories?post=399860"},{"taxonomy":"post_tag","embeddable":true,"href":"https:\/\/www.europesays.com\/de\/wp-json\/wp\/v2\/tags?post=399860"}],"curies":[{"name":"wp","href":"https:\/\/api.w.org\/{rel}","templated":true}]}}