{"id":399912,"date":"2025-09-05T22:49:13","date_gmt":"2025-09-05T22:49:13","guid":{"rendered":"https:\/\/www.europesays.com\/de\/399912\/"},"modified":"2025-09-05T22:49:13","modified_gmt":"2025-09-05T22:49:13","slug":"aktionstag-reanimation-werde-lebensretter-lokalklick-eu","status":"publish","type":"post","link":"https:\/\/www.europesays.com\/de\/399912\/","title":{"rendered":"Aktionstag Reanimation: Werde Lebensretter &#8211; LokalKlick.eu"},"content":{"rendered":"<p>            <a href=\"https:\/\/lokalklick.eu\/wp-content\/uploads\/2025\/09\/E__AKK_AKK_Fey_Rettungsdienst__Notaerzte_ID2434_697299bf9f.jpg\" data-caption=\"Dr. med. Jens Fey (Leitender Oberarzt, Stellvertreter des Chefarztes) der Klinik f\u00fcr An\u00e4sthesiologie, Intensivmedizin und Schmerztherapie (Foto: Alfried Krupp Krankenhaus)\" rel=\"nofollow noopener\" target=\"_blank\"><img loading=\"lazy\" decoding=\"async\" width=\"696\" height=\"435\" class=\"entry-thumb td-modal-image\" src=\"https:\/\/www.europesays.com\/de\/wp-content\/uploads\/2025\/09\/E__AKK_AKK_Fey_Rettungsdienst__Notaerzte_ID2434_697299bf9f-696x435.jpg\"   alt=\"\" title=\"E__AKK_AKK_Fey_Rettungsdienst__Notaerzte_ID2434_697299bf9f\"\/><\/a>Dr. med. Jens Fey (Leitender Oberarzt, Stellvertreter des Chefarztes) der Klinik f\u00fcr An\u00e4sthesiologie, Intensivmedizin und Schmerztherapie (Foto: Alfried Krupp Krankenhaus)<br \/>\n            Anzeigen<a href=\"https:\/\/www.mheg-containershop.de\/\" target=\"_blank\" rel=\"nofollow noopener\"><img decoding=\"async\" src=\"https:\/\/www.europesays.com\/de\/wp-content\/uploads\/2025\/04\/MH_Anzeige_Container_1456x180.jpg\"\/><\/a><\/p>\n<p>\n<a href=\"https:\/\/www.rugana.de\/de\/Mecklenburg-Vorpommern\/Insel.Ruegen\/D41\" target=\"_blank\" rel=\"nofollow noopener\"><img decoding=\"async\" src=\"https:\/\/www.europesays.com\/de\/wp-content\/uploads\/2025\/04\/FeWo-Dranske-2-1456.jpg\"\/><\/a><\/p>\n<p><\/p>\n<p><strong>Essen.<\/strong> Bei einem Herz-Kreislaufstillstand und anderen lebensbedrohlichen Notf\u00e4llen z\u00e4hlt jede Sekunde. Bis der Rettungsdienst eintrifft, h\u00e4ngt das Leben der Betroffenen von spontan und beherzt zupackenden Ersthelfern ab. Aus diesem Grund m\u00f6chte das Notfall-Team am Alfried Krupp Krankenhaus Interessierte \u00fcber die Erste Hilfe bei Herz-Kreislaufstillstand aufkl\u00e4ren und die Bereitschaft und F\u00e4higkeit zur Hilfeleistung im Notfall erh\u00f6hen.<\/p>\n<p>Das <strong>Ersthelfer-Training<\/strong> findet statt am Donnerstag, 25. September 2025.<\/p>\n<p>Im Alfried Krupp Krankenhaus in R\u00fcttenscheid k\u00f6nnen Laien zwischen 11 und 17 Uhr (Beginn zu jeder vollen Stunde) ein kompaktes, etwa 45 min\u00fctiges Reanimationstraining absolvieren. Hier lernen sie in Theorie und Praxis die wichtigsten Handgriffe f\u00fcr den Notfall. Interessierte erwartet ein aufschlussreicher Vortrag rund um Reanimationsma\u00dfnahmen mit einem anschlie\u00dfenden professionellen Training an Reanimationspuppen. Zu dem Reanimationstraining f\u00fcr Jung und Alt sind auch Familien herzlich eingeladen: Denn die meisten F\u00e4lle von pl\u00f6tzlichem Herzstillstand ereignen sich zu Hause bzw. im Freundeskreis.<\/p>\n<p>Anmeldung zur kostenfreien Veranstaltung zum Lebensretter: <a href=\"https:\/\/www.krupp-krankenhaus.de\/lebensretter\" target=\"_blank\" rel=\"noopener noreferrer nofollow\">https:\/\/www.krupp-krankenhaus.de\/lebensretter<\/a><\/p>\n<p>J\u00e4hrlich erleiden mindestens 55.000 Menschen in Deutschland einen Herz-Kreislaufstillstand. Das verdeutlicht, wie wichtig eine schnell beginnende Wiederbelebung ist. Sch\u00e4tzungen zufolge, k\u00f6nnten mit Erste-Hilfe-Ma\u00dfnahmen mehr als 10.000 Menschen im Jahr gerettet werden.<\/p>\n<p>\u201eEin Leben retten. 100 Pro Reanimation\u201c<\/p>\n<p><strong>Die bundesweite \u201eWoche der Wiederbelebung\u201c in Deutschland<\/strong><\/p>\n<p>Der pl\u00f6tzliche Herztod ist eine der h\u00e4ufigsten Todesursachen in Deutschland. Doch die Helferquote beim Herzstillstand im internationalen Vergleich ist alarmierend gering. Dabei sind die Ma\u00dfnahmen zur Wiederbelebung eines Menschen einfach. Man kann nichts falsch machen. Jeder kann es.<\/p>\n<p>Hier setzt die vom Bundesministerium f\u00fcr Gesundheit (BMG) unterst\u00fctzte \u201eWoche der Wiederbelebung\u201c unter dem Motto \u201eEin Leben retten. 100 Pro Reanimation\u201c an. Ziel ist es, das Bewusstsein f\u00fcr lebensrettende F\u00e4higkeiten jedes Einzelnen zu sch\u00e4rfen, Hemmschwellen abzubauen und \u00fcber lebensentscheidende Sofortma\u00dfnahmen zu informieren. Dabei steht die sich leicht zu merkende Botschaft der Reanimation im Vordergrund: \u201ePR\u00dcFEN. RUFEN. DR\u00dcCKEN!\u201c<\/p>\n<p>Die \u201eWoche der Wiederbelebung\u201c ist eine Initiative des Berufsverbandes Deutscher An\u00e4sthesisten e. V. und der Deutschen Gesellschaft f\u00fcr An\u00e4sthesiologie und Intensivmedizin e. V. in Kooperation mit dem German Resuscitation Council e. V. und der Stiftung Deutsche An\u00e4sthesiologie.<\/p>\n<p>\u00a0<\/p>\n<p><strong>Veranstaltungs-Ort<\/strong><br \/>Alfried Krupp Krankenhaus<br \/>R\u00fcttenscheid<br \/>Berthold Beitz Saal<br \/>Alfried-Krupp-Stra\u00dfe 21<br \/>45131, Essen<\/p>\n<p>\u00a0<\/p>\n<p><strong>Kursleitung<\/strong><br \/>Dr. med. Jens Fey<br \/>Leitender Oberarzt, Stellvertreter des Chefarztes<br \/>Telefon 0201 434-2506<br \/>Telefax 0201 434-2374<br \/><a href=\"https:\/\/lokalklick.eu\/2025\/09\/06\/aktionstag-reanimation-werde-lebensretter\/mailto:anaesthesiologie@krupp-krankenhaus.de\" target=\"_blank\" rel=\"noopener noreferrer nofollow\">anaesthesiologie@krupp-krankenhaus.de<\/a><\/p>\n","protected":false},"excerpt":{"rendered":"Dr. med. Jens Fey (Leitender Oberarzt, Stellvertreter des Chefarztes) der Klinik f\u00fcr An\u00e4sthesiologie, Intensivmedizin und Schmerztherapie (Foto: Alfried&hellip;\n","protected":false},"author":2,"featured_media":399913,"comment_status":"","ping_status":"","sticky":false,"template":"","format":"standard","meta":{"footnotes":""},"categories":[1834],"tags":[3364,29,3688,30,1209],"class_list":{"0":"post-399912","1":"post","2":"type-post","3":"status-publish","4":"format-standard","5":"has-post-thumbnail","7":"category-essen","8":"tag-de","9":"tag-deutschland","10":"tag-essen","11":"tag-germany","12":"tag-nordrhein-westfalen"},"share_on_mastodon":{"url":"https:\/\/pubeurope.com\/@de\/115154135636235154","error":""},"_links":{"self":[{"href":"https:\/\/www.europesays.com\/de\/wp-json\/wp\/v2\/posts\/399912","targetHints":{"allow":["GET"]}}],"collection":[{"href":"https:\/\/www.europesays.com\/de\/wp-json\/wp\/v2\/posts"}],"about":[{"href":"https:\/\/www.europesays.com\/de\/wp-json\/wp\/v2\/types\/post"}],"author":[{"embeddable":true,"href":"https:\/\/www.europesays.com\/de\/wp-json\/wp\/v2\/users\/2"}],"replies":[{"embeddable":true,"href":"https:\/\/www.europesays.com\/de\/wp-json\/wp\/v2\/comments?post=399912"}],"version-history":[{"count":0,"href":"https:\/\/www.europesays.com\/de\/wp-json\/wp\/v2\/posts\/399912\/revisions"}],"wp:featuredmedia":[{"embeddable":true,"href":"https:\/\/www.europesays.com\/de\/wp-json\/wp\/v2\/media\/399913"}],"wp:attachment":[{"href":"https:\/\/www.europesays.com\/de\/wp-json\/wp\/v2\/media?parent=399912"}],"wp:term":[{"taxonomy":"category","embeddable":true,"href":"https:\/\/www.europesays.com\/de\/wp-json\/wp\/v2\/categories?post=399912"},{"taxonomy":"post_tag","embeddable":true,"href":"https:\/\/www.europesays.com\/de\/wp-json\/wp\/v2\/tags?post=399912"}],"curies":[{"name":"wp","href":"https:\/\/api.w.org\/{rel}","templated":true}]}}