{"id":399925,"date":"2025-09-05T22:57:12","date_gmt":"2025-09-05T22:57:12","guid":{"rendered":"https:\/\/www.europesays.com\/de\/399925\/"},"modified":"2025-09-05T22:57:12","modified_gmt":"2025-09-05T22:57:12","slug":"was-macht-die-kunst-galerienrundgang-art-alarm-startschuss-in-der-staatsgalerie","status":"publish","type":"post","link":"https:\/\/www.europesays.com\/de\/399925\/","title":{"rendered":"Was macht die Kunst?: Galerienrundgang Art Alarm: Startschuss in der Staatsgalerie"},"content":{"rendered":"<p>Was macht die Kunst? Und wer macht in der Region Stuttgart in der Kunst was? Wir geben Tipps. <\/p>\n<p> Mit dem Galerienrundgang am 20. und 21. September startet der Kunststandort Stuttgart in die neue Saison. Doch dieser <a href=\"https:\/\/www.art-alarm.de\/\" target=\"_blank\" rel=\"noopener\">Art Alarm<\/a> gibt sich nicht mit zwei Tagen zufrieden. Unsere Zeitung er\u00f6ffnet das Galerienwochenende am Donnerstag, 18. September, mit einem Diskussionsabend in der Staatsgalerie Stuttgart. <a href=\"https:\/\/zeitung-erleben.de\/event\/gespraechsreihe-ueber-kunst-kunstlaend-wie-weiter\/\" target=\"_blank\" rel=\"noopener\">\u201eKunstL\u00e4nd \u2013 wie weiter?\u201c<\/a> ist der Abend betitelt; mit dabei sind Petra Olschowski, Baden-W\u00fcrttembergs Ministerin f\u00fcr Wissenschaft, Forschung und Kunst, Stefanie Patruno, Direktorin der St\u00e4dtischen Galerie Karlsruhe, sowie der Galerist und Art Alarm-Mitlenker Kay Kromeier. Welche Rolle spielen Galerien im Kunstmarkt? Wie viel F\u00f6rderung braucht die Kunst? Sie k\u00f6nnen dabei sein. Der Eintritt ist frei, eine Anmeldung ist notwendig \u2013 unter www.zeitungerleben.de\/ueberkunst<a href=\"https:\/\/zeitung-erleben.de\/event\/gespraechsreihe-ueber-kunst-kunstlaend-wie-weiter\/\" target=\"_blank\" rel=\"noopener\"> www.zeitungerleben.de\/ueberkunst <\/a>. <\/p>\n<p>  <img decoding=\"async\" loading=\"lazy\" src=\"https:\/\/www.europesays.com\/de\/wp-content\/uploads\/2025\/09\/media.media.8431221b-ad42-4455-8d61-40984c011332.original1024.media.jpeg\"\/>     Die Staatsgalerie Stuttgart ist am 18.9. wieder B\u00fchne der \u201e\u00dcber Kunst\u201c-Reihe    Foto: Staatsgalerie    Kammeroper im Kunstmuseum  <\/p>\n<p>F\u00fcr einen Paukenschlag zum Art Alarm sorgt am Samstag, 20. September, sowie am Sonntag, 21. September, das Kunstmuseum Stuttgart. Aufgef\u00fchrt wird jeweils die <a href=\"https:\/\/www.kunstmuseum-stuttgart.de\/kunstvermittlung\/hoehlenmusik\" target=\"_blank\" rel=\"noopener\">Kammeroper \u201eThe Great Wayfinders I-IX (H\u00f6hlenmusik)\u201c<\/a>. Erarbeitet durch den Komponisten Marcus Schmickler und den K\u00fcnstler Tim Berresheim, bringt das St\u00fcck digitale Welten mit der H\u00f6hlenforschung zusammen \u2013 ein Verwirrspiel, dem man einfach folgen muss: am 20. September um 19 Uhr und am 21. September um 12 Uhr. Entwickelt und pr\u00e4sentiert wird \u201eThe Great Wayfinders\u201c anl\u00e4sslich des Doppeljubil\u00e4ums 100 Jahre St\u00e4dtische Kunstsammlung, 20 Jahre Kunstmuseum Stuttgart. <\/p>\n<p>Gegenwelten beim Galerienrundgang  <\/p>\n<p>Gleich mehrere Art Alarm-Galerien er\u00f6ffnen am Freitag, 19. September, neue Ausstellungen. Gegenwelten innerhalb einer Schau bietet dabei etwa <a href=\"http:\/\/www.galerie-schacher.de\/\" target=\"_blank\" rel=\"noopener\">Marko Schacher<\/a> (Blumenstra\u00dfe 15) mit neuen Arbeiten von Rosa Hahn und Cinyi Joh. Aber auch Karin Abt-Straubinger wagt mit ihrer <a href=\"http:\/\/www.abtart.com\/\" target=\"_blank\" rel=\"noopener\">Galerie Abtart<\/a> (Rembrandtstra\u00dfe 18) einen Spagat: Neue Bilder des als Illustrator international bekannt gewordenen Andrea Ventura treffen auf die plastischen Figurinen von Birgit Feil. Das ganze Galerienwochenende-Programm gibt es unter www.art-alarm.de. <\/p>\n<p>  <img decoding=\"async\" loading=\"lazy\" src=\"https:\/\/www.europesays.com\/de\/wp-content\/uploads\/2025\/09\/media.media.47b0475c-d514-495a-938d-1290c7da7507.original1024.media.jpeg\"\/>     Bei Marko Schacher zu sehen: Rosa Hahn, Queen of Snake    Foto: Rosa Hahn\/Schacher \u2013 Raum f\u00fcr Kunst    Barbara Probst bei Hartmann Projects  <\/p>\n<p>Ein Fest kommt selten alleine. Parallel zum Galerienrundgang findet am Samstag, 20. September, das Stadtteilfest \u201eSterne des S\u00fcdens\u201c mit viel individuell hergestelltem Sch\u00f6nen statt. Besonders freuen sich dar\u00fcber die Galerien in der Liststra\u00dfe: <a href=\"https:\/\/www.hartmannprojects.com\/contact\/\" target=\"_blank\" rel=\"noopener\">Hartmann Projects<\/a> und <a href=\"https:\/\/www.galerie-imke-valentien.de\/\" target=\"_blank\" rel=\"noopener\">Imke Valentien<\/a> (beide Liststra\u00dfe 28\/1) sowie<a href=\"https:\/\/unoartspace.com\/\" target=\"_blank\" rel=\"noopener\"> Uno Art Space<\/a> (Liststra\u00dfe 27). Passend sorgen Angelika und Markus Hartmann f\u00fcr Stargefl\u00fcster: Sie haben am 20. September die Fotografinnen-Ikone <a href=\"https:\/\/barbaraprobst.net\/\" target=\"_blank\" rel=\"noopener\">Barbara Probst<\/a> zu Gast. <\/p>\n<p>Art Alarm-Fakten  <\/p>\n<p class=\"infobox\"> <strong>Wer?<\/strong><br \/>22 Stuttgarter Privatgalerien zeigen am 20. und 21. September die ganze Vielfalt der Gegenwartskunst. Die Beteiligten sind in der Initiative Stuttgarter Galerien zeitgen\u00f6ssischer Kunst organisiert. <\/p>\n<p class=\"infobox\"> <strong>Wann?<\/strong><br \/>Der Galerienrundgang Art Alarm in Stuttgart findet am Samstag, 20. September (11 bis 20 Uhr), und am Sonntag, 21. September (11 bis 18 Uhr) statt. Der Eintritt ist frei. \u00dcber <a href=\"https:\/\/www.art-alarm.de\/\" target=\"_blank\" rel=\"noopener\">www.art-alarm.de<\/a> sind bereits vorab F\u00fchrungen buchbar. <\/p>\n","protected":false},"excerpt":{"rendered":"Was macht die Kunst? Und wer macht in der Region Stuttgart in der Kunst was? Wir geben Tipps.&hellip;\n","protected":false},"author":2,"featured_media":399926,"comment_status":"","ping_status":"","sticky":false,"template":"","format":"standard","meta":{"footnotes":""},"categories":[1830],"tags":[1634,3364,29,30,80,10225,1441],"class_list":{"0":"post-399925","1":"post","2":"type-post","3":"status-publish","4":"format-standard","5":"has-post-thumbnail","7":"category-stuttgart","8":"tag-baden-wuerttemberg","9":"tag-de","10":"tag-deutschland","11":"tag-germany","12":"tag-kultur","13":"tag-staatsgalerie-stuttgart","14":"tag-stuttgart"},"share_on_mastodon":{"url":"https:\/\/pubeurope.com\/@de\/115154167108293745","error":""},"_links":{"self":[{"href":"https:\/\/www.europesays.com\/de\/wp-json\/wp\/v2\/posts\/399925","targetHints":{"allow":["GET"]}}],"collection":[{"href":"https:\/\/www.europesays.com\/de\/wp-json\/wp\/v2\/posts"}],"about":[{"href":"https:\/\/www.europesays.com\/de\/wp-json\/wp\/v2\/types\/post"}],"author":[{"embeddable":true,"href":"https:\/\/www.europesays.com\/de\/wp-json\/wp\/v2\/users\/2"}],"replies":[{"embeddable":true,"href":"https:\/\/www.europesays.com\/de\/wp-json\/wp\/v2\/comments?post=399925"}],"version-history":[{"count":0,"href":"https:\/\/www.europesays.com\/de\/wp-json\/wp\/v2\/posts\/399925\/revisions"}],"wp:featuredmedia":[{"embeddable":true,"href":"https:\/\/www.europesays.com\/de\/wp-json\/wp\/v2\/media\/399926"}],"wp:attachment":[{"href":"https:\/\/www.europesays.com\/de\/wp-json\/wp\/v2\/media?parent=399925"}],"wp:term":[{"taxonomy":"category","embeddable":true,"href":"https:\/\/www.europesays.com\/de\/wp-json\/wp\/v2\/categories?post=399925"},{"taxonomy":"post_tag","embeddable":true,"href":"https:\/\/www.europesays.com\/de\/wp-json\/wp\/v2\/tags?post=399925"}],"curies":[{"name":"wp","href":"https:\/\/api.w.org\/{rel}","templated":true}]}}