{"id":399927,"date":"2025-09-05T22:58:11","date_gmt":"2025-09-05T22:58:11","guid":{"rendered":"https:\/\/www.europesays.com\/de\/399927\/"},"modified":"2025-09-05T22:58:11","modified_gmt":"2025-09-05T22:58:11","slug":"ex-koeln-profi-in-problemen-naechster-diehl-rueckschlag-in-stuttgart","status":"publish","type":"post","link":"https:\/\/www.europesays.com\/de\/399927\/","title":{"rendered":"Ex-K\u00f6ln-Profi in Problemen! N\u00e4chster Diehl-R\u00fcckschlag in Stuttgart"},"content":{"rendered":"<p class=\"dm-paragraph my-8 dm-article-content-width\" index=\"0\" should-collapse-on-mobile=\"true\" has-padding=\"\" data-v-586984a4=\"\">Justin Diehl (20) war zu seiner Zeit beim 1. FC K\u00f6ln eins der vielversprechendsten Talente, die aus dem Junioren-Bereich zu den Profis kamen, doch die Umst\u00e4nde seines sp\u00e4teren Abgangs stie\u00df bei vielen FC-Fans bitter auf.\u00a0<\/p>\n<p class=\"dm-paragraph my-8 dm-article-content-width\" index=\"1\" should-collapse-on-mobile=\"true\" has-padding=\"\" data-v-586984a4=\"\">Mit der Gei\u00dfbock-Jugend gewann Diehl 2023 den A-Junioren-Pokal und kam in der n\u00e4chsten Saison gleich bei den Profis zum Einsatz. Im Sommer 2024 entschied er sich f\u00fcr den n\u00e4chsten Karriere-Schritt zum VfB Stuttgart, der in den letzten Jahren daf\u00fcr bekannt war, viel auf junge Spieler zu setzen.<\/p>\n<p>Justin Diehl: N\u00e4chster R\u00fcckschlag f\u00fcr Ex-K\u00f6lner<\/p>\n<p class=\"dm-paragraph my-8 dm-article-content-width\" index=\"3\" should-collapse-on-mobile=\"true\" has-padding=\"\" data-v-586984a4=\"\">Beim VfB konnte der 20-J\u00e4hrige sich bisher allerdings \u00fcberhaupt nicht durchsetzen, kam in der vergangenen Saison auch aufgrund einiger Verletzungen nur zu sechs <a href=\"https:\/\/www.express.de\/themen\/fussball-bundesliga\" rel=\"nofollow noopener\" target=\"_blank\">Bundesliga<\/a>-Eins\u00e4tzen (98 Minuten insgesamt) und wurde vermehrt bei der Zweitvertretung in der 3. Liga eingesetzt.<\/p>\n<p class=\"dm-paragraph my-8 dm-article-content-width\" index=\"4\" should-collapse-on-mobile=\"true\" has-padding=\"\" data-v-586984a4=\"\">In dieser Spielzeit scheint sein Stand beim VfB weiterhin schwierig zu sein \u2013 bei den ersten beiden <a href=\"https:\/\/www.express.de\/themen\/fussball-bundesliga\" rel=\"nofollow noopener\" target=\"_blank\">Bundesliga<\/a>-Spieltagen stand er nicht im Kader, wieder musste er in der 3. Liga ran.<\/p>\n<p class=\"dm-paragraph my-8 dm-article-content-width\" index=\"5\" should-collapse-on-mobile=\"true\" has-padding=\"\" data-v-586984a4=\"\"><b>Am Mittwochabend (3. September 2025) gab VfB-Trainer Sebastian Hoene\u00df den Kader f\u00fcr die kommende Europa-League-Saison bekannt. Wie schon im vergangenen Jahr fehlt Justin Diehl auf dieser Liste und kassiert einen weiteren Tiefschlag.<\/b><\/p>\n<p class=\"dm-paragraph my-8 dm-article-content-width\" index=\"6\" should-collapse-on-mobile=\"true\" has-padding=\"\" data-v-586984a4=\"\">Die pers\u00f6nliche Perspektive f\u00fcr die laufende Saison des Justin Diehl scheint klar zu sein: Spielzeit sammeln in der 3. Liga bei Stuttgarts zweiter Mannschaft. Das hat sich der dribbelstarke Spieler sicherlich anders vorgestellt.<\/p>\n<p class=\"dm-paragraph my-8 dm-article-content-width\" index=\"8\" should-collapse-on-mobile=\"true\" has-padding=\"\" data-v-586984a4=\"\">Dazu kommt, dass der <a target=\"_blank\" href=\"https:\/\/www.express.de\/sport\/fussball\/holt-der-vfl-bochum-ein-frueheres-koeln-juwel-zurueck-nach-nrw-1084902\" rel=\"nofollow noopener\">VfL Bochum im Transfersommer gro\u00dfes Interesse am Ex-K\u00f6lner hatte<\/a> und ihn f\u00fcr die aktuelle Saison ausleihen wollte. In diesem Szenario h\u00e4tte Diehl immerhin in der zweiten Liga Spielzeit sammeln k\u00f6nnen, doch der Deal platzte letztlich. So steht der 20-J\u00e4hrige vor einer pers\u00f6nlich erneut harten Saison.<\/p>\n<p class=\"dm-paragraph my-8 dm-article-content-width\" index=\"9\" should-collapse-on-mobile=\"true\" has-padding=\"\" data-v-586984a4=\"\">Die weiteren aussortieren Spieler sind: Ameen Al-Dakhil (23), Leonidas Stergiou (23) , Pascal Stenzel (29), Yannik Keitel (25), Silas (26) und Noah Darvich (18). Als Grund f\u00fcr die Nicht-Nominierung von zahlreichen namhaften Spielern nennt Hoene\u00df die \u201eLocal-Player-Regelung\u201c, die ein Minimum von im Klub oder Verband ausgebildeten Talenten vorsieht.\u00a0<\/p>\n<p class=\"dm-paragraph my-8 dm-article-content-width\" index=\"10\" should-collapse-on-mobile=\"true\" has-padding=\"\" data-v-586984a4=\"\">Der geb\u00fcrtige K\u00f6lner war in der Abstiegs-Saison des FC 2023\/24 zun\u00e4chst von Trainer Steffen Baumgart (53) nicht ber\u00fccksichtigt worden, weil er sich nicht zum FC bekennen wollte und keine Vertragsverl\u00e4ngerung anstrebte.\u00a0<\/p>\n<p class=\"dm-paragraph my-8 dm-article-content-width\" index=\"11\" should-collapse-on-mobile=\"true\" has-padding=\"\" data-v-586984a4=\"\">Aufgrund vom K\u00f6lner Verletzungspech griff Baumgarts Nachfolger Timo Schultz (48) dann doch zum Youngster und setzte ihn sieben Mal ein. Am drohenden Abstieg konnte der Fl\u00fcgelflitzer jedoch auch nichts \u00e4ndern, verpasste sogar das Saisonfinale wegen einer Suspendierung. Im Anschluss verlie\u00df er die Gei\u00dfb\u00f6cke abl\u00f6sefrei.<\/p>\n","protected":false},"excerpt":{"rendered":"Justin Diehl (20) war zu seiner Zeit beim 1. FC K\u00f6ln eins der vielversprechendsten Talente, die aus dem&hellip;\n","protected":false},"author":2,"featured_media":399928,"comment_status":"","ping_status":"","sticky":false,"template":"","format":"standard","meta":{"footnotes":""},"categories":[1830],"tags":[1634,3364,29,30,1441],"class_list":{"0":"post-399927","1":"post","2":"type-post","3":"status-publish","4":"format-standard","5":"has-post-thumbnail","7":"category-stuttgart","8":"tag-baden-wuerttemberg","9":"tag-de","10":"tag-deutschland","11":"tag-germany","12":"tag-stuttgart"},"share_on_mastodon":{"url":"https:\/\/pubeurope.com\/@de\/115154171038233856","error":""},"_links":{"self":[{"href":"https:\/\/www.europesays.com\/de\/wp-json\/wp\/v2\/posts\/399927","targetHints":{"allow":["GET"]}}],"collection":[{"href":"https:\/\/www.europesays.com\/de\/wp-json\/wp\/v2\/posts"}],"about":[{"href":"https:\/\/www.europesays.com\/de\/wp-json\/wp\/v2\/types\/post"}],"author":[{"embeddable":true,"href":"https:\/\/www.europesays.com\/de\/wp-json\/wp\/v2\/users\/2"}],"replies":[{"embeddable":true,"href":"https:\/\/www.europesays.com\/de\/wp-json\/wp\/v2\/comments?post=399927"}],"version-history":[{"count":0,"href":"https:\/\/www.europesays.com\/de\/wp-json\/wp\/v2\/posts\/399927\/revisions"}],"wp:featuredmedia":[{"embeddable":true,"href":"https:\/\/www.europesays.com\/de\/wp-json\/wp\/v2\/media\/399928"}],"wp:attachment":[{"href":"https:\/\/www.europesays.com\/de\/wp-json\/wp\/v2\/media?parent=399927"}],"wp:term":[{"taxonomy":"category","embeddable":true,"href":"https:\/\/www.europesays.com\/de\/wp-json\/wp\/v2\/categories?post=399927"},{"taxonomy":"post_tag","embeddable":true,"href":"https:\/\/www.europesays.com\/de\/wp-json\/wp\/v2\/tags?post=399927"}],"curies":[{"name":"wp","href":"https:\/\/api.w.org\/{rel}","templated":true}]}}