{"id":399931,"date":"2025-09-05T23:01:16","date_gmt":"2025-09-05T23:01:16","guid":{"rendered":"https:\/\/www.europesays.com\/de\/399931\/"},"modified":"2025-09-05T23:01:16","modified_gmt":"2025-09-05T23:01:16","slug":"kuenstliche-schwalbennester-und-nabu-plakette-so-engagiert-sich-die-asg-fuer-den-artenschutz","status":"publish","type":"post","link":"https:\/\/www.europesays.com\/de\/399931\/","title":{"rendered":"K\u00fcnstliche Schwalbennester und NABU-Plakette: So engagiert sich die ASG f\u00fcr den Artenschutz"},"content":{"rendered":"<p><img loading=\"lazy\" decoding=\"async\" class=\"size-medium wp-image-63919 alignleft\" src=\"https:\/\/www.europesays.com\/de\/wp-content\/uploads\/2025\/09\/Nabu3-scaled-e1756710345635-225x300.jpg\" alt=\"\" width=\"225\" height=\"300\"  \/><img loading=\"lazy\" decoding=\"async\" class=\"size-medium wp-image-63918 alignright\" src=\"https:\/\/www.europesays.com\/de\/wp-content\/uploads\/2025\/09\/Nabu4-225x300.jpg\" alt=\"\" width=\"225\" height=\"300\"  \/>Im Rahmen des Projekts \u201aGr\u00fcne Oase\u2018 hat eine ASG-Wohnanlage nun die NABU-Plakette \u201aSchwalbenfreundliches Haus\u2018 erhalten \u2013 ein weiterer Schritt im Einsatz f\u00fcr eine naturnahe Umgebung.<\/p>\n<p>Im Jahr 2021 startete Sven Berkowicz sein Projekt \u201eGr\u00fcne Oase \u2013 Renaturierungsfl\u00e4chen\u201c \u00a0in den G\u00e4rten der ASG-Wohnanlagen und bot damit unz\u00e4hligen Insekten die perfekte Oase zum Leben. Er ist Teamleiter des Baum- und Gartenpflegeteams der Grube &amp; R\u00e4ther GmbH (G&amp;R) \u2013 eine Tochtergesellschaft der Antoniter Siedlungsgesellschaft (ASG) im Evangelischen Kirchenverband K\u00f6ln und Region.<\/p>\n<p>Naturnah gestalteten Fl\u00e4chen<\/p>\n<p>Die naturnah gestalteten Fl\u00e4chen bieten zahlreichen Insekten geeigneten Lebensraum. Die naturnahen Fl\u00e4chen sind dabei nicht nur ein Paradies f\u00fcr Krabbeltiere, sondern auch ein Erlebnis f\u00fcr Gro\u00df und Klein: F\u00fcr Anwohnende, insbesondere Kinder, entsteht so die M\u00f6glichkeit, Natur aus n\u00e4chster N\u00e4he zu beobachten und \u00f6kologische Zusammenh\u00e4nge unmittelbar zu erleben.<\/p>\n<p>Seit kurzem wurde nun genau diese Umgebung um eine weitere Plakette erweitert: Die NABU-Plakette f\u00fcr ein \u201eSchwalbenfreundliches Haus\u201c wurde von Jana Romero und Lukas Steck an Sven Berkowicz \u00fcberreicht. Zuk\u00fcnftig sollen in der Anlage Schwalben ein neues Zuhause finden, indem k\u00fcnstliche Schwalbennester und Nistk\u00e4sten angebracht werden. In enger Zusammenarbeit mit der NABU will die Grube &amp; R\u00e4ther GmbH (G&amp;R) den Schwalben eine Chance bieten, sich wieder zu erholen.<\/p>\n<p><img loading=\"lazy\" decoding=\"async\" class=\"size-medium wp-image-63920 alignright\" src=\"https:\/\/www.europesays.com\/de\/wp-content\/uploads\/2025\/09\/NAbu2-225x300.jpg\" alt=\"\" width=\"225\" height=\"300\"  \/>Artenschutz am Geb\u00e4ude: So kann der Mensch helfen<\/p>\n<p>In Deutschland gelten mehrere Schwalbenarten \u2013 wie etwa die Rauchschwalbe oder die Mehlschwalbe \u2013 als gef\u00e4hrdet. Sie stehen auf der sogenannten \u201eRoten Liste\u201c, einem Verzeichnis bedrohter Tierarten, das aufzeigt, welche Arten im Bestand zur\u00fcckgehen oder vom Aussterben bedroht sind. Der Verlust von Lebensr\u00e4umen, fehlende Nistm\u00f6glichkeiten und ein R\u00fcckgang an Insekten als Nahrungsquelle machen den Tieren zu schaffen. Daher sind sie auf gezielte Unterst\u00fctzung durch den Menschen angewiesen \u2013 etwa durch das Anbringen von k\u00fcnstlichen Nestern, den Schutz bestehender Brutpl\u00e4tze oder durch eine insektenfreundliche Gestaltung der Umgebung.<\/p>\n<p>Sollten auch Sie Schwalben am Haus oder am Stall haben, k\u00f6nnen Sie sich ebenfalls beim NABU f\u00fcr die Plakette \u201eSchwalbenfreundliche Haus\u201c <a href=\"https:\/\/www.nabu.de\/tiere-und-pflanzen\/aktionen-und-projekte\/schwalbenfreundliches-haus\/22141.html\" rel=\"nofollow noopener\" target=\"_blank\">bewerben<\/a>.<\/p>\n<p>Grube &amp; R\u00e4ther GmbH (G&amp;R) \u2013 eine Tochtergesellschaft der Antoniter Siedlungsgesellschaft (ASG)<\/p>\n<p>Die Grube &amp; R\u00e4ther GmbH (G&amp;R) ist eine Tochtergesellschaft der <a href=\"https:\/\/www.antoniter.de\/\" rel=\"nofollow noopener\" target=\"_blank\">Antoniter Siedlungsgesellschaft (ASG)<\/a> und bietet seit 2009 umfassende Dienstleistungen rund um die Immobilie an \u2013 darunter Garten- und Baumpflege, Hausmeisterservice, Handwerkerdienste und Geb\u00e4udereinigung. Ihr Hauptsitz befindet sich in K\u00f6ln-Rath, wo ein professionelles Team aus G\u00e4rtnern, Handwerkern und Reinigungskr\u00e4ften t\u00e4tig ist. G&amp;R arbeitet nicht nur f\u00fcr die ASG, sondern bietet ihre Leistungen auch externen Partnern wie Kirchengemeinden an.<\/p>\n<p><a href=\"#\" rel=\"nofollow\" onclick=\"window.print(); return false;\" title=\"Printer Friendly, PDF &amp; Email\"><img decoding=\"async\" src=\"https:\/\/www.europesays.com\/de\/wp-content\/uploads\/2025\/04\/printfriendly-icon-lg.png\" alt=\"Print Friendly, PDF &amp; Email\" class=\"pf-button-img\" style=\"width: 25px;height: 25px;\"\/>Drucken<\/a><\/p>\n<p>Text: Sebastian Emer\/APK<br \/>Foto(s): Joyce Seide<\/p>\n","protected":false},"excerpt":{"rendered":"Im Rahmen des Projekts \u201aGr\u00fcne Oase\u2018 hat eine ASG-Wohnanlage nun die NABU-Plakette \u201aSchwalbenfreundliches Haus\u2018 erhalten \u2013 ein weiterer&hellip;\n","protected":false},"author":2,"featured_media":399932,"comment_status":"","ping_status":"","sticky":false,"template":"","format":"standard","meta":{"footnotes":""},"categories":[1828],"tags":[68211,106647,106648,106649,106650,29,43362,106651,30,106652,106653,47645,106654,1420,106655,106656,106657,106658,106659,106660,75421,106661,106662,1209,106663,106664,106665,106666,106667,106668,106669,106670,106671,106672],"class_list":{"0":"post-399931","1":"post","2":"type-post","3":"status-publish","4":"format-standard","5":"has-post-thumbnail","7":"category-koeln","8":"tag-antoniter-siedlungsgesellschaft","9":"tag-artenschutz-am-gebaeude","10":"tag-asg-koeln","11":"tag-baumpflege-koeln","12":"tag-biodiverses-wohnen","13":"tag-deutschland","14":"tag-evangelischer-kirchenverband-koeln","15":"tag-gartenpflege-koeln","16":"tag-germany","17":"tag-grube-raether","18":"tag-gruene-oase-projekt","19":"tag-insektenschutz","20":"tag-kirchliche-wohnungswirtschaft","21":"tag-koeln","22":"tag-kuenstliche-schwalbennester","23":"tag-lebensraum-fuer-schwalben","24":"tag-mehlschwalbe","25":"tag-nabu-auszeichnung","26":"tag-nabu-koeln","27":"tag-nabu-plakette","28":"tag-nachhaltige-stadtentwicklung","29":"tag-naturerlebnis-fuer-kinder","30":"tag-naturnahe-wohnanlagen","31":"tag-nordrhein-westfalen","32":"tag-oekologische-bauweise","33":"tag-oekologische-wohnumgebung","34":"tag-rauchschwalbe","35":"tag-renaturierungsflaechen","36":"tag-rote-liste-schwalben","37":"tag-schwalben-in-der-stadt","38":"tag-schwalbenfreundliches-haus","39":"tag-schwalbenhilfe","40":"tag-vogel-und-artenschutz","41":"tag-wohnungsbau-mit-naturschutz"},"share_on_mastodon":{"url":"","error":"Validation failed: Text character limit of 500 exceeded"},"_links":{"self":[{"href":"https:\/\/www.europesays.com\/de\/wp-json\/wp\/v2\/posts\/399931","targetHints":{"allow":["GET"]}}],"collection":[{"href":"https:\/\/www.europesays.com\/de\/wp-json\/wp\/v2\/posts"}],"about":[{"href":"https:\/\/www.europesays.com\/de\/wp-json\/wp\/v2\/types\/post"}],"author":[{"embeddable":true,"href":"https:\/\/www.europesays.com\/de\/wp-json\/wp\/v2\/users\/2"}],"replies":[{"embeddable":true,"href":"https:\/\/www.europesays.com\/de\/wp-json\/wp\/v2\/comments?post=399931"}],"version-history":[{"count":0,"href":"https:\/\/www.europesays.com\/de\/wp-json\/wp\/v2\/posts\/399931\/revisions"}],"wp:featuredmedia":[{"embeddable":true,"href":"https:\/\/www.europesays.com\/de\/wp-json\/wp\/v2\/media\/399932"}],"wp:attachment":[{"href":"https:\/\/www.europesays.com\/de\/wp-json\/wp\/v2\/media?parent=399931"}],"wp:term":[{"taxonomy":"category","embeddable":true,"href":"https:\/\/www.europesays.com\/de\/wp-json\/wp\/v2\/categories?post=399931"},{"taxonomy":"post_tag","embeddable":true,"href":"https:\/\/www.europesays.com\/de\/wp-json\/wp\/v2\/tags?post=399931"}],"curies":[{"name":"wp","href":"https:\/\/api.w.org\/{rel}","templated":true}]}}