{"id":399958,"date":"2025-09-05T23:15:12","date_gmt":"2025-09-05T23:15:12","guid":{"rendered":"https:\/\/www.europesays.com\/de\/399958\/"},"modified":"2025-09-05T23:15:12","modified_gmt":"2025-09-05T23:15:12","slug":"apple-von-autoren-wegen-verwendung-von-buechern-fuer-ki-training-verklagt-tradingview-news","status":"publish","type":"post","link":"https:\/\/www.europesays.com\/de\/399958\/","title":{"rendered":"Apple von Autoren wegen Verwendung von B\u00fcchern f\u00fcr KI-Training verklagt \u2014 TradingView News"},"content":{"rendered":"<p class=\"\">    Der Technologieriese Apple <a href=\"https:\/\/de.tradingview.com\/symbols\/NASDAQ-AAPL\/\" class=\"container-ekXxv5Y5 symbolTag-cwMMKgmm tag-zVPYJd3B xsmall-zVPYJd3B interactive-zVPYJd3B apply-overflow-tooltip apply-overflow-tooltip--allow-text apply-overflow-tooltip--check-children\" rel=\"nofollow noopener\" target=\"_blank\"><img decoding=\"async\" class=\"logo-PsAlMQQF xxxsmall-PsAlMQQF wrapper-TJ9ObuLF skeleton-PsAlMQQF\" crossorigin=\"\" src=\"https:\/\/s3-symbol-logo.tradingview.com\/apple.svg\" alt=\"\"\/>AAPL<\/a> wurde am Freitag in einer Klage von Autoren beschuldigt, ihre urheberrechtlich gesch\u00fctzten B\u00fccher illegal zum Training seiner k\u00fcnstlichen Intelligenzsysteme verwendet zu haben. Dies ist Teil eines sich ausweitenden Rechtsstreits \u00fcber den Schutz des geistigen Eigentums im Zeitalter der KI.<\/p>\n<p class=\"\">In der vorgeschlagenen Sammelklage (<a class=\"link-zw5jRdec icon-zw5jRdec\" target=\"_blank\" href=\"https:\/\/fingfx.thomsonreuters.com\/gfx\/legaldocs\/egpbqejrbvq\/Hendrix%20v%20Apple%2020250905.pdf\" rel=\"nofollow noopener\">link<\/a>), die bei einem Bundesgericht in Nordkalifornien eingereicht wurde, hei\u00dft es, Apple habe gesch\u00fctzte Werke ohne Zustimmung und ohne Anerkennung oder Entsch\u00e4digung kopiert.<\/p>\n<p class=\"\">&#8222;Apple hat nicht versucht, diese Autoren f\u00fcr ihre Beitr\u00e4ge zu diesem potenziell lukrativen Projekt zu bezahlen&#8220;, hei\u00dft es in der Klage, die von den Autoren Grady Hendrix und Jennifer Roberson eingereicht wurde. <\/p>\n<p class=\"\">Apple und die Anw\u00e4lte der Kl\u00e4ger reagierten am Freitag nicht sofort auf Bitten um eine Stellungnahme.<\/p>\n<p class=\"\">Die Klage ist die j\u00fcngste in einer Reihe von F\u00e4llen, in denen Autoren, Presseorgane und andere gro\u00dfe Technologieunternehmen beschuldigen, den rechtlichen Schutz ihrer Werke zu verletzen.<\/p>\n<p class=\"\">Das Startup-Unternehmen f\u00fcr k\u00fcnstliche Intelligenz Anthropic gab am Freitag in einer Gerichtsakte in Kalifornien bekannt, dass es zugestimmt hat, 1,5 Milliarden Dollar  zu zahlen, um eine Sammelklage einer Gruppe von Autoren beizulegen, die das Unternehmen beschuldigten, ihre B\u00fccher ohne Erlaubnis zum Training seines KI-Chatbots Claude verwendet zu haben.<\/p>\n<p class=\"\">Anthropic hat in der Vereinbarung, die von den Anw\u00e4lten der Kl\u00e4ger als die gr\u00f6\u00dfte \u00f6ffentlich gemeldete Wiedergutmachung von Urheberrechten in der Geschichte bezeichnet wurde, keinerlei Haftung zugegeben.<\/p>\n<p class=\"\">Im Juni wurde Microsoft <a href=\"https:\/\/de.tradingview.com\/symbols\/NASDAQ-MSFT\/\" class=\"container-ekXxv5Y5 symbolTag-cwMMKgmm tag-zVPYJd3B xsmall-zVPYJd3B interactive-zVPYJd3B apply-overflow-tooltip apply-overflow-tooltip--allow-text apply-overflow-tooltip--check-children\" rel=\"nofollow noopener\" target=\"_blank\"><img decoding=\"async\" class=\"logo-PsAlMQQF xxxsmall-PsAlMQQF wrapper-TJ9ObuLF skeleton-PsAlMQQF\" crossorigin=\"\" src=\"https:\/\/s3-symbol-logo.tradingview.com\/microsoft.svg\" alt=\"\"\/>MSFT<\/a> mit einer Klage  von einer Gruppe von Autoren konfrontiert, die behaupteten, das Unternehmen habe ihre B\u00fccher ohne Erlaubnis verwendet, um sein k\u00fcnstliches Intelligenzmodell Megatron zu trainieren. Meta Platforms <a href=\"https:\/\/de.tradingview.com\/symbols\/NASDAQ-META\/\" class=\"container-ekXxv5Y5 symbolTag-cwMMKgmm tag-zVPYJd3B xsmall-zVPYJd3B interactive-zVPYJd3B apply-overflow-tooltip apply-overflow-tooltip--allow-text apply-overflow-tooltip--check-children\" rel=\"nofollow noopener\" target=\"_blank\"><img decoding=\"async\" class=\"logo-PsAlMQQF xxxsmall-PsAlMQQF wrapper-TJ9ObuLF skeleton-PsAlMQQF\" crossorigin=\"\" src=\"https:\/\/s3-symbol-logo.tradingview.com\/meta-platforms.svg\" alt=\"\"\/>META<\/a> und das von Microsoft <a href=\"https:\/\/de.tradingview.com\/symbols\/NASDAQ-MSFT\/\" class=\"container-ekXxv5Y5 symbolTag-cwMMKgmm tag-zVPYJd3B xsmall-zVPYJd3B interactive-zVPYJd3B apply-overflow-tooltip apply-overflow-tooltip--allow-text apply-overflow-tooltip--check-children\" rel=\"nofollow noopener\" target=\"_blank\"><img decoding=\"async\" class=\"logo-PsAlMQQF xxxsmall-PsAlMQQF wrapper-TJ9ObuLF skeleton-PsAlMQQF\" crossorigin=\"\" src=\"https:\/\/s3-symbol-logo.tradingview.com\/microsoft.svg\" alt=\"\"\/>MSFT<\/a> unterst\u00fctzte Unternehmen OpenAI wurden ebenfalls wegen des angeblichen Missbrauchs von urheberrechtlich gesch\u00fctztem Material beim KI-Training verklagt.<\/p>\n<p class=\"\">In der Klage gegen Apple wird dem Unternehmen vorgeworfen, eine bekannte Anzahl raubkopierter B\u00fccher f\u00fcr das Training seiner gro\u00dfen Sprachmodelle &#8222;OpenELM&#8220; verwendet zu haben.<\/p>\n<p class=\"\">Hendrix, die in New York lebt, und Roberson in Arizona, sagten, ihre Werke seien Teil des raubkopierten Datensatzes, so die Klage.<\/p>\n","protected":false},"excerpt":{"rendered":"Der Technologieriese Apple AAPL wurde am Freitag in einer Klage von Autoren beschuldigt, ihre urheberrechtlich gesch\u00fctzten B\u00fccher illegal&hellip;\n","protected":false},"author":2,"featured_media":22982,"comment_status":"","ping_status":"","sticky":false,"template":"","format":"standard","meta":{"footnotes":""},"categories":[1774],"tags":[1784,1785,29,214,30,215],"class_list":{"0":"post-399958","1":"post","2":"type-post","3":"status-publish","4":"format-standard","5":"has-post-thumbnail","7":"category-buecher","8":"tag-books","9":"tag-buecher","10":"tag-deutschland","11":"tag-entertainment","12":"tag-germany","13":"tag-unterhaltung"},"share_on_mastodon":{"url":"","error":""},"_links":{"self":[{"href":"https:\/\/www.europesays.com\/de\/wp-json\/wp\/v2\/posts\/399958","targetHints":{"allow":["GET"]}}],"collection":[{"href":"https:\/\/www.europesays.com\/de\/wp-json\/wp\/v2\/posts"}],"about":[{"href":"https:\/\/www.europesays.com\/de\/wp-json\/wp\/v2\/types\/post"}],"author":[{"embeddable":true,"href":"https:\/\/www.europesays.com\/de\/wp-json\/wp\/v2\/users\/2"}],"replies":[{"embeddable":true,"href":"https:\/\/www.europesays.com\/de\/wp-json\/wp\/v2\/comments?post=399958"}],"version-history":[{"count":0,"href":"https:\/\/www.europesays.com\/de\/wp-json\/wp\/v2\/posts\/399958\/revisions"}],"wp:featuredmedia":[{"embeddable":true,"href":"https:\/\/www.europesays.com\/de\/wp-json\/wp\/v2\/media\/22982"}],"wp:attachment":[{"href":"https:\/\/www.europesays.com\/de\/wp-json\/wp\/v2\/media?parent=399958"}],"wp:term":[{"taxonomy":"category","embeddable":true,"href":"https:\/\/www.europesays.com\/de\/wp-json\/wp\/v2\/categories?post=399958"},{"taxonomy":"post_tag","embeddable":true,"href":"https:\/\/www.europesays.com\/de\/wp-json\/wp\/v2\/tags?post=399958"}],"curies":[{"name":"wp","href":"https:\/\/api.w.org\/{rel}","templated":true}]}}