{"id":399961,"date":"2025-09-05T23:17:39","date_gmt":"2025-09-05T23:17:39","guid":{"rendered":"https:\/\/www.europesays.com\/de\/399961\/"},"modified":"2025-09-05T23:17:39","modified_gmt":"2025-09-05T23:17:39","slug":"in-extremo-weckt-die-toten-festival-2026-metal-de","status":"publish","type":"post","link":"https:\/\/www.europesays.com\/de\/399961\/","title":{"rendered":"In Extremo &#8211; Weckt Die Toten! Festival 2026 \u2022 metal.de"},"content":{"rendered":"<p>                                <strong>Location:<\/strong> <strong itemprop=\"name\">Freilichtb\u00fchne Pei\u00dfnitz<\/strong>, <\/p>\n<p style=\"display: inline;\" itemprop=\"address\" itemscope=\"\" itemtype=\"http:\/\/schema.org\/PostalAddress\">Birkenallee &#8211; Pei\u00dfnitzinsel, 95126 Schwarzenbach An Der Saale, Deutschland<\/p>\n<p>Die Verr\u00fcckten sind auch 2026 wieder in der Stadt!<\/p>\n<p>Mit ihrem Sound aus modernem Rock und jahrhundertealten Einfl\u00fcssen haben <a href=\"https:\/\/www.metal.de\/bands\/in-extremo-97815\/\" rel=\"nofollow noopener\" target=\"_blank\">IN <\/a><a href=\"https:\/\/www.metal.de\/bands\/in-extremo-97815\/\" rel=\"nofollow noopener\" target=\"_blank\">EXTREMO<\/a> nicht nur ein eigenes Musikgenre gepr\u00e4gt, sondern sich auch zu einer der bekanntesten Mittelalter-Rockbands entwickelt, die seit drei turbulenten Dekaden ein globales Millionenpublikum in ihren Bann zieht.<\/p>\n<p>Nach sieben mit Edelmetall ausgezeichneten Alben haben die fest aufeinander eingeschworenen Spielleute auch dieses Jahr wieder die Festivals gerockt und Hallen zum Beben gebracht!<\/p>\n<p style=\"text-align: left;\">Doch jetzt ist die \u00dcberraschung perfekt: Nach dem mit 10.000 begeisterten Fans restlos ausverkauften Deb\u00fct im letzten Jahr kehren IN EXTREMO mit ihrem eigenen Open-Air-Festival und vielen Freunden wieder zur\u00fcck nach Sachsen-Anhalt! Mit ihrer spektakul\u00e4ren Live-Show, legend\u00e4rer Spielfreude und Gute-Laune-Garantie sind die charismatischen Schweren\u00f6ter und Freibeuter der Garant f\u00fcr einen unvergesslichen Tag.<\/p>\n<p style=\"text-align: left;\">Begleitet wird die Band unter anderem von <a href=\"https:\/\/www.metal.de\/bands\/subway-to-sally-103988\/\" rel=\"nofollow noopener\" target=\"_blank\">SUBWAY TO SALLY<\/a> und <a href=\"https:\/\/www.metal.de\/bands\/manntra-282597\/\" rel=\"nofollow noopener\" target=\"_blank\">MANNTRA<\/a>. Mit liebevoll kuratiertem Rahmenprogramm pr\u00e4sentiert die Band das WECKT DIE TOTEN! FESTIVAL 2026.<\/p>\n<p>Der Vorverkauf startet am 05.09.2025 um 12 Uhr im <a href=\"https:\/\/inextremo-tickets.de\/\" rel=\"nofollow noopener\" target=\"_blank\">In Extremo-Ticketshop<\/a> und bei <a href=\"http:\/\/www.eventim.de.\" rel=\"nofollow noopener\" target=\"_blank\">Eventim<\/a>. Ab dem 10.09.2025 gibt es die Tickets an allen bekannten VVK Stellen.<\/p>\n<p>Wir freuen uns, euch die Veranstaltung im Jahr 2026 pr\u00e4sentieren zu k\u00f6nnen.<\/p>\n<p>Billing <\/p>\n<ul>\n<li class=\"headliner\"><a href=\"https:\/\/www.metal.de\/bands\/in-extremo-97815\/\" rel=\"nofollow noopener\" target=\"_blank\">In Extremo<\/a> (Headliner)<\/li>\n<li><a href=\"https:\/\/www.metal.de\/bands\/eisbrecher-95440\/\" rel=\"nofollow noopener\" target=\"_blank\">Eisbrecher<\/a><\/li>\n<li><a href=\"https:\/\/www.metal.de\/bands\/subway-to-sally-103988\/\" rel=\"nofollow noopener\" target=\"_blank\">Subway To Sally<\/a><\/li>\n<li><a href=\"https:\/\/www.metal.de\/bands\/manntra-282597\/\" rel=\"nofollow noopener\" target=\"_blank\">Manntra<\/a><\/li>\n<li><a href=\"https:\/\/www.metal.de\/bands\/wind-rose-106395\/\" rel=\"nofollow noopener\" target=\"_blank\">Wind Rose<\/a><\/li>\n<\/ul>\n<p><img width=\"1080\" height=\"1350\" src=\"https:\/\/www.europesays.com\/de\/wp-content\/uploads\/2025\/09\/metal.de-praesentiert_20250904_123112_0000.png\" class=\"attachment-content_medium size-content_medium wp-post-image\" alt=\"\" decoding=\"async\" fetchpriority=\"high\"  \/><\/p>\n<p>                                <a class=\"gallery-teaser open\" id=\"gallery-583382\" data-link=\"https:\/\/www.metal.de\/bilder\/in-extremo-rockharz-open-air-2025-583382\/\" data-gallery=\"[{&quot;large&quot;:&quot;https:\\\/\\\/www.metal.de\\\/images\\\/2025\\\/07\\\/15\\\/rockharz-2025-in-extremo-016-900x600.jpg 900w&quot;,&quot;medium&quot;:&quot;https:\\\/\\\/www.metal.de\\\/images\\\/2025\\\/07\\\/15\\\/rockharz-2025-in-extremo-016-600x400.jpg 600w&quot;,&quot;small&quot;:&quot;https:\\\/\\\/www.metal.de\\\/images\\\/2025\\\/07\\\/15\\\/rockharz-2025-in-extremo-016-400x267.jpg 400w&quot;},{&quot;large&quot;:&quot;https:\\\/\\\/www.metal.de\\\/images\\\/2025\\\/07\\\/15\\\/rockharz-2025-in-extremo-006-900x600.jpg 900w&quot;,&quot;medium&quot;:&quot;https:\\\/\\\/www.metal.de\\\/images\\\/2025\\\/07\\\/15\\\/rockharz-2025-in-extremo-006-600x400.jpg 600w&quot;,&quot;small&quot;:&quot;https:\\\/\\\/www.metal.de\\\/images\\\/2025\\\/07\\\/15\\\/rockharz-2025-in-extremo-006-400x267.jpg 400w&quot;},{&quot;large&quot;:&quot;https:\\\/\\\/www.metal.de\\\/images\\\/2025\\\/07\\\/15\\\/rockharz-2025-in-extremo-007-900x600.jpg 900w&quot;,&quot;medium&quot;:&quot;https:\\\/\\\/www.metal.de\\\/images\\\/2025\\\/07\\\/15\\\/rockharz-2025-in-extremo-007-600x400.jpg 600w&quot;,&quot;small&quot;:&quot;https:\\\/\\\/www.metal.de\\\/images\\\/2025\\\/07\\\/15\\\/rockharz-2025-in-extremo-007-400x267.jpg 400w&quot;},{&quot;large&quot;:&quot;https:\\\/\\\/www.metal.de\\\/images\\\/2025\\\/07\\\/15\\\/rockharz-2025-in-extremo-001-900x600.jpg 900w&quot;,&quot;medium&quot;:&quot;https:\\\/\\\/www.metal.de\\\/images\\\/2025\\\/07\\\/15\\\/rockharz-2025-in-extremo-001-600x400.jpg 600w&quot;,&quot;small&quot;:&quot;https:\\\/\\\/www.metal.de\\\/images\\\/2025\\\/07\\\/15\\\/rockharz-2025-in-extremo-001-400x267.jpg 400w&quot;},{&quot;large&quot;:&quot;https:\\\/\\\/www.metal.de\\\/images\\\/2025\\\/07\\\/15\\\/rockharz-2025-in-extremo-002-900x1125.jpg 900w&quot;,&quot;medium&quot;:&quot;https:\\\/\\\/www.metal.de\\\/images\\\/2025\\\/07\\\/15\\\/rockharz-2025-in-extremo-002-600x750.jpg 600w&quot;,&quot;small&quot;:&quot;https:\\\/\\\/www.metal.de\\\/images\\\/2025\\\/07\\\/15\\\/rockharz-2025-in-extremo-002-400x500.jpg 400w&quot;},{&quot;large&quot;:&quot;https:\\\/\\\/www.metal.de\\\/images\\\/2025\\\/07\\\/15\\\/rockharz-2025-in-extremo-003-900x1125.jpg 900w&quot;,&quot;medium&quot;:&quot;https:\\\/\\\/www.metal.de\\\/images\\\/2025\\\/07\\\/15\\\/rockharz-2025-in-extremo-003-600x750.jpg 600w&quot;,&quot;small&quot;:&quot;https:\\\/\\\/www.metal.de\\\/images\\\/2025\\\/07\\\/15\\\/rockharz-2025-in-extremo-003-400x500.jpg 400w&quot;},{&quot;large&quot;:&quot;https:\\\/\\\/www.metal.de\\\/images\\\/2025\\\/07\\\/15\\\/rockharz-2025-in-extremo-004-900x600.jpg 900w&quot;,&quot;medium&quot;:&quot;https:\\\/\\\/www.metal.de\\\/images\\\/2025\\\/07\\\/15\\\/rockharz-2025-in-extremo-004-600x400.jpg 600w&quot;,&quot;small&quot;:&quot;https:\\\/\\\/www.metal.de\\\/images\\\/2025\\\/07\\\/15\\\/rockharz-2025-in-extremo-004-400x267.jpg 400w&quot;},{&quot;large&quot;:&quot;https:\\\/\\\/www.metal.de\\\/images\\\/2025\\\/07\\\/15\\\/rockharz-2025-in-extremo-005-900x600.jpg 900w&quot;,&quot;medium&quot;:&quot;https:\\\/\\\/www.metal.de\\\/images\\\/2025\\\/07\\\/15\\\/rockharz-2025-in-extremo-005-600x400.jpg 600w&quot;,&quot;small&quot;:&quot;https:\\\/\\\/www.metal.de\\\/images\\\/2025\\\/07\\\/15\\\/rockharz-2025-in-extremo-005-400x267.jpg 400w&quot;},{&quot;large&quot;:&quot;https:\\\/\\\/www.metal.de\\\/images\\\/2025\\\/07\\\/15\\\/rockharz-2025-in-extremo-008-900x600.jpg 900w&quot;,&quot;medium&quot;:&quot;https:\\\/\\\/www.metal.de\\\/images\\\/2025\\\/07\\\/15\\\/rockharz-2025-in-extremo-008-600x400.jpg 600w&quot;,&quot;small&quot;:&quot;https:\\\/\\\/www.metal.de\\\/images\\\/2025\\\/07\\\/15\\\/rockharz-2025-in-extremo-008-400x267.jpg 400w&quot;},{&quot;large&quot;:&quot;https:\\\/\\\/www.metal.de\\\/images\\\/2025\\\/07\\\/15\\\/rockharz-2025-in-extremo-009-900x600.jpg 900w&quot;,&quot;medium&quot;:&quot;https:\\\/\\\/www.metal.de\\\/images\\\/2025\\\/07\\\/15\\\/rockharz-2025-in-extremo-009-600x400.jpg 600w&quot;,&quot;small&quot;:&quot;https:\\\/\\\/www.metal.de\\\/images\\\/2025\\\/07\\\/15\\\/rockharz-2025-in-extremo-009-400x267.jpg 400w&quot;},{&quot;large&quot;:&quot;https:\\\/\\\/www.metal.de\\\/images\\\/2025\\\/07\\\/15\\\/rockharz-2025-in-extremo-010-900x1125.jpg 900w&quot;,&quot;medium&quot;:&quot;https:\\\/\\\/www.metal.de\\\/images\\\/2025\\\/07\\\/15\\\/rockharz-2025-in-extremo-010-600x750.jpg 600w&quot;,&quot;small&quot;:&quot;https:\\\/\\\/www.metal.de\\\/images\\\/2025\\\/07\\\/15\\\/rockharz-2025-in-extremo-010-400x500.jpg 400w&quot;},{&quot;large&quot;:&quot;https:\\\/\\\/www.metal.de\\\/images\\\/2025\\\/07\\\/15\\\/rockharz-2025-in-extremo-011-900x600.jpg 900w&quot;,&quot;medium&quot;:&quot;https:\\\/\\\/www.metal.de\\\/images\\\/2025\\\/07\\\/15\\\/rockharz-2025-in-extremo-011-600x400.jpg 600w&quot;,&quot;small&quot;:&quot;https:\\\/\\\/www.metal.de\\\/images\\\/2025\\\/07\\\/15\\\/rockharz-2025-in-extremo-011-400x267.jpg 400w&quot;},{&quot;large&quot;:&quot;https:\\\/\\\/www.metal.de\\\/images\\\/2025\\\/07\\\/15\\\/rockharz-2025-in-extremo-012-900x600.jpg 900w&quot;,&quot;medium&quot;:&quot;https:\\\/\\\/www.metal.de\\\/images\\\/2025\\\/07\\\/15\\\/rockharz-2025-in-extremo-012-600x400.jpg 600w&quot;,&quot;small&quot;:&quot;https:\\\/\\\/www.metal.de\\\/images\\\/2025\\\/07\\\/15\\\/rockharz-2025-in-extremo-012-400x267.jpg 400w&quot;},{&quot;large&quot;:&quot;https:\\\/\\\/www.metal.de\\\/images\\\/2025\\\/07\\\/15\\\/rockharz-2025-in-extremo-013-900x1125.jpg 900w&quot;,&quot;medium&quot;:&quot;https:\\\/\\\/www.metal.de\\\/images\\\/2025\\\/07\\\/15\\\/rockharz-2025-in-extremo-013-600x750.jpg 600w&quot;,&quot;small&quot;:&quot;https:\\\/\\\/www.metal.de\\\/images\\\/2025\\\/07\\\/15\\\/rockharz-2025-in-extremo-013-400x500.jpg 400w&quot;},{&quot;large&quot;:&quot;https:\\\/\\\/www.metal.de\\\/images\\\/2025\\\/07\\\/15\\\/rockharz-2025-in-extremo-014-900x600.jpg 900w&quot;,&quot;medium&quot;:&quot;https:\\\/\\\/www.metal.de\\\/images\\\/2025\\\/07\\\/15\\\/rockharz-2025-in-extremo-014-600x400.jpg 600w&quot;,&quot;small&quot;:&quot;https:\\\/\\\/www.metal.de\\\/images\\\/2025\\\/07\\\/15\\\/rockharz-2025-in-extremo-014-400x267.jpg 400w&quot;},{&quot;large&quot;:&quot;https:\\\/\\\/www.metal.de\\\/images\\\/2025\\\/07\\\/15\\\/rockharz-2025-in-extremo-015-900x600.jpg 900w&quot;,&quot;medium&quot;:&quot;https:\\\/\\\/www.metal.de\\\/images\\\/2025\\\/07\\\/15\\\/rockharz-2025-in-extremo-015-600x400.jpg 600w&quot;,&quot;small&quot;:&quot;https:\\\/\\\/www.metal.de\\\/images\\\/2025\\\/07\\\/15\\\/rockharz-2025-in-extremo-015-400x267.jpg 400w&quot;},{&quot;large&quot;:&quot;https:\\\/\\\/www.metal.de\\\/images\\\/2025\\\/07\\\/15\\\/rockharz-2025-in-extremo-017-900x600.jpg 900w&quot;,&quot;medium&quot;:&quot;https:\\\/\\\/www.metal.de\\\/images\\\/2025\\\/07\\\/15\\\/rockharz-2025-in-extremo-017-600x400.jpg 600w&quot;,&quot;small&quot;:&quot;https:\\\/\\\/www.metal.de\\\/images\\\/2025\\\/07\\\/15\\\/rockharz-2025-in-extremo-017-400x267.jpg 400w&quot;},{&quot;large&quot;:&quot;https:\\\/\\\/www.metal.de\\\/images\\\/2025\\\/07\\\/15\\\/rockharz-2025-in-extremo-018-900x600.jpg 900w&quot;,&quot;medium&quot;:&quot;https:\\\/\\\/www.metal.de\\\/images\\\/2025\\\/07\\\/15\\\/rockharz-2025-in-extremo-018-600x400.jpg 600w&quot;,&quot;small&quot;:&quot;https:\\\/\\\/www.metal.de\\\/images\\\/2025\\\/07\\\/15\\\/rockharz-2025-in-extremo-018-400x267.jpg 400w&quot;},{&quot;large&quot;:&quot;https:\\\/\\\/www.metal.de\\\/images\\\/2025\\\/07\\\/17\\\/rockharz-2025-in-extremo-041-af-900x600.jpg 900w&quot;,&quot;medium&quot;:&quot;https:\\\/\\\/www.metal.de\\\/images\\\/2025\\\/07\\\/17\\\/rockharz-2025-in-extremo-041-af-600x400.jpg 600w&quot;,&quot;small&quot;:&quot;https:\\\/\\\/www.metal.de\\\/images\\\/2025\\\/07\\\/17\\\/rockharz-2025-in-extremo-041-af-400x267.jpg 400w&quot;},{&quot;large&quot;:&quot;https:\\\/\\\/www.metal.de\\\/images\\\/2025\\\/07\\\/17\\\/rockharz-2025-in-extremo-037-af-900x600.jpg 900w&quot;,&quot;medium&quot;:&quot;https:\\\/\\\/www.metal.de\\\/images\\\/2025\\\/07\\\/17\\\/rockharz-2025-in-extremo-037-af-600x400.jpg 600w&quot;,&quot;small&quot;:&quot;https:\\\/\\\/www.metal.de\\\/images\\\/2025\\\/07\\\/17\\\/rockharz-2025-in-extremo-037-af-400x267.jpg 400w&quot;},{&quot;large&quot;:&quot;https:\\\/\\\/www.metal.de\\\/images\\\/2025\\\/07\\\/17\\\/rockharz-2025-in-extremo-027-af-900x600.jpg 900w&quot;,&quot;medium&quot;:&quot;https:\\\/\\\/www.metal.de\\\/images\\\/2025\\\/07\\\/17\\\/rockharz-2025-in-extremo-027-af-600x400.jpg 600w&quot;,&quot;small&quot;:&quot;https:\\\/\\\/www.metal.de\\\/images\\\/2025\\\/07\\\/17\\\/rockharz-2025-in-extremo-027-af-400x267.jpg 400w&quot;},{&quot;large&quot;:&quot;https:\\\/\\\/www.metal.de\\\/images\\\/2025\\\/07\\\/17\\\/rockharz-2025-in-extremo-016-af-900x600.jpg 900w&quot;,&quot;medium&quot;:&quot;https:\\\/\\\/www.metal.de\\\/images\\\/2025\\\/07\\\/17\\\/rockharz-2025-in-extremo-016-af-600x400.jpg 600w&quot;,&quot;small&quot;:&quot;https:\\\/\\\/www.metal.de\\\/images\\\/2025\\\/07\\\/17\\\/rockharz-2025-in-extremo-016-af-400x267.jpg 400w&quot;},{&quot;large&quot;:&quot;https:\\\/\\\/www.metal.de\\\/images\\\/2025\\\/07\\\/17\\\/rockharz-2025-in-extremo-013-af-900x600.jpg 900w&quot;,&quot;medium&quot;:&quot;https:\\\/\\\/www.metal.de\\\/images\\\/2025\\\/07\\\/17\\\/rockharz-2025-in-extremo-013-af-600x400.jpg 600w&quot;,&quot;small&quot;:&quot;https:\\\/\\\/www.metal.de\\\/images\\\/2025\\\/07\\\/17\\\/rockharz-2025-in-extremo-013-af-400x267.jpg 400w&quot;},{&quot;large&quot;:&quot;https:\\\/\\\/www.metal.de\\\/images\\\/2025\\\/07\\\/17\\\/rockharz-2025-in-extremo-023-af-900x600.jpg 900w&quot;,&quot;medium&quot;:&quot;https:\\\/\\\/www.metal.de\\\/images\\\/2025\\\/07\\\/17\\\/rockharz-2025-in-extremo-023-af-600x400.jpg 600w&quot;,&quot;small&quot;:&quot;https:\\\/\\\/www.metal.de\\\/images\\\/2025\\\/07\\\/17\\\/rockharz-2025-in-extremo-023-af-400x267.jpg 400w&quot;}]\" href=\"https:\/\/www.metal.de\/bilder\/in-extremo-rockharz-open-air-2025-583382\/\" data-category=\"Galerie im Artikel\" data-action=\"Galerie \u00f6ffnen\" data-label=\"In Extremo - Weckt Die Toten! Festival 2026 \u2022 metal.de (Artikel-ID: 592741, Galerie-ID: 583382)\" rel=\"nofollow noopener\" target=\"_blank\"><strong class=\"gallery-info\">Galerie mit 24 Bildern: In Extremo &#8211; Rockharz Open Air 2025<\/strong><img width=\"150\" height=\"100\" src=\"https:\/\/www.europesays.com\/de\/wp-content\/uploads\/2025\/09\/rockharz-2025-in-extremo-016-150x100.jpg\" class=\"attachment-article_teaser_small size-article_teaser_small\" alt=\"Konzertfoto von In Extremo - Rockharz Open Air 2025\" decoding=\"async\" loading=\"lazy\"  \/><img width=\"150\" height=\"100\" src=\"https:\/\/www.europesays.com\/de\/wp-content\/uploads\/2025\/09\/rockharz-2025-in-extremo-006-150x100.jpg\" class=\"attachment-article_teaser_small size-article_teaser_small\" alt=\"Konzertfoto von In Extremo - Rockharz Open Air 2025\" decoding=\"async\" loading=\"lazy\"  \/><img width=\"150\" height=\"100\" src=\"https:\/\/www.europesays.com\/de\/wp-content\/uploads\/2025\/09\/rockharz-2025-in-extremo-007-150x100.jpg\" class=\"attachment-article_teaser_small size-article_teaser_small\" alt=\"Konzertfoto von In Extremo - Rockharz Open Air 2025\" decoding=\"async\" loading=\"lazy\"  \/><\/a><a class=\"gallery-teaser\" id=\"gallery-587212\" data-link=\"https:\/\/www.metal.de\/bilder\/in-extremo-summer-breeze-open-air-2025-587212\/\" data-gallery=\"[{&quot;large&quot;:&quot;https:\\\/\\\/www.metal.de\\\/images\\\/2025\\\/08\\\/20\\\/summer-breeze-2025-in-extremo-STE_0157--900x599.jpg 900w&quot;,&quot;medium&quot;:&quot;https:\\\/\\\/www.metal.de\\\/images\\\/2025\\\/08\\\/20\\\/summer-breeze-2025-in-extremo-STE_0157--600x399.jpg 600w&quot;,&quot;small&quot;:&quot;https:\\\/\\\/www.metal.de\\\/images\\\/2025\\\/08\\\/20\\\/summer-breeze-2025-in-extremo-STE_0157--400x266.jpg 400w&quot;},{&quot;large&quot;:&quot;https:\\\/\\\/www.metal.de\\\/images\\\/2025\\\/08\\\/20\\\/summer-breeze-2025-in-extremo-STE_0195--900x599.jpg 900w&quot;,&quot;medium&quot;:&quot;https:\\\/\\\/www.metal.de\\\/images\\\/2025\\\/08\\\/20\\\/summer-breeze-2025-in-extremo-STE_0195--600x399.jpg 600w&quot;,&quot;small&quot;:&quot;https:\\\/\\\/www.metal.de\\\/images\\\/2025\\\/08\\\/20\\\/summer-breeze-2025-in-extremo-STE_0195--400x266.jpg 400w&quot;},{&quot;large&quot;:&quot;https:\\\/\\\/www.metal.de\\\/images\\\/2025\\\/08\\\/20\\\/summer-breeze-2025-in-extremo-STE_0164--900x599.jpg 900w&quot;,&quot;medium&quot;:&quot;https:\\\/\\\/www.metal.de\\\/images\\\/2025\\\/08\\\/20\\\/summer-breeze-2025-in-extremo-STE_0164--600x399.jpg 600w&quot;,&quot;small&quot;:&quot;https:\\\/\\\/www.metal.de\\\/images\\\/2025\\\/08\\\/20\\\/summer-breeze-2025-in-extremo-STE_0164--400x266.jpg 400w&quot;},{&quot;large&quot;:&quot;https:\\\/\\\/www.metal.de\\\/images\\\/2025\\\/08\\\/20\\\/summer-breeze-2025-in-extremo-STE_0189--900x599.jpg 900w&quot;,&quot;medium&quot;:&quot;https:\\\/\\\/www.metal.de\\\/images\\\/2025\\\/08\\\/20\\\/summer-breeze-2025-in-extremo-STE_0189--600x399.jpg 600w&quot;,&quot;small&quot;:&quot;https:\\\/\\\/www.metal.de\\\/images\\\/2025\\\/08\\\/20\\\/summer-breeze-2025-in-extremo-STE_0189--400x266.jpg 400w&quot;},{&quot;large&quot;:&quot;https:\\\/\\\/www.metal.de\\\/images\\\/2025\\\/08\\\/20\\\/summer-breeze-2025-in-extremo-STE_0158--900x599.jpg 900w&quot;,&quot;medium&quot;:&quot;https:\\\/\\\/www.metal.de\\\/images\\\/2025\\\/08\\\/20\\\/summer-breeze-2025-in-extremo-STE_0158--600x399.jpg 600w&quot;,&quot;small&quot;:&quot;https:\\\/\\\/www.metal.de\\\/images\\\/2025\\\/08\\\/20\\\/summer-breeze-2025-in-extremo-STE_0158--400x266.jpg 400w&quot;},{&quot;large&quot;:&quot;https:\\\/\\\/www.metal.de\\\/images\\\/2025\\\/08\\\/20\\\/summer-breeze-2025-in-extremo-STE_0174--900x1125.jpg 900w&quot;,&quot;medium&quot;:&quot;https:\\\/\\\/www.metal.de\\\/images\\\/2025\\\/08\\\/20\\\/summer-breeze-2025-in-extremo-STE_0174--600x750.jpg 600w&quot;,&quot;small&quot;:&quot;https:\\\/\\\/www.metal.de\\\/images\\\/2025\\\/08\\\/20\\\/summer-breeze-2025-in-extremo-STE_0174--400x500.jpg 400w&quot;},{&quot;large&quot;:&quot;https:\\\/\\\/www.metal.de\\\/images\\\/2025\\\/08\\\/20\\\/summer-breeze-2025-in-extremo-STE_0194--900x599.jpg 900w&quot;,&quot;medium&quot;:&quot;https:\\\/\\\/www.metal.de\\\/images\\\/2025\\\/08\\\/20\\\/summer-breeze-2025-in-extremo-STE_0194--600x399.jpg 600w&quot;,&quot;small&quot;:&quot;https:\\\/\\\/www.metal.de\\\/images\\\/2025\\\/08\\\/20\\\/summer-breeze-2025-in-extremo-STE_0194--400x266.jpg 400w&quot;},{&quot;large&quot;:&quot;https:\\\/\\\/www.metal.de\\\/images\\\/2025\\\/08\\\/20\\\/summer-breeze-2025-in-extremo-STE_0182--900x1125.jpg 900w&quot;,&quot;medium&quot;:&quot;https:\\\/\\\/www.metal.de\\\/images\\\/2025\\\/08\\\/20\\\/summer-breeze-2025-in-extremo-STE_0182--600x750.jpg 600w&quot;,&quot;small&quot;:&quot;https:\\\/\\\/www.metal.de\\\/images\\\/2025\\\/08\\\/20\\\/summer-breeze-2025-in-extremo-STE_0182--400x500.jpg 400w&quot;},{&quot;large&quot;:&quot;https:\\\/\\\/www.metal.de\\\/images\\\/2025\\\/08\\\/20\\\/summer-breeze-2025-in-extremo-STE_0162--900x599.jpg 900w&quot;,&quot;medium&quot;:&quot;https:\\\/\\\/www.metal.de\\\/images\\\/2025\\\/08\\\/20\\\/summer-breeze-2025-in-extremo-STE_0162--600x399.jpg 600w&quot;,&quot;small&quot;:&quot;https:\\\/\\\/www.metal.de\\\/images\\\/2025\\\/08\\\/20\\\/summer-breeze-2025-in-extremo-STE_0162--400x266.jpg 400w&quot;},{&quot;large&quot;:&quot;https:\\\/\\\/www.metal.de\\\/images\\\/2025\\\/08\\\/20\\\/summer-breeze-2025-in-extremo-STE_0166--900x720.jpg 900w&quot;,&quot;medium&quot;:&quot;https:\\\/\\\/www.metal.de\\\/images\\\/2025\\\/08\\\/20\\\/summer-breeze-2025-in-extremo-STE_0166--600x480.jpg 600w&quot;,&quot;small&quot;:&quot;https:\\\/\\\/www.metal.de\\\/images\\\/2025\\\/08\\\/20\\\/summer-breeze-2025-in-extremo-STE_0166--400x320.jpg 400w&quot;},{&quot;large&quot;:&quot;https:\\\/\\\/www.metal.de\\\/images\\\/2025\\\/08\\\/20\\\/summer-breeze-2025-in-extremo-STE_0168--900x599.jpg 900w&quot;,&quot;medium&quot;:&quot;https:\\\/\\\/www.metal.de\\\/images\\\/2025\\\/08\\\/20\\\/summer-breeze-2025-in-extremo-STE_0168--600x399.jpg 600w&quot;,&quot;small&quot;:&quot;https:\\\/\\\/www.metal.de\\\/images\\\/2025\\\/08\\\/20\\\/summer-breeze-2025-in-extremo-STE_0168--400x266.jpg 400w&quot;},{&quot;large&quot;:&quot;https:\\\/\\\/www.metal.de\\\/images\\\/2025\\\/08\\\/20\\\/summer-breeze-2025-in-extremo-STE_0173--900x1125.jpg 900w&quot;,&quot;medium&quot;:&quot;https:\\\/\\\/www.metal.de\\\/images\\\/2025\\\/08\\\/20\\\/summer-breeze-2025-in-extremo-STE_0173--600x750.jpg 600w&quot;,&quot;small&quot;:&quot;https:\\\/\\\/www.metal.de\\\/images\\\/2025\\\/08\\\/20\\\/summer-breeze-2025-in-extremo-STE_0173--400x500.jpg 400w&quot;},{&quot;large&quot;:&quot;https:\\\/\\\/www.metal.de\\\/images\\\/2025\\\/08\\\/20\\\/summer-breeze-2025-in-extremo-STE_0183--900x1125.jpg 900w&quot;,&quot;medium&quot;:&quot;https:\\\/\\\/www.metal.de\\\/images\\\/2025\\\/08\\\/20\\\/summer-breeze-2025-in-extremo-STE_0183--600x750.jpg 600w&quot;,&quot;small&quot;:&quot;https:\\\/\\\/www.metal.de\\\/images\\\/2025\\\/08\\\/20\\\/summer-breeze-2025-in-extremo-STE_0183--400x500.jpg 400w&quot;},{&quot;large&quot;:&quot;https:\\\/\\\/www.metal.de\\\/images\\\/2025\\\/08\\\/20\\\/summer-breeze-2025-in-extremo-STE_0190--900x720.jpg 900w&quot;,&quot;medium&quot;:&quot;https:\\\/\\\/www.metal.de\\\/images\\\/2025\\\/08\\\/20\\\/summer-breeze-2025-in-extremo-STE_0190--600x480.jpg 600w&quot;,&quot;small&quot;:&quot;https:\\\/\\\/www.metal.de\\\/images\\\/2025\\\/08\\\/20\\\/summer-breeze-2025-in-extremo-STE_0190--400x320.jpg 400w&quot;},{&quot;large&quot;:&quot;https:\\\/\\\/www.metal.de\\\/images\\\/2025\\\/08\\\/20\\\/summer-breeze-2025-in-extremo-STE_0196--900x720.jpg 900w&quot;,&quot;medium&quot;:&quot;https:\\\/\\\/www.metal.de\\\/images\\\/2025\\\/08\\\/20\\\/summer-breeze-2025-in-extremo-STE_0196--600x480.jpg 600w&quot;,&quot;small&quot;:&quot;https:\\\/\\\/www.metal.de\\\/images\\\/2025\\\/08\\\/20\\\/summer-breeze-2025-in-extremo-STE_0196--400x320.jpg 400w&quot;},{&quot;large&quot;:&quot;https:\\\/\\\/www.metal.de\\\/images\\\/2025\\\/08\\\/20\\\/summer-breeze-2025-in-extremo-STL_1030--900x599.jpg 900w&quot;,&quot;medium&quot;:&quot;https:\\\/\\\/www.metal.de\\\/images\\\/2025\\\/08\\\/20\\\/summer-breeze-2025-in-extremo-STL_1030--600x399.jpg 600w&quot;,&quot;small&quot;:&quot;https:\\\/\\\/www.metal.de\\\/images\\\/2025\\\/08\\\/20\\\/summer-breeze-2025-in-extremo-STL_1030--400x266.jpg 400w&quot;},{&quot;large&quot;:&quot;https:\\\/\\\/www.metal.de\\\/images\\\/2025\\\/08\\\/20\\\/summer-breeze-2025-in-extremo-STL_1043--900x599.jpg 900w&quot;,&quot;medium&quot;:&quot;https:\\\/\\\/www.metal.de\\\/images\\\/2025\\\/08\\\/20\\\/summer-breeze-2025-in-extremo-STL_1043--600x399.jpg 600w&quot;,&quot;small&quot;:&quot;https:\\\/\\\/www.metal.de\\\/images\\\/2025\\\/08\\\/20\\\/summer-breeze-2025-in-extremo-STL_1043--400x266.jpg 400w&quot;},{&quot;large&quot;:&quot;https:\\\/\\\/www.metal.de\\\/images\\\/2025\\\/08\\\/20\\\/summer-breeze-2025-in-extremo-STL_1051--900x599.jpg 900w&quot;,&quot;medium&quot;:&quot;https:\\\/\\\/www.metal.de\\\/images\\\/2025\\\/08\\\/20\\\/summer-breeze-2025-in-extremo-STL_1051--600x399.jpg 600w&quot;,&quot;small&quot;:&quot;https:\\\/\\\/www.metal.de\\\/images\\\/2025\\\/08\\\/20\\\/summer-breeze-2025-in-extremo-STL_1051--400x266.jpg 400w&quot;},{&quot;large&quot;:&quot;https:\\\/\\\/www.metal.de\\\/images\\\/2025\\\/08\\\/20\\\/summer-breeze-2025-in-extremo-STE_0203--900x599.jpg 900w&quot;,&quot;medium&quot;:&quot;https:\\\/\\\/www.metal.de\\\/images\\\/2025\\\/08\\\/20\\\/summer-breeze-2025-in-extremo-STE_0203--600x399.jpg 600w&quot;,&quot;small&quot;:&quot;https:\\\/\\\/www.metal.de\\\/images\\\/2025\\\/08\\\/20\\\/summer-breeze-2025-in-extremo-STE_0203--400x266.jpg 400w&quot;}]\" href=\"https:\/\/www.metal.de\/bilder\/in-extremo-summer-breeze-open-air-2025-587212\/\" data-category=\"Galerie im Artikel\" data-action=\"Galerie \u00f6ffnen\" data-label=\"In Extremo - Weckt Die Toten! Festival 2026 \u2022 metal.de (Artikel-ID: 592741, Galerie-ID: 587212)\" rel=\"nofollow noopener\" target=\"_blank\"><strong class=\"gallery-info\">Galerie mit 19 Bildern: In Extremo &#8211; Summer Breeze Open Air 2025<\/strong><img width=\"150\" height=\"100\" src=\"https:\/\/www.europesays.com\/de\/wp-content\/uploads\/2025\/09\/summer-breeze-2025-in-extremo-STE_0157--150x100.jpg\" class=\"attachment-article_teaser_small size-article_teaser_small\" alt=\"Kontertfoto von In Extremo - Summer Breeze Open Air 2025\" decoding=\"async\" loading=\"lazy\"  \/><img width=\"150\" height=\"100\" src=\"https:\/\/www.europesays.com\/de\/wp-content\/uploads\/2025\/09\/summer-breeze-2025-in-extremo-STE_0195--150x100.jpg\" class=\"attachment-article_teaser_small size-article_teaser_small\" alt=\"Kontertfoto von In Extremo - Summer Breeze Open Air 2025\" decoding=\"async\" loading=\"lazy\"  \/><img width=\"150\" height=\"100\" src=\"https:\/\/www.europesays.com\/de\/wp-content\/uploads\/2025\/09\/summer-breeze-2025-in-extremo-STE_0164--150x100.jpg\" class=\"attachment-article_teaser_small size-article_teaser_small\" alt=\"Kontertfoto von In Extremo - Summer Breeze Open Air 2025\" decoding=\"async\" loading=\"lazy\"  \/><\/a><a class=\"gallery-teaser\" id=\"gallery-590159\" data-link=\"https:\/\/www.metal.de\/bilder\/wind-rose-summer-breeze-open-air-2025-590159\/\" data-gallery=\"[{&quot;large&quot;:&quot;https:\\\/\\\/www.metal.de\\\/images\\\/2025\\\/08\\\/25\\\/summer-breeze-2025-wind-rose-2761-tvs-900x600.jpg 900w&quot;,&quot;medium&quot;:&quot;https:\\\/\\\/www.metal.de\\\/images\\\/2025\\\/08\\\/25\\\/summer-breeze-2025-wind-rose-2761-tvs-600x400.jpg 600w&quot;,&quot;small&quot;:&quot;https:\\\/\\\/www.metal.de\\\/images\\\/2025\\\/08\\\/25\\\/summer-breeze-2025-wind-rose-2761-tvs-400x267.jpg 400w&quot;},{&quot;large&quot;:&quot;https:\\\/\\\/www.metal.de\\\/images\\\/2025\\\/08\\\/25\\\/summer-breeze-2025-wind-rose-2750-tvs-900x600.jpg 900w&quot;,&quot;medium&quot;:&quot;https:\\\/\\\/www.metal.de\\\/images\\\/2025\\\/08\\\/25\\\/summer-breeze-2025-wind-rose-2750-tvs-600x400.jpg 600w&quot;,&quot;small&quot;:&quot;https:\\\/\\\/www.metal.de\\\/images\\\/2025\\\/08\\\/25\\\/summer-breeze-2025-wind-rose-2750-tvs-400x267.jpg 400w&quot;},{&quot;large&quot;:&quot;https:\\\/\\\/www.metal.de\\\/images\\\/2025\\\/08\\\/25\\\/summer-breeze-2025-wind-rose-2741-tvs-900x600.jpg 900w&quot;,&quot;medium&quot;:&quot;https:\\\/\\\/www.metal.de\\\/images\\\/2025\\\/08\\\/25\\\/summer-breeze-2025-wind-rose-2741-tvs-600x400.jpg 600w&quot;,&quot;small&quot;:&quot;https:\\\/\\\/www.metal.de\\\/images\\\/2025\\\/08\\\/25\\\/summer-breeze-2025-wind-rose-2741-tvs-400x267.jpg 400w&quot;},{&quot;large&quot;:&quot;https:\\\/\\\/www.metal.de\\\/images\\\/2025\\\/08\\\/25\\\/summer-breeze-2025-wind-rose-2766-tvs-900x600.jpg 900w&quot;,&quot;medium&quot;:&quot;https:\\\/\\\/www.metal.de\\\/images\\\/2025\\\/08\\\/25\\\/summer-breeze-2025-wind-rose-2766-tvs-600x400.jpg 600w&quot;,&quot;small&quot;:&quot;https:\\\/\\\/www.metal.de\\\/images\\\/2025\\\/08\\\/25\\\/summer-breeze-2025-wind-rose-2766-tvs-400x267.jpg 400w&quot;},{&quot;large&quot;:&quot;https:\\\/\\\/www.metal.de\\\/images\\\/2025\\\/08\\\/25\\\/summer-breeze-2025-wind-rose-2777-tvs-900x600.jpg 900w&quot;,&quot;medium&quot;:&quot;https:\\\/\\\/www.metal.de\\\/images\\\/2025\\\/08\\\/25\\\/summer-breeze-2025-wind-rose-2777-tvs-600x400.jpg 600w&quot;,&quot;small&quot;:&quot;https:\\\/\\\/www.metal.de\\\/images\\\/2025\\\/08\\\/25\\\/summer-breeze-2025-wind-rose-2777-tvs-400x267.jpg 400w&quot;},{&quot;large&quot;:&quot;https:\\\/\\\/www.metal.de\\\/images\\\/2025\\\/08\\\/25\\\/summer-breeze-2025-wind-rose-2609-tvs-900x600.jpg 900w&quot;,&quot;medium&quot;:&quot;https:\\\/\\\/www.metal.de\\\/images\\\/2025\\\/08\\\/25\\\/summer-breeze-2025-wind-rose-2609-tvs-600x400.jpg 600w&quot;,&quot;small&quot;:&quot;https:\\\/\\\/www.metal.de\\\/images\\\/2025\\\/08\\\/25\\\/summer-breeze-2025-wind-rose-2609-tvs-400x267.jpg 400w&quot;},{&quot;large&quot;:&quot;https:\\\/\\\/www.metal.de\\\/images\\\/2025\\\/08\\\/25\\\/summer-breeze-2025-wind-rose-2778-tvs-900x600.jpg 900w&quot;,&quot;medium&quot;:&quot;https:\\\/\\\/www.metal.de\\\/images\\\/2025\\\/08\\\/25\\\/summer-breeze-2025-wind-rose-2778-tvs-600x400.jpg 600w&quot;,&quot;small&quot;:&quot;https:\\\/\\\/www.metal.de\\\/images\\\/2025\\\/08\\\/25\\\/summer-breeze-2025-wind-rose-2778-tvs-400x267.jpg 400w&quot;},{&quot;large&quot;:&quot;https:\\\/\\\/www.metal.de\\\/images\\\/2025\\\/08\\\/25\\\/summer-breeze-2025-omnium-gatherum-2598-tvs-900x600.jpg 900w&quot;,&quot;medium&quot;:&quot;https:\\\/\\\/www.metal.de\\\/images\\\/2025\\\/08\\\/25\\\/summer-breeze-2025-omnium-gatherum-2598-tvs-600x400.jpg 600w&quot;,&quot;small&quot;:&quot;https:\\\/\\\/www.metal.de\\\/images\\\/2025\\\/08\\\/25\\\/summer-breeze-2025-omnium-gatherum-2598-tvs-400x267.jpg 400w&quot;},{&quot;large&quot;:&quot;https:\\\/\\\/www.metal.de\\\/images\\\/2025\\\/08\\\/25\\\/summer-breeze-2025-wind-rose-2724-tvs-900x600.jpg 900w&quot;,&quot;medium&quot;:&quot;https:\\\/\\\/www.metal.de\\\/images\\\/2025\\\/08\\\/25\\\/summer-breeze-2025-wind-rose-2724-tvs-600x400.jpg 600w&quot;,&quot;small&quot;:&quot;https:\\\/\\\/www.metal.de\\\/images\\\/2025\\\/08\\\/25\\\/summer-breeze-2025-wind-rose-2724-tvs-400x267.jpg 400w&quot;},{&quot;large&quot;:&quot;https:\\\/\\\/www.metal.de\\\/images\\\/2025\\\/08\\\/25\\\/summer-breeze-2025-wind-rose-2841-tvs-900x600.jpg 900w&quot;,&quot;medium&quot;:&quot;https:\\\/\\\/www.metal.de\\\/images\\\/2025\\\/08\\\/25\\\/summer-breeze-2025-wind-rose-2841-tvs-600x400.jpg 600w&quot;,&quot;small&quot;:&quot;https:\\\/\\\/www.metal.de\\\/images\\\/2025\\\/08\\\/25\\\/summer-breeze-2025-wind-rose-2841-tvs-400x267.jpg 400w&quot;},{&quot;large&quot;:&quot;https:\\\/\\\/www.metal.de\\\/images\\\/2025\\\/08\\\/25\\\/summer-breeze-2025-wind-rose-2819-tvs-900x600.jpg 900w&quot;,&quot;medium&quot;:&quot;https:\\\/\\\/www.metal.de\\\/images\\\/2025\\\/08\\\/25\\\/summer-breeze-2025-wind-rose-2819-tvs-600x400.jpg 600w&quot;,&quot;small&quot;:&quot;https:\\\/\\\/www.metal.de\\\/images\\\/2025\\\/08\\\/25\\\/summer-breeze-2025-wind-rose-2819-tvs-400x267.jpg 400w&quot;},{&quot;large&quot;:&quot;https:\\\/\\\/www.metal.de\\\/images\\\/2025\\\/08\\\/25\\\/summer-breeze-2025-wind-rose-2623-tvs-900x600.jpg 900w&quot;,&quot;medium&quot;:&quot;https:\\\/\\\/www.metal.de\\\/images\\\/2025\\\/08\\\/25\\\/summer-breeze-2025-wind-rose-2623-tvs-600x400.jpg 600w&quot;,&quot;small&quot;:&quot;https:\\\/\\\/www.metal.de\\\/images\\\/2025\\\/08\\\/25\\\/summer-breeze-2025-wind-rose-2623-tvs-400x267.jpg 400w&quot;},{&quot;large&quot;:&quot;https:\\\/\\\/www.metal.de\\\/images\\\/2025\\\/08\\\/25\\\/summer-breeze-2025-wind-rose-2734-tvs-900x600.jpg 900w&quot;,&quot;medium&quot;:&quot;https:\\\/\\\/www.metal.de\\\/images\\\/2025\\\/08\\\/25\\\/summer-breeze-2025-wind-rose-2734-tvs-600x400.jpg 600w&quot;,&quot;small&quot;:&quot;https:\\\/\\\/www.metal.de\\\/images\\\/2025\\\/08\\\/25\\\/summer-breeze-2025-wind-rose-2734-tvs-400x267.jpg 400w&quot;},{&quot;large&quot;:&quot;https:\\\/\\\/www.metal.de\\\/images\\\/2025\\\/08\\\/25\\\/summer-breeze-2025-wind-rose-2598-tvs-900x600.jpg 900w&quot;,&quot;medium&quot;:&quot;https:\\\/\\\/www.metal.de\\\/images\\\/2025\\\/08\\\/25\\\/summer-breeze-2025-wind-rose-2598-tvs-600x400.jpg 600w&quot;,&quot;small&quot;:&quot;https:\\\/\\\/www.metal.de\\\/images\\\/2025\\\/08\\\/25\\\/summer-breeze-2025-wind-rose-2598-tvs-400x267.jpg 400w&quot;},{&quot;large&quot;:&quot;https:\\\/\\\/www.metal.de\\\/images\\\/2025\\\/08\\\/25\\\/summer-breeze-2025-wind-rose-2788-tvs-900x600.jpg 900w&quot;,&quot;medium&quot;:&quot;https:\\\/\\\/www.metal.de\\\/images\\\/2025\\\/08\\\/25\\\/summer-breeze-2025-wind-rose-2788-tvs-600x400.jpg 600w&quot;,&quot;small&quot;:&quot;https:\\\/\\\/www.metal.de\\\/images\\\/2025\\\/08\\\/25\\\/summer-breeze-2025-wind-rose-2788-tvs-400x267.jpg 400w&quot;},{&quot;large&quot;:&quot;https:\\\/\\\/www.metal.de\\\/images\\\/2025\\\/08\\\/25\\\/summer-breeze-2025-wind-rose-2793-tvs-900x600.jpg 900w&quot;,&quot;medium&quot;:&quot;https:\\\/\\\/www.metal.de\\\/images\\\/2025\\\/08\\\/25\\\/summer-breeze-2025-wind-rose-2793-tvs-600x400.jpg 600w&quot;,&quot;small&quot;:&quot;https:\\\/\\\/www.metal.de\\\/images\\\/2025\\\/08\\\/25\\\/summer-breeze-2025-wind-rose-2793-tvs-400x267.jpg 400w&quot;},{&quot;large&quot;:&quot;https:\\\/\\\/www.metal.de\\\/images\\\/2025\\\/08\\\/25\\\/summer-breeze-2025-wind-rose-2735-tvs-900x600.jpg 900w&quot;,&quot;medium&quot;:&quot;https:\\\/\\\/www.metal.de\\\/images\\\/2025\\\/08\\\/25\\\/summer-breeze-2025-wind-rose-2735-tvs-600x400.jpg 600w&quot;,&quot;small&quot;:&quot;https:\\\/\\\/www.metal.de\\\/images\\\/2025\\\/08\\\/25\\\/summer-breeze-2025-wind-rose-2735-tvs-400x267.jpg 400w&quot;},{&quot;large&quot;:&quot;https:\\\/\\\/www.metal.de\\\/images\\\/2025\\\/08\\\/25\\\/summer-breeze-2025-wind-rose-2681-tvs-900x600.jpg 900w&quot;,&quot;medium&quot;:&quot;https:\\\/\\\/www.metal.de\\\/images\\\/2025\\\/08\\\/25\\\/summer-breeze-2025-wind-rose-2681-tvs-600x400.jpg 600w&quot;,&quot;small&quot;:&quot;https:\\\/\\\/www.metal.de\\\/images\\\/2025\\\/08\\\/25\\\/summer-breeze-2025-wind-rose-2681-tvs-400x267.jpg 400w&quot;},{&quot;large&quot;:&quot;https:\\\/\\\/www.metal.de\\\/images\\\/2025\\\/08\\\/25\\\/summer-breeze-2025-wind-rose-2742-tvs-900x600.jpg 900w&quot;,&quot;medium&quot;:&quot;https:\\\/\\\/www.metal.de\\\/images\\\/2025\\\/08\\\/25\\\/summer-breeze-2025-wind-rose-2742-tvs-600x400.jpg 600w&quot;,&quot;small&quot;:&quot;https:\\\/\\\/www.metal.de\\\/images\\\/2025\\\/08\\\/25\\\/summer-breeze-2025-wind-rose-2742-tvs-400x267.jpg 400w&quot;},{&quot;large&quot;:&quot;https:\\\/\\\/www.metal.de\\\/images\\\/2025\\\/08\\\/25\\\/summer-breeze-2025-wind-rose-2769-tvs-900x600.jpg 900w&quot;,&quot;medium&quot;:&quot;https:\\\/\\\/www.metal.de\\\/images\\\/2025\\\/08\\\/25\\\/summer-breeze-2025-wind-rose-2769-tvs-600x400.jpg 600w&quot;,&quot;small&quot;:&quot;https:\\\/\\\/www.metal.de\\\/images\\\/2025\\\/08\\\/25\\\/summer-breeze-2025-wind-rose-2769-tvs-400x267.jpg 400w&quot;},{&quot;large&quot;:&quot;https:\\\/\\\/www.metal.de\\\/images\\\/2025\\\/08\\\/25\\\/summer-breeze-2025-wind-rose-2800-tvs-900x600.jpg 900w&quot;,&quot;medium&quot;:&quot;https:\\\/\\\/www.metal.de\\\/images\\\/2025\\\/08\\\/25\\\/summer-breeze-2025-wind-rose-2800-tvs-600x400.jpg 600w&quot;,&quot;small&quot;:&quot;https:\\\/\\\/www.metal.de\\\/images\\\/2025\\\/08\\\/25\\\/summer-breeze-2025-wind-rose-2800-tvs-400x267.jpg 400w&quot;},{&quot;large&quot;:&quot;https:\\\/\\\/www.metal.de\\\/images\\\/2025\\\/08\\\/25\\\/summer-breeze-2025-wind-rose-2605-tvs-900x600.jpg 900w&quot;,&quot;medium&quot;:&quot;https:\\\/\\\/www.metal.de\\\/images\\\/2025\\\/08\\\/25\\\/summer-breeze-2025-wind-rose-2605-tvs-600x400.jpg 600w&quot;,&quot;small&quot;:&quot;https:\\\/\\\/www.metal.de\\\/images\\\/2025\\\/08\\\/25\\\/summer-breeze-2025-wind-rose-2605-tvs-400x267.jpg 400w&quot;},{&quot;large&quot;:&quot;https:\\\/\\\/www.metal.de\\\/images\\\/2025\\\/08\\\/25\\\/summer-breeze-2025-wind-rose-2630-tvs-900x600.jpg 900w&quot;,&quot;medium&quot;:&quot;https:\\\/\\\/www.metal.de\\\/images\\\/2025\\\/08\\\/25\\\/summer-breeze-2025-wind-rose-2630-tvs-600x400.jpg 600w&quot;,&quot;small&quot;:&quot;https:\\\/\\\/www.metal.de\\\/images\\\/2025\\\/08\\\/25\\\/summer-breeze-2025-wind-rose-2630-tvs-400x267.jpg 400w&quot;},{&quot;large&quot;:&quot;https:\\\/\\\/www.metal.de\\\/images\\\/2025\\\/08\\\/25\\\/summer-breeze-2025-wind-rose-2613-tvs-900x600.jpg 900w&quot;,&quot;medium&quot;:&quot;https:\\\/\\\/www.metal.de\\\/images\\\/2025\\\/08\\\/25\\\/summer-breeze-2025-wind-rose-2613-tvs-600x400.jpg 600w&quot;,&quot;small&quot;:&quot;https:\\\/\\\/www.metal.de\\\/images\\\/2025\\\/08\\\/25\\\/summer-breeze-2025-wind-rose-2613-tvs-400x267.jpg 400w&quot;},{&quot;large&quot;:&quot;https:\\\/\\\/www.metal.de\\\/images\\\/2025\\\/08\\\/25\\\/summer-breeze-2025-wind-rose-2620-tvs-900x600.jpg 900w&quot;,&quot;medium&quot;:&quot;https:\\\/\\\/www.metal.de\\\/images\\\/2025\\\/08\\\/25\\\/summer-breeze-2025-wind-rose-2620-tvs-600x400.jpg 600w&quot;,&quot;small&quot;:&quot;https:\\\/\\\/www.metal.de\\\/images\\\/2025\\\/08\\\/25\\\/summer-breeze-2025-wind-rose-2620-tvs-400x267.jpg 400w&quot;},{&quot;large&quot;:&quot;https:\\\/\\\/www.metal.de\\\/images\\\/2025\\\/08\\\/25\\\/summer-breeze-2025-wind-rose-2731-tvs-900x600.jpg 900w&quot;,&quot;medium&quot;:&quot;https:\\\/\\\/www.metal.de\\\/images\\\/2025\\\/08\\\/25\\\/summer-breeze-2025-wind-rose-2731-tvs-600x400.jpg 600w&quot;,&quot;small&quot;:&quot;https:\\\/\\\/www.metal.de\\\/images\\\/2025\\\/08\\\/25\\\/summer-breeze-2025-wind-rose-2731-tvs-400x267.jpg 400w&quot;},{&quot;large&quot;:&quot;https:\\\/\\\/www.metal.de\\\/images\\\/2025\\\/08\\\/25\\\/summer-breeze-2025-wind-rose-2641-tvs-900x600.jpg 900w&quot;,&quot;medium&quot;:&quot;https:\\\/\\\/www.metal.de\\\/images\\\/2025\\\/08\\\/25\\\/summer-breeze-2025-wind-rose-2641-tvs-600x400.jpg 600w&quot;,&quot;small&quot;:&quot;https:\\\/\\\/www.metal.de\\\/images\\\/2025\\\/08\\\/25\\\/summer-breeze-2025-wind-rose-2641-tvs-400x267.jpg 400w&quot;}]\" href=\"https:\/\/www.metal.de\/bilder\/wind-rose-summer-breeze-open-air-2025-590159\/\" data-category=\"Galerie im Artikel\" data-action=\"Galerie \u00f6ffnen\" data-label=\"In Extremo - Weckt Die Toten! Festival 2026 \u2022 metal.de (Artikel-ID: 592741, Galerie-ID: 590159)\" rel=\"nofollow noopener\" target=\"_blank\"><strong class=\"gallery-info\">Galerie mit 27 Bildern: Wind Rose &#8211; Summer Breeze Open Air 2025<\/strong><img width=\"150\" height=\"100\" src=\"https:\/\/www.europesays.com\/de\/wp-content\/uploads\/2025\/09\/summer-breeze-2025-wind-rose-2761-tvs-150x100.jpg\" class=\"attachment-article_teaser_small size-article_teaser_small\" alt=\"Konzertfoto von Wind Rose - Summer Breeze Open Air 2025\" decoding=\"async\" loading=\"lazy\"  \/><img width=\"150\" height=\"100\" src=\"https:\/\/www.europesays.com\/de\/wp-content\/uploads\/2025\/09\/summer-breeze-2025-wind-rose-2750-tvs-150x100.jpg\" class=\"attachment-article_teaser_small size-article_teaser_small\" alt=\"Konzertfoto von Wind Rose - Summer Breeze Open Air 2025\" decoding=\"async\" loading=\"lazy\"  \/><img width=\"150\" height=\"100\" src=\"https:\/\/www.europesays.com\/de\/wp-content\/uploads\/2025\/09\/summer-breeze-2025-wind-rose-2741-tvs-150x100.jpg\" class=\"attachment-article_teaser_small size-article_teaser_small\" alt=\"Konzertfoto von Wind Rose - Summer Breeze Open Air 2025\" decoding=\"async\" loading=\"lazy\"  \/><\/a><a class=\"gallery-teaser\" id=\"gallery-564693\" data-link=\"https:\/\/www.metal.de\/bilder\/subway-to-sally-eisheilige-naechte-2024-in-giessen-564693\/\" data-gallery=\"[{&quot;large&quot;:&quot;https:\\\/\\\/www.metal.de\\\/images\\\/2025\\\/01\\\/05\\\/subway-to-sally-2024-giessen-hessenhalle-0010-900x600.jpg 900w&quot;,&quot;medium&quot;:&quot;https:\\\/\\\/www.metal.de\\\/images\\\/2025\\\/01\\\/05\\\/subway-to-sally-2024-giessen-hessenhalle-0010-600x400.jpg 600w&quot;,&quot;small&quot;:&quot;https:\\\/\\\/www.metal.de\\\/images\\\/2025\\\/01\\\/05\\\/subway-to-sally-2024-giessen-hessenhalle-0010-400x267.jpg 400w&quot;},{&quot;large&quot;:&quot;https:\\\/\\\/www.metal.de\\\/images\\\/2025\\\/01\\\/05\\\/subway-to-sally-2024-giessen-hessenhalle-0133-900x600.jpg 900w&quot;,&quot;medium&quot;:&quot;https:\\\/\\\/www.metal.de\\\/images\\\/2025\\\/01\\\/05\\\/subway-to-sally-2024-giessen-hessenhalle-0133-600x400.jpg 600w&quot;,&quot;small&quot;:&quot;https:\\\/\\\/www.metal.de\\\/images\\\/2025\\\/01\\\/05\\\/subway-to-sally-2024-giessen-hessenhalle-0133-400x267.jpg 400w&quot;},{&quot;large&quot;:&quot;https:\\\/\\\/www.metal.de\\\/images\\\/2025\\\/01\\\/05\\\/subway-to-sally-2024-giessen-hessenhalle-0198-900x600.jpg 900w&quot;,&quot;medium&quot;:&quot;https:\\\/\\\/www.metal.de\\\/images\\\/2025\\\/01\\\/05\\\/subway-to-sally-2024-giessen-hessenhalle-0198-600x400.jpg 600w&quot;,&quot;small&quot;:&quot;https:\\\/\\\/www.metal.de\\\/images\\\/2025\\\/01\\\/05\\\/subway-to-sally-2024-giessen-hessenhalle-0198-400x267.jpg 400w&quot;},{&quot;large&quot;:&quot;https:\\\/\\\/www.metal.de\\\/images\\\/2025\\\/01\\\/05\\\/subway-to-sally-2024-giessen-hessenhalle-0252-900x600.jpg 900w&quot;,&quot;medium&quot;:&quot;https:\\\/\\\/www.metal.de\\\/images\\\/2025\\\/01\\\/05\\\/subway-to-sally-2024-giessen-hessenhalle-0252-600x400.jpg 600w&quot;,&quot;small&quot;:&quot;https:\\\/\\\/www.metal.de\\\/images\\\/2025\\\/01\\\/05\\\/subway-to-sally-2024-giessen-hessenhalle-0252-400x267.jpg 400w&quot;},{&quot;large&quot;:&quot;https:\\\/\\\/www.metal.de\\\/images\\\/2025\\\/01\\\/05\\\/subway-to-sally-2024-giessen-hessenhalle-0061-900x600.jpg 900w&quot;,&quot;medium&quot;:&quot;https:\\\/\\\/www.metal.de\\\/images\\\/2025\\\/01\\\/05\\\/subway-to-sally-2024-giessen-hessenhalle-0061-600x400.jpg 600w&quot;,&quot;small&quot;:&quot;https:\\\/\\\/www.metal.de\\\/images\\\/2025\\\/01\\\/05\\\/subway-to-sally-2024-giessen-hessenhalle-0061-400x267.jpg 400w&quot;},{&quot;large&quot;:&quot;https:\\\/\\\/www.metal.de\\\/images\\\/2025\\\/01\\\/05\\\/subway-to-sally-2024-giessen-hessenhalle-0119-900x600.jpg 900w&quot;,&quot;medium&quot;:&quot;https:\\\/\\\/www.metal.de\\\/images\\\/2025\\\/01\\\/05\\\/subway-to-sally-2024-giessen-hessenhalle-0119-600x400.jpg 600w&quot;,&quot;small&quot;:&quot;https:\\\/\\\/www.metal.de\\\/images\\\/2025\\\/01\\\/05\\\/subway-to-sally-2024-giessen-hessenhalle-0119-400x267.jpg 400w&quot;},{&quot;large&quot;:&quot;https:\\\/\\\/www.metal.de\\\/images\\\/2025\\\/01\\\/05\\\/subway-to-sally-2024-giessen-hessenhalle-0224-900x600.jpg 900w&quot;,&quot;medium&quot;:&quot;https:\\\/\\\/www.metal.de\\\/images\\\/2025\\\/01\\\/05\\\/subway-to-sally-2024-giessen-hessenhalle-0224-600x400.jpg 600w&quot;,&quot;small&quot;:&quot;https:\\\/\\\/www.metal.de\\\/images\\\/2025\\\/01\\\/05\\\/subway-to-sally-2024-giessen-hessenhalle-0224-400x267.jpg 400w&quot;},{&quot;large&quot;:&quot;https:\\\/\\\/www.metal.de\\\/images\\\/2025\\\/01\\\/05\\\/subway-to-sally-2024-giessen-hessenhalle-0143-900x600.jpg 900w&quot;,&quot;medium&quot;:&quot;https:\\\/\\\/www.metal.de\\\/images\\\/2025\\\/01\\\/05\\\/subway-to-sally-2024-giessen-hessenhalle-0143-600x400.jpg 600w&quot;,&quot;small&quot;:&quot;https:\\\/\\\/www.metal.de\\\/images\\\/2025\\\/01\\\/05\\\/subway-to-sally-2024-giessen-hessenhalle-0143-400x267.jpg 400w&quot;},{&quot;large&quot;:&quot;https:\\\/\\\/www.metal.de\\\/images\\\/2025\\\/01\\\/05\\\/subway-to-sally-2024-giessen-hessenhalle-0219-900x600.jpg 900w&quot;,&quot;medium&quot;:&quot;https:\\\/\\\/www.metal.de\\\/images\\\/2025\\\/01\\\/05\\\/subway-to-sally-2024-giessen-hessenhalle-0219-600x400.jpg 600w&quot;,&quot;small&quot;:&quot;https:\\\/\\\/www.metal.de\\\/images\\\/2025\\\/01\\\/05\\\/subway-to-sally-2024-giessen-hessenhalle-0219-400x267.jpg 400w&quot;},{&quot;large&quot;:&quot;https:\\\/\\\/www.metal.de\\\/images\\\/2025\\\/01\\\/05\\\/subway-to-sally-2024-giessen-hessenhalle-0080-900x600.jpg 900w&quot;,&quot;medium&quot;:&quot;https:\\\/\\\/www.metal.de\\\/images\\\/2025\\\/01\\\/05\\\/subway-to-sally-2024-giessen-hessenhalle-0080-600x400.jpg 600w&quot;,&quot;small&quot;:&quot;https:\\\/\\\/www.metal.de\\\/images\\\/2025\\\/01\\\/05\\\/subway-to-sally-2024-giessen-hessenhalle-0080-400x267.jpg 400w&quot;},{&quot;large&quot;:&quot;https:\\\/\\\/www.metal.de\\\/images\\\/2025\\\/01\\\/05\\\/subway-to-sally-2024-giessen-hessenhalle-0214-900x600.jpg 900w&quot;,&quot;medium&quot;:&quot;https:\\\/\\\/www.metal.de\\\/images\\\/2025\\\/01\\\/05\\\/subway-to-sally-2024-giessen-hessenhalle-0214-600x400.jpg 600w&quot;,&quot;small&quot;:&quot;https:\\\/\\\/www.metal.de\\\/images\\\/2025\\\/01\\\/05\\\/subway-to-sally-2024-giessen-hessenhalle-0214-400x267.jpg 400w&quot;},{&quot;large&quot;:&quot;https:\\\/\\\/www.metal.de\\\/images\\\/2025\\\/01\\\/05\\\/subway-to-sally-2024-giessen-hessenhalle-0205-900x600.jpg 900w&quot;,&quot;medium&quot;:&quot;https:\\\/\\\/www.metal.de\\\/images\\\/2025\\\/01\\\/05\\\/subway-to-sally-2024-giessen-hessenhalle-0205-600x400.jpg 600w&quot;,&quot;small&quot;:&quot;https:\\\/\\\/www.metal.de\\\/images\\\/2025\\\/01\\\/05\\\/subway-to-sally-2024-giessen-hessenhalle-0205-400x267.jpg 400w&quot;},{&quot;large&quot;:&quot;https:\\\/\\\/www.metal.de\\\/images\\\/2025\\\/01\\\/05\\\/subway-to-sally-2024-giessen-hessenhalle-0195-900x600.jpg 900w&quot;,&quot;medium&quot;:&quot;https:\\\/\\\/www.metal.de\\\/images\\\/2025\\\/01\\\/05\\\/subway-to-sally-2024-giessen-hessenhalle-0195-600x400.jpg 600w&quot;,&quot;small&quot;:&quot;https:\\\/\\\/www.metal.de\\\/images\\\/2025\\\/01\\\/05\\\/subway-to-sally-2024-giessen-hessenhalle-0195-400x267.jpg 400w&quot;},{&quot;large&quot;:&quot;https:\\\/\\\/www.metal.de\\\/images\\\/2025\\\/01\\\/05\\\/subway-to-sally-2024-giessen-hessenhalle-0202-900x600.jpg 900w&quot;,&quot;medium&quot;:&quot;https:\\\/\\\/www.metal.de\\\/images\\\/2025\\\/01\\\/05\\\/subway-to-sally-2024-giessen-hessenhalle-0202-600x400.jpg 600w&quot;,&quot;small&quot;:&quot;https:\\\/\\\/www.metal.de\\\/images\\\/2025\\\/01\\\/05\\\/subway-to-sally-2024-giessen-hessenhalle-0202-400x267.jpg 400w&quot;},{&quot;large&quot;:&quot;https:\\\/\\\/www.metal.de\\\/images\\\/2025\\\/01\\\/05\\\/subway-to-sally-2024-giessen-hessenhalle-0073-900x600.jpg 900w&quot;,&quot;medium&quot;:&quot;https:\\\/\\\/www.metal.de\\\/images\\\/2025\\\/01\\\/05\\\/subway-to-sally-2024-giessen-hessenhalle-0073-600x400.jpg 600w&quot;,&quot;small&quot;:&quot;https:\\\/\\\/www.metal.de\\\/images\\\/2025\\\/01\\\/05\\\/subway-to-sally-2024-giessen-hessenhalle-0073-400x267.jpg 400w&quot;},{&quot;large&quot;:&quot;https:\\\/\\\/www.metal.de\\\/images\\\/2025\\\/01\\\/05\\\/subway-to-sally-2024-giessen-hessenhalle-0045-900x600.jpg 900w&quot;,&quot;medium&quot;:&quot;https:\\\/\\\/www.metal.de\\\/images\\\/2025\\\/01\\\/05\\\/subway-to-sally-2024-giessen-hessenhalle-0045-600x400.jpg 600w&quot;,&quot;small&quot;:&quot;https:\\\/\\\/www.metal.de\\\/images\\\/2025\\\/01\\\/05\\\/subway-to-sally-2024-giessen-hessenhalle-0045-400x267.jpg 400w&quot;},{&quot;large&quot;:&quot;https:\\\/\\\/www.metal.de\\\/images\\\/2025\\\/01\\\/05\\\/subway-to-sally-2024-giessen-hessenhalle-0002-900x600.jpg 900w&quot;,&quot;medium&quot;:&quot;https:\\\/\\\/www.metal.de\\\/images\\\/2025\\\/01\\\/05\\\/subway-to-sally-2024-giessen-hessenhalle-0002-600x400.jpg 600w&quot;,&quot;small&quot;:&quot;https:\\\/\\\/www.metal.de\\\/images\\\/2025\\\/01\\\/05\\\/subway-to-sally-2024-giessen-hessenhalle-0002-400x267.jpg 400w&quot;},{&quot;large&quot;:&quot;https:\\\/\\\/www.metal.de\\\/images\\\/2025\\\/01\\\/05\\\/subway-to-sally-2024-giessen-hessenhalle-0188-900x600.jpg 900w&quot;,&quot;medium&quot;:&quot;https:\\\/\\\/www.metal.de\\\/images\\\/2025\\\/01\\\/05\\\/subway-to-sally-2024-giessen-hessenhalle-0188-600x400.jpg 600w&quot;,&quot;small&quot;:&quot;https:\\\/\\\/www.metal.de\\\/images\\\/2025\\\/01\\\/05\\\/subway-to-sally-2024-giessen-hessenhalle-0188-400x267.jpg 400w&quot;},{&quot;large&quot;:&quot;https:\\\/\\\/www.metal.de\\\/images\\\/2025\\\/01\\\/05\\\/subway-to-sally-2024-giessen-hessenhalle-0164-900x600.jpg 900w&quot;,&quot;medium&quot;:&quot;https:\\\/\\\/www.metal.de\\\/images\\\/2025\\\/01\\\/05\\\/subway-to-sally-2024-giessen-hessenhalle-0164-600x400.jpg 600w&quot;,&quot;small&quot;:&quot;https:\\\/\\\/www.metal.de\\\/images\\\/2025\\\/01\\\/05\\\/subway-to-sally-2024-giessen-hessenhalle-0164-400x267.jpg 400w&quot;},{&quot;large&quot;:&quot;https:\\\/\\\/www.metal.de\\\/images\\\/2025\\\/01\\\/05\\\/subway-to-sally-2024-giessen-hessenhalle-0139-900x600.jpg 900w&quot;,&quot;medium&quot;:&quot;https:\\\/\\\/www.metal.de\\\/images\\\/2025\\\/01\\\/05\\\/subway-to-sally-2024-giessen-hessenhalle-0139-600x400.jpg 600w&quot;,&quot;small&quot;:&quot;https:\\\/\\\/www.metal.de\\\/images\\\/2025\\\/01\\\/05\\\/subway-to-sally-2024-giessen-hessenhalle-0139-400x267.jpg 400w&quot;},{&quot;large&quot;:&quot;https:\\\/\\\/www.metal.de\\\/images\\\/2025\\\/01\\\/05\\\/subway-to-sally-2024-giessen-hessenhalle-0047-900x600.jpg 900w&quot;,&quot;medium&quot;:&quot;https:\\\/\\\/www.metal.de\\\/images\\\/2025\\\/01\\\/05\\\/subway-to-sally-2024-giessen-hessenhalle-0047-600x400.jpg 600w&quot;,&quot;small&quot;:&quot;https:\\\/\\\/www.metal.de\\\/images\\\/2025\\\/01\\\/05\\\/subway-to-sally-2024-giessen-hessenhalle-0047-400x267.jpg 400w&quot;},{&quot;large&quot;:&quot;https:\\\/\\\/www.metal.de\\\/images\\\/2025\\\/01\\\/05\\\/subway-to-sally-2024-giessen-hessenhalle-0082-900x600.jpg 900w&quot;,&quot;medium&quot;:&quot;https:\\\/\\\/www.metal.de\\\/images\\\/2025\\\/01\\\/05\\\/subway-to-sally-2024-giessen-hessenhalle-0082-600x400.jpg 600w&quot;,&quot;small&quot;:&quot;https:\\\/\\\/www.metal.de\\\/images\\\/2025\\\/01\\\/05\\\/subway-to-sally-2024-giessen-hessenhalle-0082-400x267.jpg 400w&quot;},{&quot;large&quot;:&quot;https:\\\/\\\/www.metal.de\\\/images\\\/2025\\\/01\\\/05\\\/subway-to-sally-2024-giessen-hessenhalle-0075-900x600.jpg 900w&quot;,&quot;medium&quot;:&quot;https:\\\/\\\/www.metal.de\\\/images\\\/2025\\\/01\\\/05\\\/subway-to-sally-2024-giessen-hessenhalle-0075-600x400.jpg 600w&quot;,&quot;small&quot;:&quot;https:\\\/\\\/www.metal.de\\\/images\\\/2025\\\/01\\\/05\\\/subway-to-sally-2024-giessen-hessenhalle-0075-400x267.jpg 400w&quot;},{&quot;large&quot;:&quot;https:\\\/\\\/www.metal.de\\\/images\\\/2025\\\/01\\\/05\\\/subway-to-sally-2024-giessen-hessenhalle-0044-900x600.jpg 900w&quot;,&quot;medium&quot;:&quot;https:\\\/\\\/www.metal.de\\\/images\\\/2025\\\/01\\\/05\\\/subway-to-sally-2024-giessen-hessenhalle-0044-600x400.jpg 600w&quot;,&quot;small&quot;:&quot;https:\\\/\\\/www.metal.de\\\/images\\\/2025\\\/01\\\/05\\\/subway-to-sally-2024-giessen-hessenhalle-0044-400x267.jpg 400w&quot;},{&quot;large&quot;:&quot;https:\\\/\\\/www.metal.de\\\/images\\\/2025\\\/01\\\/05\\\/subway-to-sally-2024-giessen-hessenhalle-0035-900x600.jpg 900w&quot;,&quot;medium&quot;:&quot;https:\\\/\\\/www.metal.de\\\/images\\\/2025\\\/01\\\/05\\\/subway-to-sally-2024-giessen-hessenhalle-0035-600x400.jpg 600w&quot;,&quot;small&quot;:&quot;https:\\\/\\\/www.metal.de\\\/images\\\/2025\\\/01\\\/05\\\/subway-to-sally-2024-giessen-hessenhalle-0035-400x267.jpg 400w&quot;},{&quot;large&quot;:&quot;https:\\\/\\\/www.metal.de\\\/images\\\/2025\\\/01\\\/05\\\/subway-to-sally-2024-giessen-hessenhalle-0014-900x600.jpg 900w&quot;,&quot;medium&quot;:&quot;https:\\\/\\\/www.metal.de\\\/images\\\/2025\\\/01\\\/05\\\/subway-to-sally-2024-giessen-hessenhalle-0014-600x400.jpg 600w&quot;,&quot;small&quot;:&quot;https:\\\/\\\/www.metal.de\\\/images\\\/2025\\\/01\\\/05\\\/subway-to-sally-2024-giessen-hessenhalle-0014-400x267.jpg 400w&quot;}]\" href=\"https:\/\/www.metal.de\/bilder\/subway-to-sally-eisheilige-naechte-2024-in-giessen-564693\/\" data-category=\"Galerie im Artikel\" data-action=\"Galerie \u00f6ffnen\" data-label=\"In Extremo - Weckt Die Toten! Festival 2026 \u2022 metal.de (Artikel-ID: 592741, Galerie-ID: 564693)\" rel=\"nofollow noopener\" target=\"_blank\"><strong class=\"gallery-info\">Galerie mit 26 Bildern: Subway To Sally &#8211; Eisheilige N\u00e4chte 2024 in Gie\u00dfen<\/strong><img width=\"150\" height=\"100\" src=\"https:\/\/www.europesays.com\/de\/wp-content\/uploads\/2025\/09\/subway-to-sally-2024-giessen-hessenhalle-0010-150x100.jpg\" class=\"attachment-article_teaser_small size-article_teaser_small\" alt=\"Konzertfoto von Subway To Sally - Eisheilige N\u00e4chte 2024\" decoding=\"async\" loading=\"lazy\"  \/><img width=\"150\" height=\"100\" src=\"https:\/\/www.europesays.com\/de\/wp-content\/uploads\/2025\/09\/subway-to-sally-2024-giessen-hessenhalle-0133-150x100.jpg\" class=\"attachment-article_teaser_small size-article_teaser_small\" alt=\"Konzertfoto von Subway To Sally - Eisheilige N\u00e4chte 2024\" decoding=\"async\" loading=\"lazy\"  \/><img width=\"150\" height=\"100\" src=\"https:\/\/www.europesays.com\/de\/wp-content\/uploads\/2025\/09\/subway-to-sally-2024-giessen-hessenhalle-0198-150x100.jpg\" class=\"attachment-article_teaser_small size-article_teaser_small\" alt=\"Konzertfoto von Subway To Sally - Eisheilige N\u00e4chte 2024\" decoding=\"async\" loading=\"lazy\"  \/><\/a><a class=\"gallery-teaser\" id=\"gallery-571478\" data-link=\"https:\/\/www.metal.de\/bilder\/manntra-herzblut-tour-2025-in-frankfurt-571478\/\" data-gallery=\"[{&quot;large&quot;:&quot;https:\\\/\\\/www.metal.de\\\/images\\\/2025\\\/03\\\/15\\\/manntra-2025-frankfurt-main-batschkapp-1899-900x600.jpg 900w&quot;,&quot;medium&quot;:&quot;https:\\\/\\\/www.metal.de\\\/images\\\/2025\\\/03\\\/15\\\/manntra-2025-frankfurt-main-batschkapp-1899-600x400.jpg 600w&quot;,&quot;small&quot;:&quot;https:\\\/\\\/www.metal.de\\\/images\\\/2025\\\/03\\\/15\\\/manntra-2025-frankfurt-main-batschkapp-1899-400x267.jpg 400w&quot;},{&quot;large&quot;:&quot;https:\\\/\\\/www.metal.de\\\/images\\\/2025\\\/03\\\/15\\\/manntra-2025-frankfurt-main-batschkapp-1990-900x600.jpg 900w&quot;,&quot;medium&quot;:&quot;https:\\\/\\\/www.metal.de\\\/images\\\/2025\\\/03\\\/15\\\/manntra-2025-frankfurt-main-batschkapp-1990-600x400.jpg 600w&quot;,&quot;small&quot;:&quot;https:\\\/\\\/www.metal.de\\\/images\\\/2025\\\/03\\\/15\\\/manntra-2025-frankfurt-main-batschkapp-1990-400x267.jpg 400w&quot;},{&quot;large&quot;:&quot;https:\\\/\\\/www.metal.de\\\/images\\\/2025\\\/03\\\/15\\\/manntra-2025-frankfurt-main-batschkapp-2019-900x600.jpg 900w&quot;,&quot;medium&quot;:&quot;https:\\\/\\\/www.metal.de\\\/images\\\/2025\\\/03\\\/15\\\/manntra-2025-frankfurt-main-batschkapp-2019-600x400.jpg 600w&quot;,&quot;small&quot;:&quot;https:\\\/\\\/www.metal.de\\\/images\\\/2025\\\/03\\\/15\\\/manntra-2025-frankfurt-main-batschkapp-2019-400x267.jpg 400w&quot;},{&quot;large&quot;:&quot;https:\\\/\\\/www.metal.de\\\/images\\\/2025\\\/03\\\/15\\\/manntra-2025-frankfurt-main-batschkapp-1948-900x600.jpg 900w&quot;,&quot;medium&quot;:&quot;https:\\\/\\\/www.metal.de\\\/images\\\/2025\\\/03\\\/15\\\/manntra-2025-frankfurt-main-batschkapp-1948-600x400.jpg 600w&quot;,&quot;small&quot;:&quot;https:\\\/\\\/www.metal.de\\\/images\\\/2025\\\/03\\\/15\\\/manntra-2025-frankfurt-main-batschkapp-1948-400x267.jpg 400w&quot;},{&quot;large&quot;:&quot;https:\\\/\\\/www.metal.de\\\/images\\\/2025\\\/03\\\/15\\\/manntra-2025-frankfurt-main-batschkapp-2004-900x600.jpg 900w&quot;,&quot;medium&quot;:&quot;https:\\\/\\\/www.metal.de\\\/images\\\/2025\\\/03\\\/15\\\/manntra-2025-frankfurt-main-batschkapp-2004-600x400.jpg 600w&quot;,&quot;small&quot;:&quot;https:\\\/\\\/www.metal.de\\\/images\\\/2025\\\/03\\\/15\\\/manntra-2025-frankfurt-main-batschkapp-2004-400x267.jpg 400w&quot;},{&quot;large&quot;:&quot;https:\\\/\\\/www.metal.de\\\/images\\\/2025\\\/03\\\/15\\\/manntra-2025-frankfurt-main-batschkapp-1982-900x600.jpg 900w&quot;,&quot;medium&quot;:&quot;https:\\\/\\\/www.metal.de\\\/images\\\/2025\\\/03\\\/15\\\/manntra-2025-frankfurt-main-batschkapp-1982-600x400.jpg 600w&quot;,&quot;small&quot;:&quot;https:\\\/\\\/www.metal.de\\\/images\\\/2025\\\/03\\\/15\\\/manntra-2025-frankfurt-main-batschkapp-1982-400x267.jpg 400w&quot;},{&quot;large&quot;:&quot;https:\\\/\\\/www.metal.de\\\/images\\\/2025\\\/03\\\/15\\\/manntra-2025-frankfurt-main-batschkapp-1932-900x600.jpg 900w&quot;,&quot;medium&quot;:&quot;https:\\\/\\\/www.metal.de\\\/images\\\/2025\\\/03\\\/15\\\/manntra-2025-frankfurt-main-batschkapp-1932-600x400.jpg 600w&quot;,&quot;small&quot;:&quot;https:\\\/\\\/www.metal.de\\\/images\\\/2025\\\/03\\\/15\\\/manntra-2025-frankfurt-main-batschkapp-1932-400x267.jpg 400w&quot;},{&quot;large&quot;:&quot;https:\\\/\\\/www.metal.de\\\/images\\\/2025\\\/03\\\/15\\\/manntra-2025-frankfurt-main-batschkapp-2028-900x600.jpg 900w&quot;,&quot;medium&quot;:&quot;https:\\\/\\\/www.metal.de\\\/images\\\/2025\\\/03\\\/15\\\/manntra-2025-frankfurt-main-batschkapp-2028-600x400.jpg 600w&quot;,&quot;small&quot;:&quot;https:\\\/\\\/www.metal.de\\\/images\\\/2025\\\/03\\\/15\\\/manntra-2025-frankfurt-main-batschkapp-2028-400x267.jpg 400w&quot;},{&quot;large&quot;:&quot;https:\\\/\\\/www.metal.de\\\/images\\\/2025\\\/03\\\/15\\\/manntra-2025-frankfurt-main-batschkapp-1846-900x600.jpg 900w&quot;,&quot;medium&quot;:&quot;https:\\\/\\\/www.metal.de\\\/images\\\/2025\\\/03\\\/15\\\/manntra-2025-frankfurt-main-batschkapp-1846-600x400.jpg 600w&quot;,&quot;small&quot;:&quot;https:\\\/\\\/www.metal.de\\\/images\\\/2025\\\/03\\\/15\\\/manntra-2025-frankfurt-main-batschkapp-1846-400x267.jpg 400w&quot;},{&quot;large&quot;:&quot;https:\\\/\\\/www.metal.de\\\/images\\\/2025\\\/03\\\/15\\\/manntra-2025-frankfurt-main-batschkapp-2008-900x600.jpg 900w&quot;,&quot;medium&quot;:&quot;https:\\\/\\\/www.metal.de\\\/images\\\/2025\\\/03\\\/15\\\/manntra-2025-frankfurt-main-batschkapp-2008-600x400.jpg 600w&quot;,&quot;small&quot;:&quot;https:\\\/\\\/www.metal.de\\\/images\\\/2025\\\/03\\\/15\\\/manntra-2025-frankfurt-main-batschkapp-2008-400x267.jpg 400w&quot;},{&quot;large&quot;:&quot;https:\\\/\\\/www.metal.de\\\/images\\\/2025\\\/03\\\/15\\\/manntra-2025-frankfurt-main-batschkapp-1978-900x600.jpg 900w&quot;,&quot;medium&quot;:&quot;https:\\\/\\\/www.metal.de\\\/images\\\/2025\\\/03\\\/15\\\/manntra-2025-frankfurt-main-batschkapp-1978-600x400.jpg 600w&quot;,&quot;small&quot;:&quot;https:\\\/\\\/www.metal.de\\\/images\\\/2025\\\/03\\\/15\\\/manntra-2025-frankfurt-main-batschkapp-1978-400x267.jpg 400w&quot;},{&quot;large&quot;:&quot;https:\\\/\\\/www.metal.de\\\/images\\\/2025\\\/03\\\/15\\\/manntra-2025-frankfurt-main-batschkapp-1914-900x600.jpg 900w&quot;,&quot;medium&quot;:&quot;https:\\\/\\\/www.metal.de\\\/images\\\/2025\\\/03\\\/15\\\/manntra-2025-frankfurt-main-batschkapp-1914-600x400.jpg 600w&quot;,&quot;small&quot;:&quot;https:\\\/\\\/www.metal.de\\\/images\\\/2025\\\/03\\\/15\\\/manntra-2025-frankfurt-main-batschkapp-1914-400x267.jpg 400w&quot;},{&quot;large&quot;:&quot;https:\\\/\\\/www.metal.de\\\/images\\\/2025\\\/03\\\/15\\\/manntra-2025-frankfurt-main-batschkapp-2033-900x600.jpg 900w&quot;,&quot;medium&quot;:&quot;https:\\\/\\\/www.metal.de\\\/images\\\/2025\\\/03\\\/15\\\/manntra-2025-frankfurt-main-batschkapp-2033-600x400.jpg 600w&quot;,&quot;small&quot;:&quot;https:\\\/\\\/www.metal.de\\\/images\\\/2025\\\/03\\\/15\\\/manntra-2025-frankfurt-main-batschkapp-2033-400x267.jpg 400w&quot;},{&quot;large&quot;:&quot;https:\\\/\\\/www.metal.de\\\/images\\\/2025\\\/03\\\/15\\\/manntra-2025-frankfurt-main-batschkapp-1944-900x600.jpg 900w&quot;,&quot;medium&quot;:&quot;https:\\\/\\\/www.metal.de\\\/images\\\/2025\\\/03\\\/15\\\/manntra-2025-frankfurt-main-batschkapp-1944-600x400.jpg 600w&quot;,&quot;small&quot;:&quot;https:\\\/\\\/www.metal.de\\\/images\\\/2025\\\/03\\\/15\\\/manntra-2025-frankfurt-main-batschkapp-1944-400x267.jpg 400w&quot;},{&quot;large&quot;:&quot;https:\\\/\\\/www.metal.de\\\/images\\\/2025\\\/03\\\/15\\\/manntra-2025-frankfurt-main-batschkapp-2013-900x600.jpg 900w&quot;,&quot;medium&quot;:&quot;https:\\\/\\\/www.metal.de\\\/images\\\/2025\\\/03\\\/15\\\/manntra-2025-frankfurt-main-batschkapp-2013-600x400.jpg 600w&quot;,&quot;small&quot;:&quot;https:\\\/\\\/www.metal.de\\\/images\\\/2025\\\/03\\\/15\\\/manntra-2025-frankfurt-main-batschkapp-2013-400x267.jpg 400w&quot;},{&quot;large&quot;:&quot;https:\\\/\\\/www.metal.de\\\/images\\\/2025\\\/03\\\/15\\\/manntra-2025-frankfurt-main-batschkapp-1892-900x600.jpg 900w&quot;,&quot;medium&quot;:&quot;https:\\\/\\\/www.metal.de\\\/images\\\/2025\\\/03\\\/15\\\/manntra-2025-frankfurt-main-batschkapp-1892-600x400.jpg 600w&quot;,&quot;small&quot;:&quot;https:\\\/\\\/www.metal.de\\\/images\\\/2025\\\/03\\\/15\\\/manntra-2025-frankfurt-main-batschkapp-1892-400x267.jpg 400w&quot;},{&quot;large&quot;:&quot;https:\\\/\\\/www.metal.de\\\/images\\\/2025\\\/03\\\/15\\\/manntra-2025-frankfurt-main-batschkapp-2016-900x600.jpg 900w&quot;,&quot;medium&quot;:&quot;https:\\\/\\\/www.metal.de\\\/images\\\/2025\\\/03\\\/15\\\/manntra-2025-frankfurt-main-batschkapp-2016-600x400.jpg 600w&quot;,&quot;small&quot;:&quot;https:\\\/\\\/www.metal.de\\\/images\\\/2025\\\/03\\\/15\\\/manntra-2025-frankfurt-main-batschkapp-2016-400x267.jpg 400w&quot;},{&quot;large&quot;:&quot;https:\\\/\\\/www.metal.de\\\/images\\\/2025\\\/03\\\/15\\\/manntra-2025-frankfurt-main-batschkapp-1923-900x600.jpg 900w&quot;,&quot;medium&quot;:&quot;https:\\\/\\\/www.metal.de\\\/images\\\/2025\\\/03\\\/15\\\/manntra-2025-frankfurt-main-batschkapp-1923-600x400.jpg 600w&quot;,&quot;small&quot;:&quot;https:\\\/\\\/www.metal.de\\\/images\\\/2025\\\/03\\\/15\\\/manntra-2025-frankfurt-main-batschkapp-1923-400x267.jpg 400w&quot;},{&quot;large&quot;:&quot;https:\\\/\\\/www.metal.de\\\/images\\\/2025\\\/03\\\/15\\\/manntra-2025-frankfurt-main-batschkapp-1952-900x600.jpg 900w&quot;,&quot;medium&quot;:&quot;https:\\\/\\\/www.metal.de\\\/images\\\/2025\\\/03\\\/15\\\/manntra-2025-frankfurt-main-batschkapp-1952-600x400.jpg 600w&quot;,&quot;small&quot;:&quot;https:\\\/\\\/www.metal.de\\\/images\\\/2025\\\/03\\\/15\\\/manntra-2025-frankfurt-main-batschkapp-1952-400x267.jpg 400w&quot;},{&quot;large&quot;:&quot;https:\\\/\\\/www.metal.de\\\/images\\\/2025\\\/03\\\/15\\\/manntra-2025-frankfurt-main-batschkapp-1965-900x600.jpg 900w&quot;,&quot;medium&quot;:&quot;https:\\\/\\\/www.metal.de\\\/images\\\/2025\\\/03\\\/15\\\/manntra-2025-frankfurt-main-batschkapp-1965-600x400.jpg 600w&quot;,&quot;small&quot;:&quot;https:\\\/\\\/www.metal.de\\\/images\\\/2025\\\/03\\\/15\\\/manntra-2025-frankfurt-main-batschkapp-1965-400x267.jpg 400w&quot;},{&quot;large&quot;:&quot;https:\\\/\\\/www.metal.de\\\/images\\\/2025\\\/03\\\/15\\\/manntra-2025-frankfurt-main-batschkapp-2009-900x600.jpg 900w&quot;,&quot;medium&quot;:&quot;https:\\\/\\\/www.metal.de\\\/images\\\/2025\\\/03\\\/15\\\/manntra-2025-frankfurt-main-batschkapp-2009-600x400.jpg 600w&quot;,&quot;small&quot;:&quot;https:\\\/\\\/www.metal.de\\\/images\\\/2025\\\/03\\\/15\\\/manntra-2025-frankfurt-main-batschkapp-2009-400x267.jpg 400w&quot;},{&quot;large&quot;:&quot;https:\\\/\\\/www.metal.de\\\/images\\\/2025\\\/03\\\/15\\\/manntra-2025-frankfurt-main-batschkapp-1969-900x600.jpg 900w&quot;,&quot;medium&quot;:&quot;https:\\\/\\\/www.metal.de\\\/images\\\/2025\\\/03\\\/15\\\/manntra-2025-frankfurt-main-batschkapp-1969-600x400.jpg 600w&quot;,&quot;small&quot;:&quot;https:\\\/\\\/www.metal.de\\\/images\\\/2025\\\/03\\\/15\\\/manntra-2025-frankfurt-main-batschkapp-1969-400x267.jpg 400w&quot;},{&quot;large&quot;:&quot;https:\\\/\\\/www.metal.de\\\/images\\\/2025\\\/03\\\/15\\\/manntra-2025-frankfurt-main-batschkapp-1997-900x600.jpg 900w&quot;,&quot;medium&quot;:&quot;https:\\\/\\\/www.metal.de\\\/images\\\/2025\\\/03\\\/15\\\/manntra-2025-frankfurt-main-batschkapp-1997-600x400.jpg 600w&quot;,&quot;small&quot;:&quot;https:\\\/\\\/www.metal.de\\\/images\\\/2025\\\/03\\\/15\\\/manntra-2025-frankfurt-main-batschkapp-1997-400x267.jpg 400w&quot;},{&quot;large&quot;:&quot;https:\\\/\\\/www.metal.de\\\/images\\\/2025\\\/03\\\/15\\\/manntra-2025-frankfurt-main-batschkapp-2023-900x600.jpg 900w&quot;,&quot;medium&quot;:&quot;https:\\\/\\\/www.metal.de\\\/images\\\/2025\\\/03\\\/15\\\/manntra-2025-frankfurt-main-batschkapp-2023-600x400.jpg 600w&quot;,&quot;small&quot;:&quot;https:\\\/\\\/www.metal.de\\\/images\\\/2025\\\/03\\\/15\\\/manntra-2025-frankfurt-main-batschkapp-2023-400x267.jpg 400w&quot;},{&quot;large&quot;:&quot;https:\\\/\\\/www.metal.de\\\/images\\\/2025\\\/03\\\/15\\\/manntra-2025-frankfurt-main-batschkapp-1925-900x600.jpg 900w&quot;,&quot;medium&quot;:&quot;https:\\\/\\\/www.metal.de\\\/images\\\/2025\\\/03\\\/15\\\/manntra-2025-frankfurt-main-batschkapp-1925-600x400.jpg 600w&quot;,&quot;small&quot;:&quot;https:\\\/\\\/www.metal.de\\\/images\\\/2025\\\/03\\\/15\\\/manntra-2025-frankfurt-main-batschkapp-1925-400x267.jpg 400w&quot;},{&quot;large&quot;:&quot;https:\\\/\\\/www.metal.de\\\/images\\\/2025\\\/03\\\/15\\\/manntra-2025-frankfurt-main-batschkapp-1841-900x600.jpg 900w&quot;,&quot;medium&quot;:&quot;https:\\\/\\\/www.metal.de\\\/images\\\/2025\\\/03\\\/15\\\/manntra-2025-frankfurt-main-batschkapp-1841-600x400.jpg 600w&quot;,&quot;small&quot;:&quot;https:\\\/\\\/www.metal.de\\\/images\\\/2025\\\/03\\\/15\\\/manntra-2025-frankfurt-main-batschkapp-1841-400x267.jpg 400w&quot;}]\" href=\"https:\/\/www.metal.de\/bilder\/manntra-herzblut-tour-2025-in-frankfurt-571478\/\" data-category=\"Galerie im Artikel\" data-action=\"Galerie \u00f6ffnen\" data-label=\"In Extremo - Weckt Die Toten! Festival 2026 \u2022 metal.de (Artikel-ID: 592741, Galerie-ID: 571478)\" rel=\"nofollow noopener\" target=\"_blank\"><strong class=\"gallery-info\">Galerie mit 26 Bildern: Manntra &#8211; Herzblut Tour 2025 in Frankfurt<\/strong><img width=\"150\" height=\"100\" src=\"https:\/\/www.europesays.com\/de\/wp-content\/uploads\/2025\/09\/manntra-2025-frankfurt-main-batschkapp-1899-150x100.jpg\" class=\"attachment-article_teaser_small size-article_teaser_small\" alt=\"Konzertfoto von Manntra - Herzblut Tour 2025\" decoding=\"async\" loading=\"lazy\"  \/><img width=\"150\" height=\"100\" src=\"https:\/\/www.europesays.com\/de\/wp-content\/uploads\/2025\/09\/manntra-2025-frankfurt-main-batschkapp-1990-150x100.jpg\" class=\"attachment-article_teaser_small size-article_teaser_small\" alt=\"Konzertfoto von Manntra - Herzblut Tour 2025\" decoding=\"async\" loading=\"lazy\"  \/><img width=\"150\" height=\"100\" src=\"https:\/\/www.europesays.com\/de\/wp-content\/uploads\/2025\/09\/manntra-2025-frankfurt-main-batschkapp-2019-150x100.jpg\" class=\"attachment-article_teaser_small size-article_teaser_small\" alt=\"Konzertfoto von Manntra - Herzblut Tour 2025\" decoding=\"async\" loading=\"lazy\"  \/><\/a><a class=\"gallery-teaser\" id=\"gallery-581164\" data-link=\"https:\/\/www.metal.de\/bilder\/eisbrecher-rock-am-haertsfeldsee-2025-581164\/\" data-gallery=\"[{&quot;large&quot;:&quot;https:\\\/\\\/www.metal.de\\\/images\\\/2025\\\/06\\\/30\\\/rock-am-haertsfeldsee-2025-eisbrecher-STE_8595-900x599.jpg 900w&quot;,&quot;medium&quot;:&quot;https:\\\/\\\/www.metal.de\\\/images\\\/2025\\\/06\\\/30\\\/rock-am-haertsfeldsee-2025-eisbrecher-STE_8595-600x399.jpg 600w&quot;,&quot;small&quot;:&quot;https:\\\/\\\/www.metal.de\\\/images\\\/2025\\\/06\\\/30\\\/rock-am-haertsfeldsee-2025-eisbrecher-STE_8595-400x266.jpg 400w&quot;},{&quot;large&quot;:&quot;https:\\\/\\\/www.metal.de\\\/images\\\/2025\\\/06\\\/30\\\/rock-am-haertsfeldsee-2025-eisbrecher-STE_8682-900x599.jpg 900w&quot;,&quot;medium&quot;:&quot;https:\\\/\\\/www.metal.de\\\/images\\\/2025\\\/06\\\/30\\\/rock-am-haertsfeldsee-2025-eisbrecher-STE_8682-600x399.jpg 600w&quot;,&quot;small&quot;:&quot;https:\\\/\\\/www.metal.de\\\/images\\\/2025\\\/06\\\/30\\\/rock-am-haertsfeldsee-2025-eisbrecher-STE_8682-400x266.jpg 400w&quot;},{&quot;large&quot;:&quot;https:\\\/\\\/www.metal.de\\\/images\\\/2025\\\/06\\\/30\\\/rock-am-haertsfeldsee-2025-eisbrecher-STE_8610-900x599.jpg 900w&quot;,&quot;medium&quot;:&quot;https:\\\/\\\/www.metal.de\\\/images\\\/2025\\\/06\\\/30\\\/rock-am-haertsfeldsee-2025-eisbrecher-STE_8610-600x399.jpg 600w&quot;,&quot;small&quot;:&quot;https:\\\/\\\/www.metal.de\\\/images\\\/2025\\\/06\\\/30\\\/rock-am-haertsfeldsee-2025-eisbrecher-STE_8610-400x266.jpg 400w&quot;},{&quot;large&quot;:&quot;https:\\\/\\\/www.metal.de\\\/images\\\/2025\\\/06\\\/30\\\/rock-am-haertsfeldsee-2025-eisbrecher-STL_8112-900x1125.jpg 900w&quot;,&quot;medium&quot;:&quot;https:\\\/\\\/www.metal.de\\\/images\\\/2025\\\/06\\\/30\\\/rock-am-haertsfeldsee-2025-eisbrecher-STL_8112-600x750.jpg 600w&quot;,&quot;small&quot;:&quot;https:\\\/\\\/www.metal.de\\\/images\\\/2025\\\/06\\\/30\\\/rock-am-haertsfeldsee-2025-eisbrecher-STL_8112-400x500.jpg 400w&quot;},{&quot;large&quot;:&quot;https:\\\/\\\/www.metal.de\\\/images\\\/2025\\\/06\\\/30\\\/rock-am-haertsfeldsee-2025-eisbrecher-STE_8601-900x599.jpg 900w&quot;,&quot;medium&quot;:&quot;https:\\\/\\\/www.metal.de\\\/images\\\/2025\\\/06\\\/30\\\/rock-am-haertsfeldsee-2025-eisbrecher-STE_8601-600x399.jpg 600w&quot;,&quot;small&quot;:&quot;https:\\\/\\\/www.metal.de\\\/images\\\/2025\\\/06\\\/30\\\/rock-am-haertsfeldsee-2025-eisbrecher-STE_8601-400x266.jpg 400w&quot;},{&quot;large&quot;:&quot;https:\\\/\\\/www.metal.de\\\/images\\\/2025\\\/06\\\/30\\\/rock-am-haertsfeldsee-2025-eisbrecher-STE_8623-900x1125.jpg 900w&quot;,&quot;medium&quot;:&quot;https:\\\/\\\/www.metal.de\\\/images\\\/2025\\\/06\\\/30\\\/rock-am-haertsfeldsee-2025-eisbrecher-STE_8623-600x750.jpg 600w&quot;,&quot;small&quot;:&quot;https:\\\/\\\/www.metal.de\\\/images\\\/2025\\\/06\\\/30\\\/rock-am-haertsfeldsee-2025-eisbrecher-STE_8623-400x500.jpg 400w&quot;},{&quot;large&quot;:&quot;https:\\\/\\\/www.metal.de\\\/images\\\/2025\\\/06\\\/30\\\/rock-am-haertsfeldsee-2025-eisbrecher-STE_8645-900x1125.jpg 900w&quot;,&quot;medium&quot;:&quot;https:\\\/\\\/www.metal.de\\\/images\\\/2025\\\/06\\\/30\\\/rock-am-haertsfeldsee-2025-eisbrecher-STE_8645-600x750.jpg 600w&quot;,&quot;small&quot;:&quot;https:\\\/\\\/www.metal.de\\\/images\\\/2025\\\/06\\\/30\\\/rock-am-haertsfeldsee-2025-eisbrecher-STE_8645-400x500.jpg 400w&quot;},{&quot;large&quot;:&quot;https:\\\/\\\/www.metal.de\\\/images\\\/2025\\\/06\\\/30\\\/rock-am-haertsfeldsee-2025-eisbrecher-STE_8659-900x1125.jpg 900w&quot;,&quot;medium&quot;:&quot;https:\\\/\\\/www.metal.de\\\/images\\\/2025\\\/06\\\/30\\\/rock-am-haertsfeldsee-2025-eisbrecher-STE_8659-600x750.jpg 600w&quot;,&quot;small&quot;:&quot;https:\\\/\\\/www.metal.de\\\/images\\\/2025\\\/06\\\/30\\\/rock-am-haertsfeldsee-2025-eisbrecher-STE_8659-400x500.jpg 400w&quot;},{&quot;large&quot;:&quot;https:\\\/\\\/www.metal.de\\\/images\\\/2025\\\/06\\\/30\\\/rock-am-haertsfeldsee-2025-eisbrecher-STE_8646-900x599.jpg 900w&quot;,&quot;medium&quot;:&quot;https:\\\/\\\/www.metal.de\\\/images\\\/2025\\\/06\\\/30\\\/rock-am-haertsfeldsee-2025-eisbrecher-STE_8646-600x399.jpg 600w&quot;,&quot;small&quot;:&quot;https:\\\/\\\/www.metal.de\\\/images\\\/2025\\\/06\\\/30\\\/rock-am-haertsfeldsee-2025-eisbrecher-STE_8646-400x266.jpg 400w&quot;},{&quot;large&quot;:&quot;https:\\\/\\\/www.metal.de\\\/images\\\/2025\\\/06\\\/30\\\/rock-am-haertsfeldsee-2025-eisbrecher-STE_8649-900x599.jpg 900w&quot;,&quot;medium&quot;:&quot;https:\\\/\\\/www.metal.de\\\/images\\\/2025\\\/06\\\/30\\\/rock-am-haertsfeldsee-2025-eisbrecher-STE_8649-600x399.jpg 600w&quot;,&quot;small&quot;:&quot;https:\\\/\\\/www.metal.de\\\/images\\\/2025\\\/06\\\/30\\\/rock-am-haertsfeldsee-2025-eisbrecher-STE_8649-400x266.jpg 400w&quot;},{&quot;large&quot;:&quot;https:\\\/\\\/www.metal.de\\\/images\\\/2025\\\/06\\\/30\\\/rock-am-haertsfeldsee-2025-eisbrecher-STL_8105-900x1125.jpg 900w&quot;,&quot;medium&quot;:&quot;https:\\\/\\\/www.metal.de\\\/images\\\/2025\\\/06\\\/30\\\/rock-am-haertsfeldsee-2025-eisbrecher-STL_8105-600x750.jpg 600w&quot;,&quot;small&quot;:&quot;https:\\\/\\\/www.metal.de\\\/images\\\/2025\\\/06\\\/30\\\/rock-am-haertsfeldsee-2025-eisbrecher-STL_8105-400x500.jpg 400w&quot;},{&quot;large&quot;:&quot;https:\\\/\\\/www.metal.de\\\/images\\\/2025\\\/06\\\/30\\\/rock-am-haertsfeldsee-2025-eisbrecher-STE_8651-900x720.jpg 900w&quot;,&quot;medium&quot;:&quot;https:\\\/\\\/www.metal.de\\\/images\\\/2025\\\/06\\\/30\\\/rock-am-haertsfeldsee-2025-eisbrecher-STE_8651-600x480.jpg 600w&quot;,&quot;small&quot;:&quot;https:\\\/\\\/www.metal.de\\\/images\\\/2025\\\/06\\\/30\\\/rock-am-haertsfeldsee-2025-eisbrecher-STE_8651-400x320.jpg 400w&quot;},{&quot;large&quot;:&quot;https:\\\/\\\/www.metal.de\\\/images\\\/2025\\\/06\\\/30\\\/rock-am-haertsfeldsee-2025-eisbrecher-STE_8665-900x1125.jpg 900w&quot;,&quot;medium&quot;:&quot;https:\\\/\\\/www.metal.de\\\/images\\\/2025\\\/06\\\/30\\\/rock-am-haertsfeldsee-2025-eisbrecher-STE_8665-600x750.jpg 600w&quot;,&quot;small&quot;:&quot;https:\\\/\\\/www.metal.de\\\/images\\\/2025\\\/06\\\/30\\\/rock-am-haertsfeldsee-2025-eisbrecher-STE_8665-400x500.jpg 400w&quot;},{&quot;large&quot;:&quot;https:\\\/\\\/www.metal.de\\\/images\\\/2025\\\/06\\\/30\\\/rock-am-haertsfeldsee-2025-eisbrecher-STE_8695-900x599.jpg 900w&quot;,&quot;medium&quot;:&quot;https:\\\/\\\/www.metal.de\\\/images\\\/2025\\\/06\\\/30\\\/rock-am-haertsfeldsee-2025-eisbrecher-STE_8695-600x399.jpg 600w&quot;,&quot;small&quot;:&quot;https:\\\/\\\/www.metal.de\\\/images\\\/2025\\\/06\\\/30\\\/rock-am-haertsfeldsee-2025-eisbrecher-STE_8695-400x266.jpg 400w&quot;},{&quot;large&quot;:&quot;https:\\\/\\\/www.metal.de\\\/images\\\/2025\\\/06\\\/30\\\/rock-am-haertsfeldsee-2025-eisbrecher-STE_8667-900x1125.jpg 900w&quot;,&quot;medium&quot;:&quot;https:\\\/\\\/www.metal.de\\\/images\\\/2025\\\/06\\\/30\\\/rock-am-haertsfeldsee-2025-eisbrecher-STE_8667-600x750.jpg 600w&quot;,&quot;small&quot;:&quot;https:\\\/\\\/www.metal.de\\\/images\\\/2025\\\/06\\\/30\\\/rock-am-haertsfeldsee-2025-eisbrecher-STE_8667-400x500.jpg 400w&quot;},{&quot;large&quot;:&quot;https:\\\/\\\/www.metal.de\\\/images\\\/2025\\\/06\\\/30\\\/rock-am-haertsfeldsee-2025-eisbrecher-STL_8071-900x1125.jpg 900w&quot;,&quot;medium&quot;:&quot;https:\\\/\\\/www.metal.de\\\/images\\\/2025\\\/06\\\/30\\\/rock-am-haertsfeldsee-2025-eisbrecher-STL_8071-600x750.jpg 600w&quot;,&quot;small&quot;:&quot;https:\\\/\\\/www.metal.de\\\/images\\\/2025\\\/06\\\/30\\\/rock-am-haertsfeldsee-2025-eisbrecher-STL_8071-400x500.jpg 400w&quot;},{&quot;large&quot;:&quot;https:\\\/\\\/www.metal.de\\\/images\\\/2025\\\/06\\\/30\\\/rock-am-haertsfeldsee-2025-eisbrecher-STL_8116-900x599.jpg 900w&quot;,&quot;medium&quot;:&quot;https:\\\/\\\/www.metal.de\\\/images\\\/2025\\\/06\\\/30\\\/rock-am-haertsfeldsee-2025-eisbrecher-STL_8116-600x399.jpg 600w&quot;,&quot;small&quot;:&quot;https:\\\/\\\/www.metal.de\\\/images\\\/2025\\\/06\\\/30\\\/rock-am-haertsfeldsee-2025-eisbrecher-STL_8116-400x266.jpg 400w&quot;},{&quot;large&quot;:&quot;https:\\\/\\\/www.metal.de\\\/images\\\/2025\\\/06\\\/30\\\/rock-am-haertsfeldsee-2025-eisbrecher-STL_8098-900x1125.jpg 900w&quot;,&quot;medium&quot;:&quot;https:\\\/\\\/www.metal.de\\\/images\\\/2025\\\/06\\\/30\\\/rock-am-haertsfeldsee-2025-eisbrecher-STL_8098-600x750.jpg 600w&quot;,&quot;small&quot;:&quot;https:\\\/\\\/www.metal.de\\\/images\\\/2025\\\/06\\\/30\\\/rock-am-haertsfeldsee-2025-eisbrecher-STL_8098-400x500.jpg 400w&quot;},{&quot;large&quot;:&quot;https:\\\/\\\/www.metal.de\\\/images\\\/2025\\\/06\\\/30\\\/rock-am-haertsfeldsee-2025-eisbrecher-STL_8119-900x1082.jpg 900w&quot;,&quot;medium&quot;:&quot;https:\\\/\\\/www.metal.de\\\/images\\\/2025\\\/06\\\/30\\\/rock-am-haertsfeldsee-2025-eisbrecher-STL_8119-600x721.jpg 600w&quot;,&quot;small&quot;:&quot;https:\\\/\\\/www.metal.de\\\/images\\\/2025\\\/06\\\/30\\\/rock-am-haertsfeldsee-2025-eisbrecher-STL_8119-400x481.jpg 400w&quot;},{&quot;large&quot;:&quot;https:\\\/\\\/www.metal.de\\\/images\\\/2025\\\/06\\\/30\\\/rock-am-haertsfeldsee-2025-eisbrecher-STE_8715-900x599.jpg 900w&quot;,&quot;medium&quot;:&quot;https:\\\/\\\/www.metal.de\\\/images\\\/2025\\\/06\\\/30\\\/rock-am-haertsfeldsee-2025-eisbrecher-STE_8715-600x399.jpg 600w&quot;,&quot;small&quot;:&quot;https:\\\/\\\/www.metal.de\\\/images\\\/2025\\\/06\\\/30\\\/rock-am-haertsfeldsee-2025-eisbrecher-STE_8715-400x266.jpg 400w&quot;}]\" href=\"https:\/\/www.metal.de\/bilder\/eisbrecher-rock-am-haertsfeldsee-2025-581164\/\" data-category=\"Galerie im Artikel\" data-action=\"Galerie \u00f6ffnen\" data-label=\"In Extremo - Weckt Die Toten! Festival 2026 \u2022 metal.de (Artikel-ID: 592741, Galerie-ID: 581164)\" rel=\"nofollow noopener\" target=\"_blank\"><strong class=\"gallery-info\">Galerie mit 20 Bildern: Eisbrecher &#8211; Rock Am H\u00e4rtsfeldsee 2025<\/strong><img width=\"150\" height=\"100\" src=\"https:\/\/www.europesays.com\/de\/wp-content\/uploads\/2025\/09\/rock-am-haertsfeldsee-2025-eisbrecher-STE_8595-150x100.jpg\" class=\"attachment-article_teaser_small size-article_teaser_small\" alt=\"Konzertfoto von Eisbrecher - Rock Am H\u00e4rtsfeldsee 2025\" decoding=\"async\" loading=\"lazy\"  \/><img width=\"150\" height=\"100\" src=\"https:\/\/www.europesays.com\/de\/wp-content\/uploads\/2025\/09\/rock-am-haertsfeldsee-2025-eisbrecher-STE_8682-150x100.jpg\" class=\"attachment-article_teaser_small size-article_teaser_small\" alt=\"Konzertfoto von Eisbrecher - Rock Am H\u00e4rtsfeldsee 2025\" decoding=\"async\" loading=\"lazy\"  \/><img width=\"150\" height=\"100\" src=\"https:\/\/www.europesays.com\/de\/wp-content\/uploads\/2025\/09\/rock-am-haertsfeldsee-2025-eisbrecher-STE_8610-150x100.jpg\" class=\"attachment-article_teaser_small size-article_teaser_small\" alt=\"Konzertfoto von Eisbrecher - Rock Am H\u00e4rtsfeldsee 2025\" decoding=\"async\" loading=\"lazy\"  \/><\/a><\/p>\n<p>                                    <a class=\"back-to-home-link\" href=\"https:\/\/www.metal.de\/\" data-category=\"Interaktion\" data-action=\"Link zur Startseite\" data-label=\"\/konzerte\/in-extremo-weckt-die-toten-festival-2026-592741\" rel=\"nofollow noopener\" target=\"_blank\">Zur Startseite<\/a><\/p>\n<ul class=\"social\">\n<li class=\"share-me\"><strong>Diesen Artikel teilen<\/strong><\/li>\n<li><a href=\"https:\/\/www.facebook.com\/sharer\/sharer.php?u=https%3A%2F%2Fwww.metal.de%2Fkonzerte%2Fin-extremo-weckt-die-toten-festival-2026-592741%2F%3Futm_campaign%3DContent%2520Sharing%26utm_source%3DFacebook\" rel=\"nofollow noopener\" target=\"_blank\" class=\"facebook-share\" data-category=\"Content Sharing\" data-action=\"Facebook\" data-label=\"https:\/\/www.metal.de\/konzerte\/in-extremo-weckt-die-toten-festival-2026-592741\/\"><\/li>\n<li><a href=\"https:\/\/twitter.com\/intent\/tweet?text=In%20Extremo%20%26%238211%3B%20Weckt%20Die%20Toten%21%20Festival%202026&amp;url=https%3A%2F%2Fwww.metal.de%2Fkonzerte%2Fin-extremo-weckt-die-toten-festival-2026-592741%2F%3Futm_campaign%3DContent%2520Sharing%26utm_source%3DTwitter\" rel=\"nofollow noopener\" target=\"_blank\" class=\"twitter-share\" data-category=\"Content Sharing\" data-action=\"Twitter\" data-label=\"https:\/\/www.metal.de\/konzerte\/in-extremo-weckt-die-toten-festival-2026-592741\/\"><\/li>\n<li><a href=\"mailto:?subject=In%20Extremo%20-%20Weckt%20Die%20Toten%21%20Festival%202026%20-%20News%20auf%20metal.de&amp;body=Hi%21%20Schau%20Dir%20mal%20diesen%20Artikel%20an%3A%20https%3A%2F%2Fwww.metal.de%2Fkonzerte%2Fin-extremo-weckt-die-toten-festival-2026-592741%2F%3Futm_campaign%3DContent%2520Sharing%26utm_source%3DEmail\" rel=\"nofollow\" class=\"email-share\" data-category=\"Content Sharing\" data-action=\"E-Mail\" data-label=\"https:\/\/www.metal.de\/konzerte\/in-extremo-weckt-die-toten-festival-2026-592741\/\"\/><\/li>\n<li><a href=\"whatsapp:\/\/send?text=Hi%21%20Schau%20Dir%20mal%20diesen%20Artikel%20an%3A%20https%3A%2F%2Fwww.metal.de%2Fkonzerte%2Fin-extremo-weckt-die-toten-festival-2026-592741%2F%3Futm_campaign%3DContent%2520Sharing%26utm_source%3DWhatsapp\" rel=\"nofollow\" target=\"_blank\" class=\"whatsapp-share\" data-category=\"Content Sharing\" data-action=\"Whatsapp\" data-label=\"https:\/\/www.metal.de\/konzerte\/in-extremo-weckt-die-toten-festival-2026-592741\/\"><\/li>\n<\/ul>\n<p>                            <script async src=\"https:\/\/platform.twitter.com\/widgets.js\" charset=\"utf-8\"><\/script><\/p>\n","protected":false},"excerpt":{"rendered":"Location: Freilichtb\u00fchne Pei\u00dfnitz, Birkenallee &#8211; Pei\u00dfnitzinsel, 95126 Schwarzenbach An Der Saale, Deutschland Die Verr\u00fcckten sind auch 2026 wieder&hellip;\n","protected":false},"author":2,"featured_media":399962,"comment_status":"","ping_status":"","sticky":false,"template":"","format":"standard","meta":{"footnotes":""},"categories":[1772],"tags":[29,214,30,1779,810,215],"class_list":{"0":"post-399961","1":"post","2":"type-post","3":"status-publish","4":"format-standard","5":"has-post-thumbnail","7":"category-musik","8":"tag-deutschland","9":"tag-entertainment","10":"tag-germany","11":"tag-music","12":"tag-musik","13":"tag-unterhaltung"},"share_on_mastodon":{"url":"https:\/\/pubeurope.com\/@de\/115154247200616072","error":""},"_links":{"self":[{"href":"https:\/\/www.europesays.com\/de\/wp-json\/wp\/v2\/posts\/399961","targetHints":{"allow":["GET"]}}],"collection":[{"href":"https:\/\/www.europesays.com\/de\/wp-json\/wp\/v2\/posts"}],"about":[{"href":"https:\/\/www.europesays.com\/de\/wp-json\/wp\/v2\/types\/post"}],"author":[{"embeddable":true,"href":"https:\/\/www.europesays.com\/de\/wp-json\/wp\/v2\/users\/2"}],"replies":[{"embeddable":true,"href":"https:\/\/www.europesays.com\/de\/wp-json\/wp\/v2\/comments?post=399961"}],"version-history":[{"count":0,"href":"https:\/\/www.europesays.com\/de\/wp-json\/wp\/v2\/posts\/399961\/revisions"}],"wp:featuredmedia":[{"embeddable":true,"href":"https:\/\/www.europesays.com\/de\/wp-json\/wp\/v2\/media\/399962"}],"wp:attachment":[{"href":"https:\/\/www.europesays.com\/de\/wp-json\/wp\/v2\/media?parent=399961"}],"wp:term":[{"taxonomy":"category","embeddable":true,"href":"https:\/\/www.europesays.com\/de\/wp-json\/wp\/v2\/categories?post=399961"},{"taxonomy":"post_tag","embeddable":true,"href":"https:\/\/www.europesays.com\/de\/wp-json\/wp\/v2\/tags?post=399961"}],"curies":[{"name":"wp","href":"https:\/\/api.w.org\/{rel}","templated":true}]}}