{"id":400039,"date":"2025-09-05T23:59:23","date_gmt":"2025-09-05T23:59:23","guid":{"rendered":"https:\/\/www.europesays.com\/de\/400039\/"},"modified":"2025-09-05T23:59:23","modified_gmt":"2025-09-05T23:59:23","slug":"erneuter-unfall-mit-e-bike-an-dieser-strasse","status":"publish","type":"post","link":"https:\/\/www.europesays.com\/de\/400039\/","title":{"rendered":"Erneuter Unfall mit E-Bike an dieser Stra\u00dfe"},"content":{"rendered":"<p class=\"expressive-copy-lg-body\">Bei einem Unfall mit einem Auto und <a href=\"https:\/\/www.waz.de\/lokales\/oberhausen\/article409543749\/unfaelle-in-oberhausen-zwei-mal-lindnerstrasse-an-einem-tag.html\" data-category-full-path=\"https:\/\/www.waz.de\/lokales\/oberhausen\/\" data-paid-status=\"free\" data-article-publish-date=\"1752837790\" rel=\"nofollow noopener\" target=\"_blank\">einem E-Bike hat sich der Radfahrer <\/a>verletzt. Der Unfall ereignete sich laut Polizeibericht am Donnerstagmorgen, 4. September, gegen 7.20 Uhr auf der Konrad-Adenauer-Allee \/ Ecke Lindnerstra\u00dfe in Oberhausen in der N\u00e4he vom Stadion Niederrhein.<\/p>\n<p>   Oberhausen-Newsletter: Jetzt kostenlos anmelden!<\/p>\n<p class=\"text-body2 mt-2\">Nachrichten, Service, Reportagen: Jeden Tag wissen, was in unserer Stadt los ist.<\/p>\n<p class=\"text-caption text-copy-secondary\">\n          Mit meiner Anmeldung zum Newsletter stimme ich der<br \/>\n          <a href=\"https:\/\/www.waz.de\/services\/newsletter-adconsent\" class=\"text-overline text-copy-accent-negative dark:underline\" rel=\"nofollow noopener\" target=\"_blank\">Werbevereinbarung<\/a><br \/>\n          zu.\n        <\/p>\n<p class=\"expressive-copy-lg-body\">Bereits am Donnerstag, 17. Juli 2025, also vor sieben Wochen, r\u00fcckte der Rettungsdienst zu zwei St\u00fcrzen mit Radfahrern aus. Die Unf\u00e4lle passierten nur wenige Meter entfernt von der jetzigen Unfallstelle.<\/p>\n<p>    Auch interessant<\/p>\n<p>    <img decoding=\"async\" src=\"https:\/\/www.europesays.com\/de\/wp-content\/uploads\/2025\/07\/409544002_1752837795_v16_9_1200.jpeg\" class=\"block w-full object-cover relative z-10 aspect-[1\/1] \" alt=\"Gleich zwei Mal sind Polizei und Rettungsdienst am Donnerstag, 17. Juli, zur Lindnerstra\u00dfe in Oberhausen ausger\u00fcckt.\" title=\"Gleich zwei Mal sind Polizei und Rettungsdienst am Donnerstag, 17. Juli, zur Lindnerstra\u00dfe in Oberhausen ausger\u00fcckt.\" loading=\"lazy\"\/><\/p>\n<p class=\"expressive-copy-lg-body\">\u00dcber den aktuellen Fall schreibt die Polizei, dass ein 25-j\u00e4hriger E-Bike-Fahrer offenbar die Konrad-Adenauer-Allee Richtung Lindnerstra\u00dfe \u00fcberqueren wollte. Gleichzeitig bog ein 89-j\u00e4hriger Autofahrer von der Lindnerstra\u00dfe rechts auf die Konrad-Adenauer-Allee ab.<\/p>\n<p>E-Bike-Unfall in Oberhausen: Radfahrer verletzt, Autofahrer unverletzt <\/p>\n<p class=\"expressive-copy-lg-body\">Die Verkehrsteilnehmer versuchten noch zu bremsen, konnten einen Zusammensto\u00df aber nicht mehr verhindern. Der Radfahrer verletzte sich durch den Sturz. Rettungskr\u00e4fte brachten den jungen Mann ins Krankenhaus. Der Autofahrer blieb unverletzt. W\u00e4hrend die Polizei den Unfall aufnahm, staute sich der Morgenverkehr zwischenzeitig in dem Bereich.<\/p>\n<p>    Auch interessant<\/p>\n<p>    <img decoding=\"async\" src=\"https:\/\/www.europesays.com\/de\/wp-content\/uploads\/2025\/09\/409915308_1756983631_v16_9_1200.jpeg\" class=\"block w-full object-cover relative z-10 aspect-[1\/1] \" alt=\"Mit Schlangenlinien durch Oberhausen: Eine aufmerksame Zeugin stoppte die 61-j\u00e4hrige Fahrerin, die offenbar betrunken war. (Symbolbild)\" title=\"Mit Schlangenlinien durch Oberhausen: Eine aufmerksame Zeugin stoppte die 61-j\u00e4hrige Fahrerin, die offenbar betrunken war. (Symbolbild)\" loading=\"lazy\"\/><\/p>\n<p class=\"expressive-copy-lg-body\"><a href=\"https:\/\/www.waz.de\/lokales\/oberhausen\/article409543749\/unfaelle-in-oberhausen-zwei-mal-lindnerstrasse-an-einem-tag.html\" data-category-full-path=\"https:\/\/www.waz.de\/lokales\/oberhausen\/\" data-paid-status=\"free\" data-article-publish-date=\"1752837790\" rel=\"nofollow noopener\" target=\"_blank\">Die vergangenen zwei Unf\u00e4lle an der Lindnerstra\u00dfe<\/a> ereigneten sich am Donnerstag, 17. Juli 2025, innerhalb weniger Stunden. Erst st\u00fcrzte nach Angaben der Polizei gegen 13.20 Uhr eine Frau in H\u00f6he der Hausnummer 27 mit ihrem E-Bike. Die 63-J\u00e4hrige habe einem Lkw ausweichen m\u00fcssen, der den dortigen Schutzstreifen blockiert haben. <\/p>\n<p>Oberhausen: 74-j\u00e4hriger E-Bike-Fahrer bleibt an Bordsteinkante h\u00e4ngen<\/p>\n<p class=\"expressive-copy-lg-body\">Beim Wechsel von der Fahrbahn auf den Gehweg blieb die Frau offenbar am Bordstein h\u00e4ngen und st\u00fcrzte. Der Rettungsdienst brachte die Frau ins Krankenhaus.<\/p>\n<p class=\"expressive-copy-lg-body\">Am selben Tag st\u00fcrzte wenig sp\u00e4ter ein 74-j\u00e4hriger Mann mit seinem E-Bike. Er war gegen 17.10 Uhr in H\u00f6he des Sportplatzes auf der Lindnerstra\u00dfe unterwegs und wollte den auf der Fahrbahn gekennzeichneten Fahrstreifen verlassen. Die Polizei schildert, dass der Mann beim \u00dcbergang auf eine Schotterfl\u00e4che an den Bordstein geraten sei. Dabei habe der Mann die Kontrolle \u00fcber sein Pedelec verloren. Auch er wurde vom Rettungsdienst versorgt und in ein Krankenhaus gefahren. <\/p>\n","protected":false},"excerpt":{"rendered":"Bei einem Unfall mit einem Auto und einem E-Bike hat sich der Radfahrer verletzt. Der Unfall ereignete sich&hellip;\n","protected":false},"author":2,"featured_media":400040,"comment_status":"","ping_status":"","sticky":false,"template":"","format":"standard","meta":{"footnotes":""},"categories":[1838],"tags":[3364,29,3715,30,1209],"class_list":{"0":"post-400039","1":"post","2":"type-post","3":"status-publish","4":"format-standard","5":"has-post-thumbnail","7":"category-duisburg","8":"tag-de","9":"tag-deutschland","10":"tag-duisburg","11":"tag-germany","12":"tag-nordrhein-westfalen"},"share_on_mastodon":{"url":"https:\/\/pubeurope.com\/@de\/115154410917886131","error":""},"_links":{"self":[{"href":"https:\/\/www.europesays.com\/de\/wp-json\/wp\/v2\/posts\/400039","targetHints":{"allow":["GET"]}}],"collection":[{"href":"https:\/\/www.europesays.com\/de\/wp-json\/wp\/v2\/posts"}],"about":[{"href":"https:\/\/www.europesays.com\/de\/wp-json\/wp\/v2\/types\/post"}],"author":[{"embeddable":true,"href":"https:\/\/www.europesays.com\/de\/wp-json\/wp\/v2\/users\/2"}],"replies":[{"embeddable":true,"href":"https:\/\/www.europesays.com\/de\/wp-json\/wp\/v2\/comments?post=400039"}],"version-history":[{"count":0,"href":"https:\/\/www.europesays.com\/de\/wp-json\/wp\/v2\/posts\/400039\/revisions"}],"wp:featuredmedia":[{"embeddable":true,"href":"https:\/\/www.europesays.com\/de\/wp-json\/wp\/v2\/media\/400040"}],"wp:attachment":[{"href":"https:\/\/www.europesays.com\/de\/wp-json\/wp\/v2\/media?parent=400039"}],"wp:term":[{"taxonomy":"category","embeddable":true,"href":"https:\/\/www.europesays.com\/de\/wp-json\/wp\/v2\/categories?post=400039"},{"taxonomy":"post_tag","embeddable":true,"href":"https:\/\/www.europesays.com\/de\/wp-json\/wp\/v2\/tags?post=400039"}],"curies":[{"name":"wp","href":"https:\/\/api.w.org\/{rel}","templated":true}]}}