{"id":400056,"date":"2025-09-06T00:09:18","date_gmt":"2025-09-06T00:09:18","guid":{"rendered":"https:\/\/www.europesays.com\/de\/400056\/"},"modified":"2025-09-06T00:09:18","modified_gmt":"2025-09-06T00:09:18","slug":"im-oberbuergermeister-talk-wird-naechster-schritt-genannt","status":"publish","type":"post","link":"https:\/\/www.europesays.com\/de\/400056\/","title":{"rendered":"Im Oberb\u00fcrgermeister-Talk wird n\u00e4chster Schritt genannt"},"content":{"rendered":"<p class=\"expressive-copy-lg-body\">Auf dem Podium steht ein Sprungkasten, daneben ein Tisch mit einem Medizin- und einem Basketball. Ein klarer Hinweis: Sport ist das Thema an diesem Nachmittag im ChorForum Essen, einer ehemaligen Kirche im S\u00fcdviertel. Sechs der acht Kandidaten, <a href=\"https:\/\/www.waz.de\/lokales\/essen\/article409574603\/kommunalwahl-2025-das-sind-essens-oberbuergermeister-kandidaten.html\" data-category-full-path=\"https:\/\/www.waz.de\/lokales\/essen\/\" data-paid-status=\"default\" data-article-publish-date=\"1756724871\" rel=\"nofollow noopener\" target=\"_blank\">die bei der Kommunalwahl am Sonntag, 14. September 2025, das Amt des Oberb\u00fcrgermeisters anstreben<\/a>, sind vor Ort, um auf Einladung des Essener Sportbunds (Espo) \u00fcber die Zukunft des Breiten- und Leistungssports der Stadt zu diskutieren. \u201eDie Sportler der Stadt\u201c, sagt Espo-Gesch\u00e4ftsf\u00fchrer Thorsten Fl\u00fcgel vor den rund 300 Zuschauern, \u201esind die gr\u00f6\u00dfte gesellschaftliche Gruppierung in Essen\u201c.<\/p>\n<p class=\"expressive-copy-lg-body\">In der Tat ist der organisierte Sport der Stadt eine nicht zu untersch\u00e4tzende Gr\u00f6\u00dfe: \u00dcber 130.000 Mitglieder sind in den 470 Vereinen gemeldet. Und Sport ist so viel mehr als reine k\u00f6rperliche Ert\u00fcchtigung: Er lehrt Kinder Verantwortung, schult demokratisches Denken, beschleunigt Integration. \u201eDer Sport hat viele soziale Aufgaben\u201c, sagt Fl\u00fcgel. \u201eWas w\u00fcrde die Stadt wohl tun, wenn alle Sportvereine zwei Wochen lang dicht machen w\u00fcrden und es andere Wege braucht, um Kinder zu besch\u00e4ftigen?\u201c <\/p>\n<p>    <img decoding=\"async\" src=\"https:\/\/www.europesays.com\/de\/wp-content\/uploads\/2025\/09\/408191779_1757086188_v16_9_1200.jpeg\" class=\"block w-full object-cover relative z-10 aspect-[16\/9] \" alt=\"Das Stadion an der Hafenstra\u00dfe, Heimat von Rot-Weiss Essen, aus der Luft.\" title=\"Das Stadion an der Hafenstra\u00dfe, Heimat von Rot-Weiss Essen, aus der Luft.\" loading=\"lazy\"\/><\/p>\n<p>\n      Das Stadion an der Hafenstra\u00dfe, Heimat von Rot-Weiss Essen, aus der Luft.<br \/>\n      \u00a9 FUNKE Foto Services | Hans Blossey\n    <\/p>\n<p>  Sporttalk mit Essener Oberb\u00fcrgermeisterkandidaten: Sanierung von Sporthallen<\/p>\n<p class=\"expressive-copy-lg-body\">Und so sprechen Amtsinhaber Thomas Kufen (CDU), Julia Klewin (SPD), Inga Sponheuer (Gr\u00fcne), Heiko M\u00fcller (FDP), Andreas Lojewski (AfD) und J\u00f6rg K\u00fcpperfahrenberg (EBB) knapp eineinhalb Stunden lang \u00fcber die derzeitige Situation und die m\u00f6gliche Zukunft des organisierten Sports. Wirklich Verbindliches kommt erwartungsgem\u00e4\u00df nicht heraus, aber eine Idee der m\u00f6glichen Entwicklung k\u00f6nnen die Anwesenden, der Gro\u00dfteil der Essener Sportszene und -vereine angeh\u00f6rend, trotzdem gewinnen. So ist der Umbau der st\u00e4dtischen Asche- zu Fu\u00dfball-Kunstrasenpl\u00e4tzen kurz vor dem Abschluss und die Sanierung der Sporthallen wird weiter fortgesetzt mit besonderem Augenmerk auf Energieeffizienz und Barrierefreiheit. \u201eWir k\u00f6nnen nicht alle Hallen gleichzeitig sanieren, sonst w\u00fcrden wir den Sport ja lahmlegen. Das muss klug hintereinander erfolgen\u201c, sagt Oberb\u00fcrgermeister Thomas Kufen.<\/p>\n<p class=\"expressive-copy-lg-body\">Der Bau einer neuen Gro\u00dfsporthalle, in der unter anderem die Handballer des Tusem Essen spielen k\u00f6nnten? Denkbar f\u00fcr fast alle Parteien, <a href=\"https:\/\/www.waz.de\/lokales\/essen\/article407281381\/eishalle-am-essener-westbahnhof-steht-vor-abriss-und-neubau.html\" data-category-full-path=\"https:\/\/www.waz.de\/lokales\/essen\/\" data-paid-status=\"premium\" data-article-publish-date=\"1726665258\" rel=\"nofollow noopener\" target=\"_blank\">genauso wie der Neubau einer Eissporthalle als Ersatz f\u00fcr die marode Sportst\u00e4tte am Westbahnho<\/a>f. F\u00fcr letzteres Projekt soll eine Machbarkeitsstudie Ende des Jahres stehen, nachdem der <a href=\"https:\/\/www.waz.de\/lokales\/essen\/article409414595\/stadionausbau-beschlossen-so-lief-der-schlagabtausch-im-rat.html\" data-category-full-path=\"https:\/\/www.waz.de\/lokales\/essen\/\" data-paid-status=\"premium\" data-article-publish-date=\"1751475212\" rel=\"nofollow noopener\" target=\"_blank\">Ausbau des Stadions an der Hafenstra\u00dfe j\u00fcngst beschlossen wurde<\/a>.<\/p>\n<p>  Sporttalk mit Essener Oberb\u00fcrgermeisterkandidaten: Weniger B\u00fcrokratie<\/p>\n<p class=\"expressive-copy-lg-body\">Und sonst? Gab es keine gro\u00dfen Kontroversen, die Versprechen und Ideen der Kandidaten gingen in \u00e4hnliche Richtungen: mehr Digitalisierung und entsprechend weniger B\u00fcrokratie in der Verwaltung, um den Klubs Arbeit zu sparen und die Kommunikation untereinander zu erleichtern. Lehrschwimmbecken bauen, um die Zahl der Nichtschwimmer zu verringern. Eine engere Kooperation mit dem Sportbund, um die Bed\u00fcrfnisse der Vereine schneller zu erfassen. Was die von Tobias H\u00e4usler moderierte Fragerunde aber deutlich machte: Sport ist in Essen immer ein Thema. Und wenn es um die Kommunalwahl geht, kein kleines.<\/p>\n","protected":false},"excerpt":{"rendered":"Auf dem Podium steht ein Sprungkasten, daneben ein Tisch mit einem Medizin- und einem Basketball. Ein klarer Hinweis:&hellip;\n","protected":false},"author":2,"featured_media":400057,"comment_status":"","ping_status":"","sticky":false,"template":"","format":"standard","meta":{"footnotes":""},"categories":[1834],"tags":[3364,29,3688,30,1209],"class_list":{"0":"post-400056","1":"post","2":"type-post","3":"status-publish","4":"format-standard","5":"has-post-thumbnail","7":"category-essen","8":"tag-de","9":"tag-deutschland","10":"tag-essen","11":"tag-germany","12":"tag-nordrhein-westfalen"},"share_on_mastodon":{"url":"https:\/\/pubeurope.com\/@de\/115154450168870299","error":""},"_links":{"self":[{"href":"https:\/\/www.europesays.com\/de\/wp-json\/wp\/v2\/posts\/400056","targetHints":{"allow":["GET"]}}],"collection":[{"href":"https:\/\/www.europesays.com\/de\/wp-json\/wp\/v2\/posts"}],"about":[{"href":"https:\/\/www.europesays.com\/de\/wp-json\/wp\/v2\/types\/post"}],"author":[{"embeddable":true,"href":"https:\/\/www.europesays.com\/de\/wp-json\/wp\/v2\/users\/2"}],"replies":[{"embeddable":true,"href":"https:\/\/www.europesays.com\/de\/wp-json\/wp\/v2\/comments?post=400056"}],"version-history":[{"count":0,"href":"https:\/\/www.europesays.com\/de\/wp-json\/wp\/v2\/posts\/400056\/revisions"}],"wp:featuredmedia":[{"embeddable":true,"href":"https:\/\/www.europesays.com\/de\/wp-json\/wp\/v2\/media\/400057"}],"wp:attachment":[{"href":"https:\/\/www.europesays.com\/de\/wp-json\/wp\/v2\/media?parent=400056"}],"wp:term":[{"taxonomy":"category","embeddable":true,"href":"https:\/\/www.europesays.com\/de\/wp-json\/wp\/v2\/categories?post=400056"},{"taxonomy":"post_tag","embeddable":true,"href":"https:\/\/www.europesays.com\/de\/wp-json\/wp\/v2\/tags?post=400056"}],"curies":[{"name":"wp","href":"https:\/\/api.w.org\/{rel}","templated":true}]}}