{"id":400416,"date":"2025-09-06T03:28:13","date_gmt":"2025-09-06T03:28:13","guid":{"rendered":"https:\/\/www.europesays.com\/de\/400416\/"},"modified":"2025-09-06T03:28:13","modified_gmt":"2025-09-06T03:28:13","slug":"fluege-ab-kassel-friedrichshafen-und-hamburg-fischer-air-soll-zum-dritten-mal-wiederauferstehen","status":"publish","type":"post","link":"https:\/\/www.europesays.com\/de\/400416\/","title":{"rendered":"Fl\u00fcge ab Kassel, Friedrichshafen und Hamburg: Fischer Air soll zum dritten Mal wiederauferstehen"},"content":{"rendered":"\n<p>Es gibt Unternehmen, die mehrere Anl\u00e4ufe ben\u00f6tigen, bevor ihnen der wirtschaftliche Durchbruch gelingt. Ein beliebtes Beispiel hierf\u00fcr ist Honda. Der Gr\u00fcndervater, Soichiro Honda, hatte zwei gescheiterte Versuche hinter sich. Doch schlie\u00dflich gelang ihm mit seinem dritten Unternehmen, der Honda Motor Co., der Durchbruch.<\/p>\n<p>\u00c4hnlich l\u00e4uft es beim deutsch-tschechischen Unternehmer Vaclav Fischer. Fischer betrieb neun Jahre lang mit Fischer Air eine eigene Fluggesellschaft, die mit bis zu drei Boeing 737-300 Charterfl\u00fcge ab Deutschland anbot. Doch im Jahr 2005 folgte der Konkurs.<\/p>\n<p>Fischer Air mit Versuch Nummer drei<\/p>\n<p>Nun erfolgte die dritte Ank\u00fcndigung des Comebacks. Fischer Air will ab Weihnachten Kassel und Friedrichshafen mit den Kanarischen Inseln verbinden. Ab 29.M\u00e4rz will die Airline auch vom Flughafen Hamburg starten. Ziele sind Gran Canaria und Fuerteventura. Die Pl\u00e4ne best\u00e4tigte Vaclav Fischer gegen\u00fcber dem Portal Airliners. Durchgef\u00fchrt werden sollen die Fl\u00fcge mit zwei Boeing 737-800.<\/p>\n<p>Fischer Air stationiert Boeing 737-800 in Kassel<\/p>\n<p>Besonders der Flughafen Kassel-Calden freut sich \u00fcber den Neustart. Gegen\u00fcber <a href=\"https:\/\/www.hna.de\/lokales\/hofgeismar\/calden-ort74694\/stationierte-maschine-an-kassel-airport-kuendigt-mehr-fluege-und-93913921.html\" id=\"a0eb7ea4-0b2d-4069-adf0-5e782bae2adc\" target=\"_blank\" rel=\"noopener noreferrer\">HNA<\/a> verk\u00fcndete Flughafenchef Lars Ernst, dass die ersten Fl\u00fcge am 21. Dezember starten sollen. Im Winterprogramm stehen Gran Canaria, Fuerteventura, Teneriffa und Hurghada. Im M\u00e4rz kommen mit Mallorca und Kreta zwei weitere Ziele hinzu. Laut Ernst plant Vaclav Fischer auch eine Boeing 737-800 in Calden zu stationieren.<\/p>\n<p>Auch der Flughafen Friedrichshafen best\u00e4tigt gegen\u00fcber aeroTELEGRAPH das Engagement von Fischer Airlines. Ein Sprecher teilt mit, dass man mit Herrn Fischer in engem Austausch \u00fcber ein \u00abm\u00f6gliches touristisches Flugprogramm\u00bb ab Friedrichshafen stehe. Intensive Gespr\u00e4che dazu gebe es bereits seit letztem Jahr.<\/p>\n<p>Hamburg lehnt Kommentar ab<\/p>\n<p>Ein konkretes Startdatum k\u00f6nne der Flughafen derzeit noch nicht nennen, erkl\u00e4rte der Sprecher. Man verf\u00fcge derzeit noch nicht \u00fcber einen Flugplan von Fischer-Air. Der Sprecher verwies darauf, dass im Internet bei Fischer-Reisen zwar Fl\u00fcge buchbar seien, es dem Management in Friedrichshafen jedoch noch nicht bekannt sei, wer die ausf\u00fchrende Fluggesellschaft sei.<\/p>\n<p> <a class=\"\" href=\"http:\/\/ocdn.eu\/images\/pulscms\/ZGQ7MDA_\/e08f4a60-13b1-46d8-8462-cfe3631e1985.jpeg\" target=\"_blank\" data-pswp-src=\"http:\/\/ocdn.eu\/images\/pulscms\/ZGQ7MDA_\/e08f4a60-13b1-46d8-8462-cfe3631e1985.jpeg\" data-pswp-width=\"1306\" data-pswp-height=\"632\" rel=\"noopener\"> <img src=\"https:\/\/www.europesays.com\/de\/wp-content\/uploads\/2025\/09\/xCqk9lQaHR0cDovL29jZG4uZXUvaW1hZ2VzL3B1bHNjbXMvWkdRN01EQV8vZTA4ZjRhNjAtMTNiMS00NmQ4LTg0NjItY2ZlMzYzM.jpeg\" alt=\"Boeing 737 von Fischer Air im Jahr 2002: Heben bald wieder Fischer-Jets ab?\" transform=\"resizeCropAuto\" loading=\"lazy\" fetchpriority=\"auto\" decoding=\"async\" width=\"680\" height=\"329\" class=\"RingImage _RingImage_km0le_1 \"\/> <\/a>  <\/p>\n<p>Der Flughafen Hamburg erkl\u00e4rt auf eine Anfrage von aeroTELEGRAPH knapp: \u00abAktuell k\u00f6nnen wir das nicht kommentieren\u00bb.<\/p>\n<p>Business Class mit Lounge-Zugang<\/p>\n<p>Fischer Air hat auf ihrer Website mitgeteilt, dass man neben einer Economy Class auch eine Business Class anbieten werde. Branchen\u00fcblich mit freiem Mittelsitz, 30 Kilo Aufgabegep\u00e4ck, freien Getr\u00e4nken und einem Lounge-Zugang.<\/p>\n<p>Economy-Reisende bekommen 8 Kilo Handgep\u00e4ck und 20 Kilo Aufgabegep\u00e4ck, kostenfreies Wasser, Snacks und Getr\u00e4nke zu g\u00fcnstigen Preisen. Beide Tickets sind nicht stornierbar. Bezahlt werden kann per Rechnung und Bank\u00fcberweisung.<\/p>\n<p>Fischer Air ist jetzt slowakisch &#8211; mit Filiale in Friedrichshafen<\/p>\n<p>Gegen\u00fcber Airliners f\u00fchrt Fischer weiter aus, dass er bereits seit 2019 an der Neugr\u00fcndung arbeite. Anders als fr\u00fcher ist Fischer Air aber keine tschechische Airline mehr, sondern Fischer hat Fischer Air s.r.o. in der Slowakei gegr\u00fcndet. Wie der Flughafen Friedrichshafen gegen\u00fcber aeroTELEGRAPH verr\u00e4t, hat diese Firma eine Zweigniederlassung in Friedrichshafen gegr\u00fcndet, die den Vertrieb \u00fcbernehmen soll. Vielleicht hat Fischer es ja mit Honda gemeinsam, dass der dritte Versuch klappt.<\/p>\n","protected":false},"excerpt":{"rendered":"Es gibt Unternehmen, die mehrere Anl\u00e4ufe ben\u00f6tigen, bevor ihnen der wirtschaftliche Durchbruch gelingt. Ein beliebtes Beispiel hierf\u00fcr ist&hellip;\n","protected":false},"author":2,"featured_media":400417,"comment_status":"","ping_status":"","sticky":false,"template":"","format":"standard","meta":{"footnotes":""},"categories":[2],"tags":[29,106766,24910,106767,106768,30,13,14,15,12,10,8,9,11],"class_list":{"0":"post-400416","1":"post","2":"type-post","3":"status-publish","4":"format-standard","5":"has-post-thumbnail","7":"category-deutschland","8":"tag-deutschland","9":"tag-fischer_air","10":"tag-flughafen-hamburg","11":"tag-flughafen-kassel","12":"tag-flughafen_friedrichshafen","13":"tag-germany","14":"tag-headlines","15":"tag-nachrichten","16":"tag-news","17":"tag-schlagzeilen","18":"tag-top-news","19":"tag-top-meldungen","20":"tag-topmeldungen","21":"tag-topnews"},"share_on_mastodon":{"url":"https:\/\/pubeurope.com\/@de\/115155232902673214","error":""},"_links":{"self":[{"href":"https:\/\/www.europesays.com\/de\/wp-json\/wp\/v2\/posts\/400416","targetHints":{"allow":["GET"]}}],"collection":[{"href":"https:\/\/www.europesays.com\/de\/wp-json\/wp\/v2\/posts"}],"about":[{"href":"https:\/\/www.europesays.com\/de\/wp-json\/wp\/v2\/types\/post"}],"author":[{"embeddable":true,"href":"https:\/\/www.europesays.com\/de\/wp-json\/wp\/v2\/users\/2"}],"replies":[{"embeddable":true,"href":"https:\/\/www.europesays.com\/de\/wp-json\/wp\/v2\/comments?post=400416"}],"version-history":[{"count":0,"href":"https:\/\/www.europesays.com\/de\/wp-json\/wp\/v2\/posts\/400416\/revisions"}],"wp:featuredmedia":[{"embeddable":true,"href":"https:\/\/www.europesays.com\/de\/wp-json\/wp\/v2\/media\/400417"}],"wp:attachment":[{"href":"https:\/\/www.europesays.com\/de\/wp-json\/wp\/v2\/media?parent=400416"}],"wp:term":[{"taxonomy":"category","embeddable":true,"href":"https:\/\/www.europesays.com\/de\/wp-json\/wp\/v2\/categories?post=400416"},{"taxonomy":"post_tag","embeddable":true,"href":"https:\/\/www.europesays.com\/de\/wp-json\/wp\/v2\/tags?post=400416"}],"curies":[{"name":"wp","href":"https:\/\/api.w.org\/{rel}","templated":true}]}}