{"id":400420,"date":"2025-09-06T03:30:13","date_gmt":"2025-09-06T03:30:13","guid":{"rendered":"https:\/\/www.europesays.com\/de\/400420\/"},"modified":"2025-09-06T03:30:13","modified_gmt":"2025-09-06T03:30:13","slug":"pollenflug-halle-saale-aktuell-beifuss-und-co-diese-pollen-fliegen-heute","status":"publish","type":"post","link":"https:\/\/www.europesays.com\/de\/400420\/","title":{"rendered":"Pollenflug Halle (Saale) aktuell: Beifu\u00df und Co. &#8211; Diese Pollen fliegen heute"},"content":{"rendered":"<ul>\n<li>m\u00e4\u00dfige Pollenbelastung in Halle (Saale)<\/li>\n<li>Pollenflug von Ambrosia, Beifu\u00df und Gr\u00e4sern<\/li>\n<li>Starker Regen, schwacher Wind, hohe Luftfeuchtigkeit  <\/li>\n<\/ul>\n<p>In der Region <strong>Tiefland <a href=\"https:\/\/www.news.de\/thema\/sachsen-anhalt\/1\/\" rel=\"nofollow noopener\" target=\"_blank\"><strong>Sachsen-Anhalt<\/strong><\/a><\/strong> ist am 05.09.2025 mit <a href=\"https:\/\/www.news.de\/thema\/pollen\/1\/\" rel=\"nofollow noopener\" target=\"_blank\"><strong>Pollen<\/strong><\/a> von Beifu\u00df, Gr\u00e4sern und Ambrosia zu rechnen. Typische Symptome bei Pollenallergikern sind tr\u00e4nende Augen, Niesen oder Atemprobleme, welche je nach individueller Empfindlichkeit unterschiedlich stark ausgepr\u00e4gt sind. Die folgende Tabelle gibt einen \u00dcberblick \u00fcber die vom Deutschen Wetterdienst erwartete Belastung der einzelnen Pollenarten f\u00fcr heute, morgen und \u00fcbermorgen in <strong>Halle (Saale)<\/strong>.<\/p>\n<p>Pollenflug aktuell in Halle (Saale) ab Freitag, 05.09.2025<\/p>\n<tr>PollenHeuteMorgen\u00dcbermorgen<\/tr>\n<tr>\n<td>Erle<\/td>\n<td>\ud83d\udfe9\ud83d\udfe9<\/td>\n<td>\ud83d\udfe9\ud83d\udfe9<\/td>\n<td>\ud83d\udfe9\ud83d\udfe9<\/td>\n<\/tr>\n<tr>\n<td>Birke<\/td>\n<td>\ud83d\udfe9\ud83d\udfe9<\/td>\n<td>\ud83d\udfe9\ud83d\udfe9<\/td>\n<td>\ud83d\udfe9\ud83d\udfe9<\/td>\n<\/tr>\n<tr>\n<td>Roggen<\/td>\n<td>\ud83d\udfe9\ud83d\udfe9<\/td>\n<td>\ud83d\udfe9\ud83d\udfe9<\/td>\n<td>\ud83d\udfe9\ud83d\udfe9<\/td>\n<\/tr>\n<tr>\n<td>Beifu\u00df<\/td>\n<td>\ud83d\udfe8\ud83d\udfe8<\/td>\n<td>\ud83d\udfe9\ud83d\udfe8<\/td>\n<td>\ud83d\udfe8\ud83d\udfe8<\/td>\n<\/tr>\n<tr>\n<td>Gr\u00e4ser<\/td>\n<td>\ud83d\udfe8\ud83d\udfe8<\/td>\n<td>\ud83d\udfe9\ud83d\udfe8<\/td>\n<td>\ud83d\udfe8\ud83d\udfe8<\/td>\n<\/tr>\n<tr>\n<td>Hasel<\/td>\n<td>\ud83d\udfe9\ud83d\udfe9<\/td>\n<td>\ud83d\udfe9\ud83d\udfe9<\/td>\n<td>\ud83d\udfe9\ud83d\udfe9<\/td>\n<\/tr>\n<tr>\n<td>Esche<\/td>\n<td>\ud83d\udfe9\ud83d\udfe9<\/td>\n<td>\ud83d\udfe9\ud83d\udfe9<\/td>\n<td>\ud83d\udfe9\ud83d\udfe9<\/td>\n<\/tr>\n<tr>\n<td>Ambrosia<\/td>\n<td>\ud83d\udfe8\ud83d\udfe7<\/td>\n<td>\ud83d\udfe8\ud83d\udfe8<\/td>\n<td>\ud83d\udfe8\ud83d\udfe8<\/td>\n<\/tr>\n<p><strong>Legende:<\/strong> \ud83d\udfe9\ud83d\udfe9 = keine Belastung \ud83d\udfe9\ud83d\udfe8 = keine bis geringe Belastung \ud83d\udfe8\ud83d\udfe8 = geringe Belastung \ud83d\udfe8\ud83d\udfe7 = geringe bis mittlere Belastung  <\/p>\n<p>Pollen-<a href=\"https:\/\/www.news.de\/thema\/allergie\/1\/\" rel=\"nofollow noopener\" target=\"_blank\"><strong>Allergie<\/strong><\/a>, Grippe oder doch Corona? <a title=\"Welche Infektionen jetzt grassieren - und wen es trifft\" target=\"_blank\" href=\"https:\/\/www.news.de\/gesundheit\/858236027\/corona-grippe-rsv-in-sachsen-anhalt-aktuell-im-september-2025-inzidenz-und-neue-faelle-der-krankheiten-laut-rki-stand-05-09-2025\/1\/\" rel=\"nofollow noopener\"><strong>Erfahren Sie hier, wie es aktuell um die Gesundheit der Menschen in Sachsen-Anhalt steht.<\/strong><\/a>  <\/p>\n<p>Pollen von Beifu\u00df, Gr\u00e4sern und Ambrosia in Halle (Saale)<\/p>\n<p><strong>Beifu\u00df &#8211; geringe Belastung<\/strong>  <\/p>\n<p>Beifu\u00df (Artemisia vulgaris) bl\u00fcht meist von Juli bis September und sorgt derzeit f\u00fcr eine schwache Belastung in Halle (Saale). Er ist das h\u00e4ufigste allergene Kraut in Mitteleuropa. Beifu\u00dfpollen k\u00f6nnen f\u00fcr Menschen problematisch sein, die Kreuzallergien gegen\u00fcber Sellerie, Karotten oder Gew\u00fcrzen wie Anis aufweisen. Die Pollen sind sehr klein und k\u00f6nnen tief in die Atemwege eindringen.   <\/p>\n<p><strong>Gr\u00e4ser &#8211; geringe Belastung<\/strong>  <\/p>\n<p>Von Mai bis August bl\u00fchen die Gr\u00e4ser, wobei der Juni der intensivste Monat ist. Da es viele verschiedene Gr\u00e4serarten gibt, sind Allergiker oft gegen mehrere sensibilisiert. Gr\u00e4serpollen gelten als Hauptverursacher von <a href=\"https:\/\/www.news.de\/thema\/heuschnupfen\/1\/\" rel=\"nofollow noopener\" target=\"_blank\"><strong>Heuschnupfen<\/strong><\/a> in Mitteleuropa. Heute erwartet Halle (Saale) eine schwache Belastung durch Gr\u00e4serpollen.  <\/p>\n<p><strong>Ambrosia &#8211; geringe bis mittlere Belastung<\/strong>  <\/p>\n<p>Ambrosia (Ambrosia artemisiifolia) ist ein Neophyt, der sich in Deutschland zunehmend ausbreitet. Ihre Bl\u00fctezeit liegt zwischen August und Oktober, oft dann, wenn andere Pollenbelastungen schon nachgelassen haben. Die Pollen sind extrem allergen: Schon wenige K\u00f6rner pro Kubikmeter Luft k\u00f6nnen Symptome ausl\u00f6sen. Zudem verl\u00e4ngert Ambrosia die Allergiesaison bis in den Herbst. Aktuell herrscht in Halle (Saale) eine m\u00e4\u00dfige Belastung durch Ambrosia-Pollen.  <\/p>\n<p>Pollen-Wetter aktuell: Starker Regen in Halle (Saale)<\/p>\n<p>Der heutige Tag bringt in <strong>Halle (Saale)<\/strong> eine <strong>durchschnittliche Temperatur von 20 \u00b0C<\/strong>. Die Tagesh\u00f6chsttemperatur betr\u00e4gt 23 \u00b0C. <strong>Schwacher Wind, hohe Luftfeuchtigkeit und m\u00e4\u00dfige W\u00e4rme<\/strong> bestimmen die Wetterlage am Freitag.  <\/p>\n<p>Am 05.09.2025 ist in <strong>Halle (Saale)<\/strong> mit <strong>Regen<\/strong> zu rechnen, was f\u00fcr Allergiker eine gute Nachricht ist: Die Niederschl\u00e4ge waschen Pollen aus der Luft, sodass die Beschwerden meist deutlich nachlassen.  <\/p>\n<p>In St\u00e4dten wie Halle (Saale) ist die Belastung meist am Vormittag noch ertr\u00e4glich. W\u00e4hrend des Tages dringen Pollen aus den angrenzenden Regionen vor und konzentrieren sich in der warmen Stadtluft. Im Laufe des Abends nehmen die Werte ab, weil die Luft sich abk\u00fchlt und weniger Thermik herrscht. Deshalb gilt: Wer in der Stadt lebt, sollte am besten in den fr\u00fchen Morgenstunden oder abends l\u00fcften und Aktivit\u00e4ten im Freien in diese Zeit legen. Weitere praktische Tipps finden Pollen-Allergiker in diesem <a title=\"Tipps und Tricks f\u00fcr Pollenallergiker - das kann helfen\" target=\"_blank\" href=\"https:\/\/www.news.de\/panorama\/856847877\/heuschnupfen-symptome-lindern-wie-ohne-medikamente-tipps-und-tricks-nasendusche-luftreiniger-pollenschutzgitter-lebensmittel-was-hilft\/1\/\" rel=\"nofollow noopener\"><strong>Heuschnupfen-Ratgeber<\/strong><\/a>.  <\/p>\n<p>+++ Redaktioneller Hinweis: Dieser Text wurde auf Basis von aktuellen Daten von OpenWeather (TM) und dem Deutschen Wetterdienst (DWD) generiert und wird datengetrieben aktualisiert. Bei Anmerkungen oder R\u00fcckfragen wenden Sie sich bitte an hinweis@news.de. +++  <\/p>\n<p>Folgen Sie <a href=\"https:\/\/news.de\/\" target=\"_blank\" rel=\"nofollow noopener\"><strong>News.de<\/strong><\/a> schon bei <a href=\"https:\/\/www.facebook.com\/News.de\" target=\"_blank\" rel=\"nofollow noopener\"><strong>Facebook<\/strong><\/a>, <a href=\"https:\/\/twitter.com\/news_de\" target=\"_blank\" rel=\"nofollow noopener\"><strong>Twitter<\/strong><\/a>, <a href=\"https:\/\/pin.it\/11NQyAf\" target=\"_blank\" rel=\"nofollow noopener\"><strong>Pinterest<\/strong><\/a> und <a href=\"https:\/\/www.youtube.com\/channel\/UCOzsvCb0KteNrzUboTonVYA\" target=\"_blank\" rel=\"nofollow noopener\"><strong>YouTube<\/strong><\/a>? Hier finden Sie brandhei\u00dfe News, aktuelle Videos und den direkten Draht zur Redaktion.  <\/p>\n<p><a href=\"https:\/\/www.news.de\/autor\/Sarah+Knauth\/\" rel=\"author nofollow noopener\" target=\"_blank\">kns<\/a>\/roj\/news.de<\/p>\n<p>                    <script async src=\"https:\/\/platform.twitter.com\/widgets.js\" charset=\"utf-8\"><\/script><\/p>\n","protected":false},"excerpt":{"rendered":"m\u00e4\u00dfige Pollenbelastung in Halle (Saale) Pollenflug von Ambrosia, Beifu\u00df und Gr\u00e4sern Starker Regen, schwacher Wind, hohe Luftfeuchtigkeit In&hellip;\n","protected":false},"author":2,"featured_media":384070,"comment_status":"","ping_status":"","sticky":false,"template":"","format":"standard","meta":{"footnotes":""},"categories":[1860],"tags":[3364,29,548,663,3934,30,141,4062,17332,13,14,15,17331,860,12],"class_list":{"0":"post-400420","1":"post","2":"type-post","3":"status-publish","4":"format-standard","5":"has-post-thumbnail","7":"category-halle-saale","8":"tag-de","9":"tag-deutschland","10":"tag-eu","11":"tag-europa","12":"tag-europe","13":"tag-germany","14":"tag-gesundheit","15":"tag-halle","16":"tag-halle-saale","17":"tag-headlines","18":"tag-nachrichten","19":"tag-news","20":"tag-saale","21":"tag-sachsen-anhalt","22":"tag-schlagzeilen"},"share_on_mastodon":{"url":"https:\/\/pubeurope.com\/@de\/115155240441778992","error":""},"_links":{"self":[{"href":"https:\/\/www.europesays.com\/de\/wp-json\/wp\/v2\/posts\/400420","targetHints":{"allow":["GET"]}}],"collection":[{"href":"https:\/\/www.europesays.com\/de\/wp-json\/wp\/v2\/posts"}],"about":[{"href":"https:\/\/www.europesays.com\/de\/wp-json\/wp\/v2\/types\/post"}],"author":[{"embeddable":true,"href":"https:\/\/www.europesays.com\/de\/wp-json\/wp\/v2\/users\/2"}],"replies":[{"embeddable":true,"href":"https:\/\/www.europesays.com\/de\/wp-json\/wp\/v2\/comments?post=400420"}],"version-history":[{"count":0,"href":"https:\/\/www.europesays.com\/de\/wp-json\/wp\/v2\/posts\/400420\/revisions"}],"wp:featuredmedia":[{"embeddable":true,"href":"https:\/\/www.europesays.com\/de\/wp-json\/wp\/v2\/media\/384070"}],"wp:attachment":[{"href":"https:\/\/www.europesays.com\/de\/wp-json\/wp\/v2\/media?parent=400420"}],"wp:term":[{"taxonomy":"category","embeddable":true,"href":"https:\/\/www.europesays.com\/de\/wp-json\/wp\/v2\/categories?post=400420"},{"taxonomy":"post_tag","embeddable":true,"href":"https:\/\/www.europesays.com\/de\/wp-json\/wp\/v2\/tags?post=400420"}],"curies":[{"name":"wp","href":"https:\/\/api.w.org\/{rel}","templated":true}]}}