{"id":400518,"date":"2025-09-06T04:26:10","date_gmt":"2025-09-06T04:26:10","guid":{"rendered":"https:\/\/www.europesays.com\/de\/400518\/"},"modified":"2025-09-06T04:26:10","modified_gmt":"2025-09-06T04:26:10","slug":"50-jahre-mehr-gruen-fuer-muenchen","status":"publish","type":"post","link":"https:\/\/www.europesays.com\/de\/400518\/","title":{"rendered":"50 Jahre \u201eMehr Gr\u00fcn f\u00fcr M\u00fcnchen\u201d"},"content":{"rendered":"<p class=\"article-text\">Anmeldungen unter dem Kennwort \u201eMehr Gr\u00fcn f\u00fcr M\u00fcnchen\u201c sind bis zum 30. Juni 2026 m\u00f6glich. Dazu schickt man eine E-Mail an die Adresse <a href=\"https:\/\/www.wochenanzeiger.de\/50-jahre-mehr-gruen-fuer-muenchen\/mailto:begruenung-foerdern.rku@muenchen.de\" class=\"auto-detected-link\" target=\"_blank\" rel=\"noopener\">begruenung-foerdern.rku@muenchen.de<\/a> oder schreibt an das Referat f\u00fcr Klima- und Umweltschutz, RKU-I-3, Bayerstra\u00dfe 28a, 80335 M\u00fcnchen. Ein PDF-Anmeldeformular steht unter <a href=\"https:\/\/www.muenchen.de\/wettbewerb-mehr-gruen\" class=\"auto-detected-link\" target=\"_blank\" rel=\"noopener\">www.muenchen.de\/wettbewerb-mehr-gruen<\/a>zur Verf\u00fcgung. Per E-Mail oder unter Telefon 01525-7985466 sind auch R\u00fcckfragen m\u00f6glich. Bereits pr\u00e4mierte Objekte k\u00f6nnen nicht noch einmal angemeldet <a href=\"https:\/\/werden.Weitere\" class=\"auto-detected-link\" target=\"_blank\" rel=\"noopener\">werden.Weitere<\/a> Informationen zum Wettbewerb und zu den Preistr\u00e4gerprojekten des Turnus 2023\/2024 finden sich auf der oben genannten Website. <br \/>Grundst\u00fccks-Eigent\u00fcmer k\u00f6nnen unter bestimmten Voraussetzungen auch vom F\u00f6rderprogramm \u201eInnenhof-, Dach- und Fassadenbegr\u00fcnung\u201c profitieren: Wenn der Vorgarten, der Innenhof, das Dach oder die Fassade begr\u00fcnt oder eine Fl\u00e4che entsiegelt werden, gew\u00e4hrt die Stadt einen finanziellen Zuschuss. Weitere Infos zum Programm und zur Antragsstellung sind unter <a href=\"https:\/\/www.muenchen.de\/begruenung-foerdern\" class=\"auto-detected-link\" target=\"_blank\" rel=\"noopener\">www.muenchen.de\/begruenung-foerdern<\/a> abrufbar.<\/p>\n","protected":false},"excerpt":{"rendered":"Anmeldungen unter dem Kennwort \u201eMehr Gr\u00fcn f\u00fcr M\u00fcnchen\u201c sind bis zum 30. Juni 2026 m\u00f6glich. Dazu schickt man&hellip;\n","protected":false},"author":2,"featured_media":400519,"comment_status":"","ping_status":"","sticky":false,"template":"","format":"standard","meta":{"footnotes":""},"categories":[1827],"tags":[1582,772,29,30,1268,6237,8926],"class_list":{"0":"post-400518","1":"post","2":"type-post","3":"status-publish","4":"format-standard","5":"has-post-thumbnail","7":"category-muenchen","8":"tag-allgemein","9":"tag-bayern","10":"tag-deutschland","11":"tag-germany","12":"tag-muenchen","13":"tag-natur","14":"tag-stadtentwicklung"},"share_on_mastodon":{"url":"https:\/\/pubeurope.com\/@de\/115155460749850799","error":""},"_links":{"self":[{"href":"https:\/\/www.europesays.com\/de\/wp-json\/wp\/v2\/posts\/400518","targetHints":{"allow":["GET"]}}],"collection":[{"href":"https:\/\/www.europesays.com\/de\/wp-json\/wp\/v2\/posts"}],"about":[{"href":"https:\/\/www.europesays.com\/de\/wp-json\/wp\/v2\/types\/post"}],"author":[{"embeddable":true,"href":"https:\/\/www.europesays.com\/de\/wp-json\/wp\/v2\/users\/2"}],"replies":[{"embeddable":true,"href":"https:\/\/www.europesays.com\/de\/wp-json\/wp\/v2\/comments?post=400518"}],"version-history":[{"count":0,"href":"https:\/\/www.europesays.com\/de\/wp-json\/wp\/v2\/posts\/400518\/revisions"}],"wp:featuredmedia":[{"embeddable":true,"href":"https:\/\/www.europesays.com\/de\/wp-json\/wp\/v2\/media\/400519"}],"wp:attachment":[{"href":"https:\/\/www.europesays.com\/de\/wp-json\/wp\/v2\/media?parent=400518"}],"wp:term":[{"taxonomy":"category","embeddable":true,"href":"https:\/\/www.europesays.com\/de\/wp-json\/wp\/v2\/categories?post=400518"},{"taxonomy":"post_tag","embeddable":true,"href":"https:\/\/www.europesays.com\/de\/wp-json\/wp\/v2\/tags?post=400518"}],"curies":[{"name":"wp","href":"https:\/\/api.w.org\/{rel}","templated":true}]}}