{"id":400572,"date":"2025-09-06T04:55:09","date_gmt":"2025-09-06T04:55:09","guid":{"rendered":"https:\/\/www.europesays.com\/de\/400572\/"},"modified":"2025-09-06T04:55:09","modified_gmt":"2025-09-06T04:55:09","slug":"tag-des-offenen-denkmals-in-viersen-rektoratstrasse-40","status":"publish","type":"post","link":"https:\/\/www.europesays.com\/de\/400572\/","title":{"rendered":"Tag des offenen Denkmals in Viersen: Rektoratstra\u00dfe 40"},"content":{"rendered":"<p class=\"text_ohne_einzug richtext text-em-55 !leading-serif mx-6 desktop:mx-0\"> Wer vor dem doppelfl\u00fcgeligen schmiedeeisernen Tor an der Rektoratstra\u00dfe 40 in <a href=\"https:\/\/rp-online.de\/thema\/viersen\/\" target=\"_blank\" rel=\"noopener\">Viersen<\/a> steht, der kann schon beim Anblick der gewaltigen Hausfassade viel entdecken. Die Front an sich sticht mit dem Bossenwerk ins Auge, wobei es sich in diesem Falle um einzelne hervorspringende Steine handelt, die mit einer unregelm\u00e4\u00dfigen Oberfl\u00e4che punkten. Die fast d\u00e4monisch wirkende Fratze, die linker Hand \u00fcber dem einzelnen Bogenfenster mit seinen Jugendstilelementen zu finden ist, pr\u00e4sentiert sich genauso auff\u00e4llig wie der Giebel des Hauses. Er ist mit verschiedenartigen Ornamenten geschm\u00fcckt.<\/p>\n","protected":false},"excerpt":{"rendered":"Wer vor dem doppelfl\u00fcgeligen schmiedeeisernen Tor an der Rektoratstra\u00dfe 40 in Viersen steht, der kann schon beim Anblick&hellip;\n","protected":false},"author":2,"featured_media":400573,"comment_status":"","ping_status":"","sticky":false,"template":"","format":"standard","meta":{"footnotes":""},"categories":[1849],"tags":[39429,3364,102140,29,548,663,3934,30,5213,62394,61268,13,106795,4455,14,15,1209,40763,32168,106794,12,50400,106793,18209,18183,24790],"class_list":{"0":"post-400572","1":"post","2":"type-post","3":"status-publish","4":"format-standard","5":"has-post-thumbnail","7":"category-moenchengladbach","8":"tag-christiane","9":"tag-de","10":"tag-denkmals","11":"tag-deutschland","12":"tag-eu","13":"tag-europa","14":"tag-europe","15":"tag-germany","16":"tag-haus","17":"tag-hauseingang","18":"tag-hausfassade","19":"tag-headlines","20":"tag-kreutzer","21":"tag-moenchengladbach","22":"tag-nachrichten","23":"tag-news","24":"tag-nordrhein-westfalen","25":"tag-offenen","26":"tag-rainer","27":"tag-rektoratstrasse","28":"tag-schlagzeilen","29":"tag-stil","30":"tag-stilling","31":"tag-treppenhaus","32":"tag-viersen","33":"tag-viersener"},"share_on_mastodon":{"url":"https:\/\/pubeurope.com\/@de\/115155574747598489","error":""},"_links":{"self":[{"href":"https:\/\/www.europesays.com\/de\/wp-json\/wp\/v2\/posts\/400572","targetHints":{"allow":["GET"]}}],"collection":[{"href":"https:\/\/www.europesays.com\/de\/wp-json\/wp\/v2\/posts"}],"about":[{"href":"https:\/\/www.europesays.com\/de\/wp-json\/wp\/v2\/types\/post"}],"author":[{"embeddable":true,"href":"https:\/\/www.europesays.com\/de\/wp-json\/wp\/v2\/users\/2"}],"replies":[{"embeddable":true,"href":"https:\/\/www.europesays.com\/de\/wp-json\/wp\/v2\/comments?post=400572"}],"version-history":[{"count":0,"href":"https:\/\/www.europesays.com\/de\/wp-json\/wp\/v2\/posts\/400572\/revisions"}],"wp:featuredmedia":[{"embeddable":true,"href":"https:\/\/www.europesays.com\/de\/wp-json\/wp\/v2\/media\/400573"}],"wp:attachment":[{"href":"https:\/\/www.europesays.com\/de\/wp-json\/wp\/v2\/media?parent=400572"}],"wp:term":[{"taxonomy":"category","embeddable":true,"href":"https:\/\/www.europesays.com\/de\/wp-json\/wp\/v2\/categories?post=400572"},{"taxonomy":"post_tag","embeddable":true,"href":"https:\/\/www.europesays.com\/de\/wp-json\/wp\/v2\/tags?post=400572"}],"curies":[{"name":"wp","href":"https:\/\/api.w.org\/{rel}","templated":true}]}}