{"id":400621,"date":"2025-09-06T05:22:16","date_gmt":"2025-09-06T05:22:16","guid":{"rendered":"https:\/\/www.europesays.com\/de\/400621\/"},"modified":"2025-09-06T05:22:16","modified_gmt":"2025-09-06T05:22:16","slug":"pollenflug-bonn-aktuell-pollenbelastung-durch-ambrosia-beifuss-und-graeser","status":"publish","type":"post","link":"https:\/\/www.europesays.com\/de\/400621\/","title":{"rendered":"Pollenflug Bonn aktuell: Pollenbelastung durch Ambrosia, Beifu\u00df und Gr\u00e4ser"},"content":{"rendered":"<ul>\n<li>schwache Pollenbelastung in <a href=\"https:\/\/www.news.de\/thema\/bonn\/1\/\" rel=\"nofollow noopener\" target=\"_blank\"><strong>Bonn<\/strong><\/a><\/li>\n<li>Pollenflug von Ambrosia, Gr\u00e4sern und Beifu\u00df<\/li>\n<li>Ein paar Wolken, schwacher Wind, niedrige Luftfeuchtigkeit  <\/li>\n<\/ul>\n<p>In der Region <strong>Rhein.-Westf\u00e4l. Tiefland<\/strong> ist am Samstag mit <a href=\"https:\/\/www.news.de\/thema\/pollen\/1\/\" rel=\"nofollow noopener\" target=\"_blank\"><strong>Pollen<\/strong><\/a> von Beifu\u00df, Gr\u00e4sern und Ambrosia zu rechnen. Besonders betroffen sind Allergiker, da die feinen Pollen bei empfindlichen Personen typische Symptome wie Niesen, tr\u00e4nende Augen oder Atembeschwerden ausl\u00f6sen k\u00f6nnen. In der folgenden Tabelle sehen Sie, wie der Deutsche Wetterdienst die Belastung der einzelnen Pollenarten heute, morgen und \u00fcbermorgen in <strong>Bonn<\/strong> einsch\u00e4tzt.<\/p>\n<p>Pollenflug aktuell in Bonn ab Samstag, 06.09.2025<\/p>\n<tr>PollenHeuteMorgen\u00dcbermorgen<\/tr>\n<tr>\n<td>Erle<\/td>\n<td>\ud83d\udfe9\ud83d\udfe9<\/td>\n<td>\ud83d\udfe9\ud83d\udfe9<\/td>\n<td>\ud83d\udfe9\ud83d\udfe9<\/td>\n<\/tr>\n<tr>\n<td>Birke<\/td>\n<td>\ud83d\udfe9\ud83d\udfe9<\/td>\n<td>\ud83d\udfe9\ud83d\udfe9<\/td>\n<td>\ud83d\udfe9\ud83d\udfe9<\/td>\n<\/tr>\n<tr>\n<td>Roggen<\/td>\n<td>\ud83d\udfe9\ud83d\udfe9<\/td>\n<td>\ud83d\udfe9\ud83d\udfe9<\/td>\n<td>\ud83d\udfe9\ud83d\udfe9<\/td>\n<\/tr>\n<tr>\n<td>Beifu\u00df<\/td>\n<td>\ud83d\udfe9\ud83d\udfe8<\/td>\n<td>\ud83d\udfe9\ud83d\udfe8<\/td>\n<td>\ud83d\udfe9\ud83d\udfe8<\/td>\n<\/tr>\n<tr>\n<td>Gr\u00e4ser<\/td>\n<td>\ud83d\udfe9\ud83d\udfe8<\/td>\n<td>\ud83d\udfe8\ud83d\udfe8<\/td>\n<td>\ud83d\udfe8\ud83d\udfe8<\/td>\n<\/tr>\n<tr>\n<td>Hasel<\/td>\n<td>\ud83d\udfe9\ud83d\udfe9<\/td>\n<td>\ud83d\udfe9\ud83d\udfe9<\/td>\n<td>\ud83d\udfe9\ud83d\udfe9<\/td>\n<\/tr>\n<tr>\n<td>Esche<\/td>\n<td>\ud83d\udfe9\ud83d\udfe9<\/td>\n<td>\ud83d\udfe9\ud83d\udfe9<\/td>\n<td>\ud83d\udfe9\ud83d\udfe9<\/td>\n<\/tr>\n<tr>\n<td>Ambrosia<\/td>\n<td>\ud83d\udfe8\ud83d\udfe8<\/td>\n<td>\ud83d\udfe8\ud83d\udfe8<\/td>\n<td>\ud83d\udfe8\ud83d\udfe8<\/td>\n<\/tr>\n<p><strong>Legende:<\/strong> \ud83d\udfe9\ud83d\udfe9 = keine Belastung \ud83d\udfe9\ud83d\udfe8 = keine bis geringe Belastung \ud83d\udfe8\ud83d\udfe8 = geringe Belastung  <\/p>\n<p>Pollen-<a href=\"https:\/\/www.news.de\/thema\/allergie\/1\/\" rel=\"nofollow noopener\" target=\"_blank\"><strong>Allergie<\/strong><\/a>, Grippe oder doch Corona? <a title=\"Wie sich Atemwegserkrankungen jetzt verbreiten\" target=\"_blank\" href=\"https:\/\/www.news.de\/gesundheit\/858234152\/corona-grippe-rsv-in-nrw-aktuell-im-september-2025-inzidenz-und-neue-faelle-der-krankheiten-laut-rki-stand-05-09-2025\/1\/\" rel=\"nofollow noopener\"><strong>Erfahren Sie hier, wie es aktuell um die Gesundheit der Menschen in NRW steht.<\/strong><\/a>  <\/p>\n<p>Diese Pollen sorgen in Bonn f\u00fcr Beschwerden<\/p>\n<p><strong>Beifu\u00df &#8211; keine bis geringe Belastung<\/strong>  <\/p>\n<p>Derzeit sorgen Beifu\u00dfpollen (Artemisia vulgaris) f\u00fcr eine schwache Belastung in Bonn. Die Bl\u00fctezeit erstreckt in der Regel von Juli bis September. Beifu\u00df ist das h\u00e4ufigste allergene Kraut in Mitteleuropa. Besonders f\u00fcr Menschen mit Kreuzallergien zu Sellerie, Karotten oder Gew\u00fcrzen wie Anis k\u00f6nnen Beifu\u00dfpollen problematisch sein. Die Pollen sind sehr klein und k\u00f6nnen tief in die Atemwege eindringen.   <\/p>\n<p><strong>Gr\u00e4ser &#8211; keine bis geringe Belastung<\/strong>  <\/p>\n<p>Die Bl\u00fcte deutscher Gr\u00e4ser dehnt sich von Mai bis in den August aus, w\u00e4hrend sich im Juni die h\u00f6chste Konzentration zeigt. Da es viele verschiedene Gr\u00e4serarten gibt, sind Allergiker oft gegen mehrere sensibilisiert. Gr\u00e4serpollen gelten als Hauptverursacher von <a href=\"https:\/\/www.news.de\/thema\/heuschnupfen\/1\/\" rel=\"nofollow noopener\" target=\"_blank\"><strong>Heuschnupfen<\/strong><\/a> in Mitteleuropa. Heute erwartet Bonn eine schwache Belastung durch Gr\u00e4serpollen.  <\/p>\n<p><strong>Ambrosia &#8211; geringe Belastung<\/strong>  <\/p>\n<p>Ambrosia (Ambrosia artemisiifolia) ist ein Neophyt, der sich in Deutschland zunehmend ausbreitet. Ihre Bl\u00fctezeit liegt zwischen August und Oktober, oft dann, wenn andere Pollenbelastungen schon nachgelassen haben. Die Pollen sind extrem allergen: Schon wenige K\u00f6rner pro Kubikmeter Luft k\u00f6nnen Symptome ausl\u00f6sen. Zudem verl\u00e4ngert Ambrosia die Allergiesaison bis in den Herbst. Aktuell herrscht in Bonn eine schwache Belastung durch Ambrosia-Pollen.  <\/p>\n<p>Pollenflug und Wetter: Ein paar Wolken in Bonn<\/p>\n<p>Der heutige Tag bringt in <strong>Bonn<\/strong> eine <strong>durchschnittliche Temperatur von 22 \u00b0C<\/strong>. Die Tagesh\u00f6chsttemperatur betr\u00e4gt 24 \u00b0C. Am Samstag pr\u00e4gen <strong>schwacher Wind, niedrige Luftfeuchtigkeit und m\u00e4\u00dfige W\u00e4rme<\/strong> das Wetterbild.  <\/p>\n<p>Trockenes, warmes und windiges Wetter beg\u00fcnstigt den Pollenflug. Derartige Wetterlagen f\u00fchren dazu, dass die Pollen erhebliche Distanzen zur\u00fccklegen und dabei ihre Aktivit\u00e4t \u00fcber einen langen Zeitraum aufrechterhalten. Auch l\u00e4ndliche Regionen mit vielen Wiesen und Feldern k\u00f6nnen die Belastung verst\u00e4rken, da dort mehr Gr\u00e4ser wachsen und bl\u00fchen. Regen hingegen kann die Belastung vor\u00fcbergehend senken, da er Pollen aus der Atmosph\u00e4re w\u00e4scht. Doch bei anschlie\u00dfender W\u00e4rme steigt die Belastung oft schnell wieder an.  <\/p>\n<p>In St\u00e4dten wie Bonn ist die Belastung meist am Vormittag noch ertr\u00e4glich. Tags\u00fcber kommen Pollen aus den umliegenden Bereichen hinzu und konzentrieren sich in der warmen Stadtluft. Die Werte zeigen eine abendliche Abnahme, weil die Luft sich abk\u00fchlt und weniger Thermik herrscht. F\u00fcr Allergiker sind daher vor allem die Morgen- und Abendstunden die g\u00fcnstigsten Zeiten f\u00fcr Sport oder Spazierg\u00e4nge. Weitere praktische Tipps finden Pollen-Allergiker in diesem <a title=\"Tipps und Tricks f\u00fcr Pollenallergiker - das kann helfen\" target=\"_blank\" href=\"https:\/\/www.news.de\/panorama\/856847877\/heuschnupfen-symptome-lindern-wie-ohne-medikamente-tipps-und-tricks-nasendusche-luftreiniger-pollenschutzgitter-lebensmittel-was-hilft\/1\/\" rel=\"nofollow noopener\"><strong>Heuschnupfen-Ratgeber<\/strong><\/a>.  <\/p>\n<p>+++ Redaktioneller Hinweis: Dieser Text wurde auf Basis von aktuellen Daten von OpenWeather (TM) und dem Deutschen Wetterdienst (DWD) generiert und wird datengetrieben aktualisiert. Bei Anmerkungen oder R\u00fcckfragen wenden Sie sich bitte an hinweis@news.de. +++  <\/p>\n<p>Folgen Sie <a href=\"https:\/\/news.de\/\" target=\"_blank\" rel=\"nofollow noopener\"><strong>News.de<\/strong><\/a> schon bei <a href=\"https:\/\/www.facebook.com\/News.de\" target=\"_blank\" rel=\"nofollow noopener\"><strong>Facebook<\/strong><\/a>, <a href=\"https:\/\/twitter.com\/news_de\" target=\"_blank\" rel=\"nofollow noopener\"><strong>Twitter<\/strong><\/a>, <a href=\"https:\/\/pin.it\/11NQyAf\" target=\"_blank\" rel=\"nofollow noopener\"><strong>Pinterest<\/strong><\/a> und <a href=\"https:\/\/www.youtube.com\/channel\/UCOzsvCb0KteNrzUboTonVYA\" target=\"_blank\" rel=\"nofollow noopener\"><strong>YouTube<\/strong><\/a>? Hier finden Sie brandhei\u00dfe News, aktuelle Videos und den direkten Draht zur Redaktion.  <\/p>\n<p><a href=\"https:\/\/www.news.de\/autor\/Sarah+Knauth\/\" rel=\"author nofollow noopener\" target=\"_blank\">kns<\/a>\/roj\/news.de<\/p>\n<p>                    <script async src=\"https:\/\/platform.twitter.com\/widgets.js\" charset=\"utf-8\"><\/script><\/p>\n","protected":false},"excerpt":{"rendered":"schwache Pollenbelastung in Bonn Pollenflug von Ambrosia, Gr\u00e4sern und Beifu\u00df Ein paar Wolken, schwacher Wind, niedrige Luftfeuchtigkeit In&hellip;\n","protected":false},"author":2,"featured_media":380982,"comment_status":"","ping_status":"","sticky":false,"template":"","format":"standard","meta":{"footnotes":""},"categories":[1842],"tags":[1741,3364,29,30,141,1209],"class_list":{"0":"post-400621","1":"post","2":"type-post","3":"status-publish","4":"format-standard","5":"has-post-thumbnail","7":"category-bonn","8":"tag-bonn","9":"tag-de","10":"tag-deutschland","11":"tag-germany","12":"tag-gesundheit","13":"tag-nordrhein-westfalen"},"share_on_mastodon":{"url":"https:\/\/pubeurope.com\/@de\/115155680943416372","error":""},"_links":{"self":[{"href":"https:\/\/www.europesays.com\/de\/wp-json\/wp\/v2\/posts\/400621","targetHints":{"allow":["GET"]}}],"collection":[{"href":"https:\/\/www.europesays.com\/de\/wp-json\/wp\/v2\/posts"}],"about":[{"href":"https:\/\/www.europesays.com\/de\/wp-json\/wp\/v2\/types\/post"}],"author":[{"embeddable":true,"href":"https:\/\/www.europesays.com\/de\/wp-json\/wp\/v2\/users\/2"}],"replies":[{"embeddable":true,"href":"https:\/\/www.europesays.com\/de\/wp-json\/wp\/v2\/comments?post=400621"}],"version-history":[{"count":0,"href":"https:\/\/www.europesays.com\/de\/wp-json\/wp\/v2\/posts\/400621\/revisions"}],"wp:featuredmedia":[{"embeddable":true,"href":"https:\/\/www.europesays.com\/de\/wp-json\/wp\/v2\/media\/380982"}],"wp:attachment":[{"href":"https:\/\/www.europesays.com\/de\/wp-json\/wp\/v2\/media?parent=400621"}],"wp:term":[{"taxonomy":"category","embeddable":true,"href":"https:\/\/www.europesays.com\/de\/wp-json\/wp\/v2\/categories?post=400621"},{"taxonomy":"post_tag","embeddable":true,"href":"https:\/\/www.europesays.com\/de\/wp-json\/wp\/v2\/tags?post=400621"}],"curies":[{"name":"wp","href":"https:\/\/api.w.org\/{rel}","templated":true}]}}