{"id":400622,"date":"2025-09-06T05:23:38","date_gmt":"2025-09-06T05:23:38","guid":{"rendered":"https:\/\/www.europesays.com\/de\/400622\/"},"modified":"2025-09-06T05:23:38","modified_gmt":"2025-09-06T05:23:38","slug":"salonkonzert-mit-singer-und-songwriter-guy-roberts-im-bezirksamt-duisburg-sued","status":"publish","type":"post","link":"https:\/\/www.europesays.com\/de\/400622\/","title":{"rendered":"Salonkonzert mit Singer und Songwriter Guy Roberts im Bezirksamt Duisburg-S\u00fcd"},"content":{"rendered":"<p>Musikalischer Abend am Samstag, 13. September, im Bezirksamt Duisburg-S\u00fcd, Sittardsberger Allee 14: Der international erfahrene Singer und Songwriter Guy Roberts gibt um 19 Uhr in intimer Atmosph\u00e4re ein exklusives Salonkonzert.<\/p>\n<p>Geboren in England und aufgewachsen auf Ibiza, begann Guy Roberts bereits im Kindesalter, Gitarre zu spielen. Seine erste Mundharmonika bekam er mit neun Jahren. Seitdem hat ihn die Musik nicht losgelassen. In seinen Zwanzigern zog es ihn gemeinsam mit seinem Zwillingsbruder nach Hamburg, wo sein erstes Plattenlabel auf ihn aufmerksam wurde. Es folgten Tourneen rund um den Globus und ein Songwriter-Vertrag mit Warner Music.\u00a0<\/p>\n<p>Roberts arbeitete mit bekannten deutschen Produzenten, komponierte Filmmusik und schrieb Werbesongs. Auftritte mit Gary Moore, Bobby Tench, Papa George und der Barnes Blues Band pr\u00e4gten seine Karriere ebenso wie Konzerte mit klassischen Orchestern. Sein aktuelles Soloalbum \u201eBalance\u201c zeigt seine Vielseitigkeit: Rock, Pop, Soul und Blues mit akustischer Gitarre und ausdrucksstarker Mundharmonika.\u00a0<\/p>\n<p>Mit Geschichten, Songs und einer Stimme, die unter die Haut geht, nimmt Guy Roberts das Publikum am 13. September mit auf eine musikalische Reise durch H\u00f6hen und Tiefen des Lebens und der Liebe. \u201eWir freuen uns sehr, mit Guy Roberts einen K\u00fcnstler begr\u00fc\u00dfen zu d\u00fcrfen, der mit seiner Musik Menschen ber\u00fchrt und zum Nachdenken anregt. Solche Abende st\u00e4rken den kulturellen Zusammenhalt in unserem Stadtbezirk und machen das Bezirksamt zu einem Ort lebendiger Begegnung\u201c, findet Bezirksb\u00fcrgermeisterin Beate Lieske.<\/p>\n<p>Der Eintritt ist frei. Eine Anmeldung ist nicht erforderlich. Die Veranstaltung ist barrierefrei zug\u00e4nglich. F\u00fcr die Nutzung des Aufzugs ist eine Anmeldung unter kultur.suedstadt-duisburgde erw\u00fcnscht.\u00a0<\/p>\n","protected":false},"excerpt":{"rendered":"Musikalischer Abend am Samstag, 13. September, im Bezirksamt Duisburg-S\u00fcd, Sittardsberger Allee 14: Der international erfahrene Singer und Songwriter&hellip;\n","protected":false},"author":2,"featured_media":4842,"comment_status":"","ping_status":"","sticky":false,"template":"","format":"standard","meta":{"footnotes":""},"categories":[1838],"tags":[3364,29,3715,30,1209],"class_list":{"0":"post-400622","1":"post","2":"type-post","3":"status-publish","4":"format-standard","5":"has-post-thumbnail","7":"category-duisburg","8":"tag-de","9":"tag-deutschland","10":"tag-duisburg","11":"tag-germany","12":"tag-nordrhein-westfalen"},"share_on_mastodon":{"url":"https:\/\/pubeurope.com\/@de\/115155684706798229","error":""},"_links":{"self":[{"href":"https:\/\/www.europesays.com\/de\/wp-json\/wp\/v2\/posts\/400622","targetHints":{"allow":["GET"]}}],"collection":[{"href":"https:\/\/www.europesays.com\/de\/wp-json\/wp\/v2\/posts"}],"about":[{"href":"https:\/\/www.europesays.com\/de\/wp-json\/wp\/v2\/types\/post"}],"author":[{"embeddable":true,"href":"https:\/\/www.europesays.com\/de\/wp-json\/wp\/v2\/users\/2"}],"replies":[{"embeddable":true,"href":"https:\/\/www.europesays.com\/de\/wp-json\/wp\/v2\/comments?post=400622"}],"version-history":[{"count":0,"href":"https:\/\/www.europesays.com\/de\/wp-json\/wp\/v2\/posts\/400622\/revisions"}],"wp:featuredmedia":[{"embeddable":true,"href":"https:\/\/www.europesays.com\/de\/wp-json\/wp\/v2\/media\/4842"}],"wp:attachment":[{"href":"https:\/\/www.europesays.com\/de\/wp-json\/wp\/v2\/media?parent=400622"}],"wp:term":[{"taxonomy":"category","embeddable":true,"href":"https:\/\/www.europesays.com\/de\/wp-json\/wp\/v2\/categories?post=400622"},{"taxonomy":"post_tag","embeddable":true,"href":"https:\/\/www.europesays.com\/de\/wp-json\/wp\/v2\/tags?post=400622"}],"curies":[{"name":"wp","href":"https:\/\/api.w.org\/{rel}","templated":true}]}}