{"id":400639,"date":"2025-09-06T05:34:13","date_gmt":"2025-09-06T05:34:13","guid":{"rendered":"https:\/\/www.europesays.com\/de\/400639\/"},"modified":"2025-09-06T05:34:13","modified_gmt":"2025-09-06T05:34:13","slug":"der-leise-mahner-mit-dem-megaphon","status":"publish","type":"post","link":"https:\/\/www.europesays.com\/de\/400639\/","title":{"rendered":"der leise Mahner mit dem Megaphon"},"content":{"rendered":"<p class=\"expressive-copy-lg-body\">Gro\u00dfer Bahnhof f\u00fcr einen der weltweit renommiertesten zeitgen\u00f6ssischen K\u00fcnstler. Im <a href=\"https:\/\/www.waz.de\/kultur\/article401967905\/100-jahre-folkwang-in-essen-ein-musterfall-moderner-museen.html\" data-category-full-path=\"https:\/\/www.waz.de\/kultur\/\" data-paid-status=\"premium\" data-article-publish-date=\"1642827780\" rel=\"nofollow noopener\" target=\"_blank\">Museum Folkwang<\/a> ist die Ausstellung \u201eListen To The Echo\u201c im Beisein des S\u00fcdafrikaners William Kentridge er\u00f6ffnet worden. Die gro\u00dfe Retrospektive anl\u00e4sslich seines 70. Geburtstags hat schon im Vorfeld f\u00fcr viel Aufmerksamkeit gesorgt. Nicht nur bei NRW-Kulturministerin Ina Brandes, die nach der Verleihung des renommierten Folkwang-Preises an Kentridge im Vorjahr nun auch mit gro\u00dfen Erwartungen zur Ausstellungser\u00f6ffnung nach Essen gekommen war.<\/p>\n<p>   Essen-Newsletter: Jetzt kostenlos anmelden!<\/p>\n<p class=\"text-body2 mt-2\">Nachrichten, Service, Reportagen: Jeden Tag wissen, was in unserer Stadt los ist.<\/p>\n<p class=\"text-caption text-copy-secondary\">\n          Mit meiner Anmeldung zum Newsletter stimme ich der<br \/>\n          <a href=\"https:\/\/www.waz.de\/services\/newsletter-adconsent\" class=\"text-overline text-copy-accent-negative dark:underline\" rel=\"nofollow noopener\" target=\"_blank\">Werbevereinbarung<\/a><br \/>\n          zu.\n        <\/p>\n<p class=\"expressive-copy-lg-body\">Diese seien \u201emehr als \u00fcbertroffen\u201c worden, lobte die Ministerin nach einem ersten Rundgang durch die aufwendig gestalteten Ausstellungsr\u00e4ume mit den gro\u00dfformatigen Gem\u00e4lden, den Zeichnungen, Grafiken, Wandteppichen, Skulpturen und Multimedia-Arbeiten. <\/p>\n<p class=\"expressive-copy-lg-body\">Das NRW-Kultusministerium geh\u00f6rt zu den F\u00f6rderern der aufwendigen Schau wie weitere Sponsoren von der Sparkasse Essen bis zur RAG Stiftung. So war die Liste der Festredner am Er\u00f6ffnungsabend lang. Freilich nicht ganz so lang, wie der Festumzug, den die Stadt Dresden zum Start der parallel laufenden Kentridge-Schau ausrichtete. Die Staatlichen Kunstsammlung sind der zweite Schauplatz des gro\u00dfangelegten Gemeinschaftsprojekts, das die interdisziplin\u00e4re Arbeitsweise des Zeichners, Trickfilmers, K\u00fcnstlers und Regisseurs Kentridge aus verschiedenen Perspektiven beleuchtet.<\/p>\n<p>    <img decoding=\"async\" src=\"https:\/\/www.europesays.com\/de\/wp-content\/uploads\/2025\/09\/409926282_1757084376_v16_9_1200.jpeg\" class=\"block w-full object-cover relative z-10 aspect-[16\/9] \" alt=\"In der Ausstellung k\u00f6nnen sich Besucher auf B\u00e4nken in die Arbeit des s\u00fcdafrikanischen Universalk\u00fcnstlers William Kentridge vertiefen. \" title=\"In der Ausstellung k\u00f6nnen sich Besucher auf B\u00e4nken in die Arbeit des s\u00fcdafrikanischen Universalk\u00fcnstlers William Kentridge vertiefen. \" loading=\"lazy\"\/><\/p>\n<p>\n      In der Ausstellung k\u00f6nnen sich Besucher auf B\u00e4nken in die Arbeit des s\u00fcdafrikanischen Universalk\u00fcnstlers William Kentridge vertiefen.<br \/>\n      \u00a9 FUNKE Foto Services | Lars Heidrich\n    <\/p>\n<p class=\"expressive-copy-lg-body\">\u201eEs gibt wenige K\u00fcnstler, die die Folkwang-Idee so sehr verk\u00f6rpern wie William Kentridge\u201c, freut sich denn auch Folkwang-Direktor Peter Gorschl\u00fcter. Der S\u00fcdafrikaner verbindet mit den Ausstellungen schlie\u00dflich nicht nur Ost und West, schafft Bez\u00fcge zwischen verschiedenen Zeitebenen und verquickt Themen grenz\u00fcbergreifend. In Essen stiftet Kentridge auch noch instituts\u00fcbergreifende Kooperationen. So werden die Essener Philharmoniker in ihrem 2. Sinfoniekonzert am 25.\/26. September den von Kentridge 2022 geschaffenen Film \u201eOh To Believe in Another World\u201c zur Musik von Schostakowitsch als multimediale Konzertereignis erstmals in Deutschland auff\u00fchren.<\/p>\n<p>  Die mit dunklem Kork ausgekleideten W\u00e4nde erinnern an den Bergbau in Essen<\/p>\n<p class=\"expressive-copy-lg-body\">In Essen sorgt der Bergbau zudem f\u00fcr einen besonderen Bezug zwischen dem Ruhrgebiet und Kentridges s\u00fcdafrikanischer Heimatstadt Johannesburg mit ihren Minen, Fabriken und ausbeuterischen Arbeitsverh\u00e4ltnissen. Im Museum Folkwang nehmen dunkle, mit schwarzbraunem Kork ausgekleidete W\u00e4nde die Bergbaubeziehung auf. Sie sind stimmiger Hintergrund f\u00fcr die gro\u00dfformatigen Kohlezeichnungen, die Kentridge durch st\u00e4ndiges Ausradieren und \u00dcbermalen zum Material seiner kurzen Animationsfilme macht, in denen hintergr\u00fcndiger Humor und historische Aufarbeitung, analoge Zeichenkunst und technische Experimentierlust, poetische und politische Haltung Hand in Hand gehen. Ein Gesamtkunstwerk aus Bild, Text und Ton.<\/p>\n<p>    <img decoding=\"async\" src=\"https:\/\/www.europesays.com\/de\/wp-content\/uploads\/2025\/09\/409926305_1757084376_v16_9_1200.jpeg\" class=\"block w-full object-cover relative z-10 aspect-[16\/9] \" alt=\"William Kentridge im Museum Folkwang vor einer Galerie von Politiker-Portr\u00e4ts. \" title=\"William Kentridge im Museum Folkwang vor einer Galerie von Politiker-Portr\u00e4ts. \" loading=\"lazy\"\/><\/p>\n<p>\n      William Kentridge im Museum Folkwang vor einer Galerie von Politiker-Portr\u00e4ts.<br \/>\n      \u00a9 Rolf Schraa\/dpa | Rolf Schraa\n    <\/p>\n<p class=\"expressive-copy-lg-body\">Die Auseinandersetzung mit dem Thema Kolonialismus und Rassismus und der Einsatz f\u00fcr Menschenrechte und Menschenw\u00fcrde kennzeichnet schlie\u00dflich seit langem das Werk von Kentridge, dessen mittlerweile 103-j\u00e4hriger Vater Sydney zum Team wei\u00dfer Anw\u00e4lte geh\u00f6rte, die in den 1950er und 1960er Jahren die schwarzen Widerstandsk\u00e4mpfer um Nelson Mandela verteidigten. <\/p>\n<ul>\n<li>Die <strong>Lokalredaktion Essen<\/strong> ist auch <strong>bei WhatsApp<\/strong>! Abonnieren Sie hier unseren kostenlosen Kanal: <strong><a href=\"https:\/\/www.whatsapp.com\/channel\/0029VaNmPLK9xVJlCV8WcH2c\" target=\"_blank\" rel=\"nofollow noopener\">direkt zum Channel<\/a><\/strong>!<\/li>\n<\/ul>\n<p class=\"expressive-copy-lg-body\">Und auch wenn der menschenfreundliche Kentridge das Megaphon in seinen Arbeiten (und in der Ausstellung) zum immer wieder auftauchenden Motiv macht, ist der 70-j\u00e4hrige Universalk\u00fcnstler dabei kein politischer Lautsprecher. Im musealen Echoraum aber k\u00f6nnen seine Botschaft ihre Wirkung nicht verfehlen. <\/p>\n<p class=\"expressive-copy-lg-body\">Die Ausstellung l\u00e4uft bis zum 18. Januar, di-so 10 bis 18 Uhr, do u. fr 10 bis 20 Uhr. Eintritt: 14\/erm. 8 Euro. <\/p>\n","protected":false},"excerpt":{"rendered":"Gro\u00dfer Bahnhof f\u00fcr einen der weltweit renommiertesten zeitgen\u00f6ssischen K\u00fcnstler. Im Museum Folkwang ist die Ausstellung \u201eListen To The&hellip;\n","protected":false},"author":2,"featured_media":400640,"comment_status":"","ping_status":"","sticky":false,"template":"","format":"standard","meta":{"footnotes":""},"categories":[1834],"tags":[3364,29,3688,30,1209],"class_list":{"0":"post-400639","1":"post","2":"type-post","3":"status-publish","4":"format-standard","5":"has-post-thumbnail","7":"category-essen","8":"tag-de","9":"tag-deutschland","10":"tag-essen","11":"tag-germany","12":"tag-nordrhein-westfalen"},"share_on_mastodon":{"url":"https:\/\/pubeurope.com\/@de\/115155728288327871","error":""},"_links":{"self":[{"href":"https:\/\/www.europesays.com\/de\/wp-json\/wp\/v2\/posts\/400639","targetHints":{"allow":["GET"]}}],"collection":[{"href":"https:\/\/www.europesays.com\/de\/wp-json\/wp\/v2\/posts"}],"about":[{"href":"https:\/\/www.europesays.com\/de\/wp-json\/wp\/v2\/types\/post"}],"author":[{"embeddable":true,"href":"https:\/\/www.europesays.com\/de\/wp-json\/wp\/v2\/users\/2"}],"replies":[{"embeddable":true,"href":"https:\/\/www.europesays.com\/de\/wp-json\/wp\/v2\/comments?post=400639"}],"version-history":[{"count":0,"href":"https:\/\/www.europesays.com\/de\/wp-json\/wp\/v2\/posts\/400639\/revisions"}],"wp:featuredmedia":[{"embeddable":true,"href":"https:\/\/www.europesays.com\/de\/wp-json\/wp\/v2\/media\/400640"}],"wp:attachment":[{"href":"https:\/\/www.europesays.com\/de\/wp-json\/wp\/v2\/media?parent=400639"}],"wp:term":[{"taxonomy":"category","embeddable":true,"href":"https:\/\/www.europesays.com\/de\/wp-json\/wp\/v2\/categories?post=400639"},{"taxonomy":"post_tag","embeddable":true,"href":"https:\/\/www.europesays.com\/de\/wp-json\/wp\/v2\/tags?post=400639"}],"curies":[{"name":"wp","href":"https:\/\/api.w.org\/{rel}","templated":true}]}}