{"id":400850,"date":"2025-09-06T07:30:20","date_gmt":"2025-09-06T07:30:20","guid":{"rendered":"https:\/\/www.europesays.com\/de\/400850\/"},"modified":"2025-09-06T07:30:20","modified_gmt":"2025-09-06T07:30:20","slug":"australien-hai-attacke-brett-ist-stuecke-gerissen-surfer-stirbt-news","status":"publish","type":"post","link":"https:\/\/www.europesays.com\/de\/400850\/","title":{"rendered":"Australien: Hai-Attacke! Brett ist St\u00fccke gerissen \u2013 Surfer stirbt | News"},"content":{"rendered":"<p><b>T\u00f6dliche Hai-Attacke vor der K\u00fcste von Sydney (Australien)! Am Samstagmorgen gegen 9\u00a0Uhr (Ortszeit) wurde dort ein Surfer von \u201eeinem gro\u00dfen Hai\u201c angegriffen und t\u00f6dlich verletzt, teilte die Polizei mit. Der 57-J\u00e4hrige erlitt schwerste Verletzungen an seinen Gliedma\u00dfen, starb noch am Strand.<\/b><\/p>\n<p>Der Vorfall passierte am Long Reef, einem langen K\u00fcstenstreifen n\u00f6rdlich von Sydney. Unmittelbar danach wurden alle Str\u00e4nde von Manly bis Narrabeen im Norden vorl\u00e4ufig gesperrt. Danach begann die Suche nach dem <a href=\"https:\/\/www.bild.de\/themen\/specials\/Haie-alle-infos-yu9DpXaaBKLDW9w2E4fp\" class=\"text-link\" rel=\"nofollow noopener\" target=\"_blank\">Hai<\/a>: Die Polizei versuchte mit <a href=\"https:\/\/www.bild.de\/themen\/specials\/drohne\/news-nachrichten-news-fotos-videos-politik-28382462.bild.html\" class=\"text-link\" rel=\"nofollow noopener\" target=\"_blank\">Drohnen<\/a> und Hubschraubern, das Tier zu finden.<\/p>\n<p>Zerfetztes Surfbrett soll Ausschluss geben<\/p>\n<p>Noch ist unklar, welche Hai-Art den Surfer angegriffen hat. In der Region an der Ostk\u00fcste <a href=\"https:\/\/www.bild.de\/news\/ausland\/australien\/thema-australien-alle-infos-80032984.bild.html\" class=\"text-link\" rel=\"nofollow noopener\" target=\"_blank\">Australiens<\/a> sind u.a. die f\u00fcr Menschen gef\u00e4hrlichen Tigerhaie, Bullenhaie und Wei\u00dfe Haie beheimatet. Anhand der Bissspuren am v\u00f6llig zerfetzten Surfbrett des Mannes soll nun ermittelt werden, von welchem Tier der Angriff ausging.<\/p>\n<p><img decoding=\"async\" width=\"992\" height=\"1178\" alt=\"Freunde und Familie kamen nach der Trag\u00f6die am Strand zusammen\" src=\"https:\/\/www.europesays.com\/de\/wp-content\/uploads\/2025\/09\/9553c0ce44cf9cca5f574cbd9be6f92b,ad1d362b\"   class=\"portrait\" loading=\"lazy\"\/><\/p>\n<p class=\"fig__caption__text\">Freunde und Familie kamen nach der Trag\u00f6die am Strand zusammen<\/p>\n<p>Foto: AP<\/p>\n<p>Bei dem Opfer handelt es sich laut australischen Medien um einen erfahrenen Surfer und Familienvater. Er war am Morgen mit Freunden ins Wasser gegangen. Der Sender <a href=\"https:\/\/www.abc.net.au\/news\/2025-09-06\/suspected-shark-attack-on-sydney-s-northern-beaches\/105743246\" target=\"_blank\" rel=\"nofollow noopener\" class=\"text-link--external text-link\">ABC<\/a> berichtete, der Rest der Gruppe sei sicher ans Ufer zur\u00fcckgekehrt; die Leiche des Mannes sei sp\u00e4ter in der Brandung getrieben. \u201eMehrere Gliedma\u00dfen\u201c h\u00e4tten gefehlt.<\/p>\n<p>Die <a href=\"https:\/\/www.bild.de\/regional\/aktuelles\/polizei\/polizeieinsatz-alle-infos-76681760.bild.html\" class=\"text-link\" rel=\"nofollow noopener\" target=\"_blank\">Polizei<\/a> erkl\u00e4rte, der Mann sei rund 30 Minuten im Meer und nur rund 100 Meter vom Strand entfernt gewesen. Inspektor Stuart Thomson weiter: \u201eEin paar andere Surfer haben ihn in den Wellen entdeckt und konnten ihn zur\u00fcckholen. Aber leider hatte er zu diesem Zeitpunkt wahrscheinlich schon viel Blut verloren, sodass eine Wiederbelebung nicht mehr m\u00f6glich war.\u201c<\/p>\n<p><img decoding=\"async\" width=\"992\" height=\"558\" alt=\"Der Mann war mit befreundeten Surfern ins Wasser gegangen\" src=\"https:\/\/www.europesays.com\/de\/wp-content\/uploads\/2025\/09\/f4432ed247fb23f76359a4a6f6e504bb,ed0bd4b1\"   class=\"landscape\" loading=\"lazy\"\/><\/p>\n<p class=\"fig__caption__text\">Der Mann war mit befreundeten Surfern ins Wasser gegangen<\/p>\n<p>Foto: AP<\/p>\n<p>Meereserw\u00e4rmung treibt Haie Richtung K\u00fcste<\/p>\n<p>Vor der K\u00fcste von Sydney leben viele Haie; die Wahrscheinlichkeit, von einem der Tiere gebissen zu werden, ist dennoch sehr gering. Im gesamten vergangenen Jahr hatte es nur einen t\u00f6dlichen Angriff gegeben, wie aus der Australian Shark Incident Database hervorgeht.<\/p>\n<p>2025 waren es bislang drei Attacken (Stand: vor dem Wochenende). Der letzte t\u00f6dliche Vorfall in Sydney ereignete sich demnach 2022 bei Little Bay im S\u00fcden der Stadt, nachdem es dort zuvor fast 60 Jahre lang gar keine Todesopfer gegeben hatte.<\/p>\n<p><img decoding=\"async\" width=\"992\" height=\"558\" alt=\"Mehrere Str\u00e4nde wurden nach dem Vorfall gesperrt\" src=\"https:\/\/www.europesays.com\/de\/wp-content\/uploads\/2025\/09\/c35028cc1b21b482b62fea4a606853fd,a52c200a\"   class=\"landscape\" loading=\"lazy\"\/><\/p>\n<p class=\"fig__caption__text\">Mehrere Str\u00e4nde wurden nach dem Vorfall gesperrt<\/p>\n<p>Foto: Dean Lewins\/AAP\/dpa<\/p>\n<p><img decoding=\"async\" width=\"992\" height=\"558\" alt=\"Ermittler wollen nun anhand der Bissspuren am Surfbrett herausfinden, welcher Hai den Mann attackierte\" src=\"https:\/\/www.europesays.com\/de\/wp-content\/uploads\/2025\/09\/748e20529e514534ff69222e2e7dc7ae,aa08585f\"   class=\"landscape\" loading=\"lazy\"\/><\/p>\n<p class=\"fig__caption__text\">Ermittler wollen nun anhand der Bissspuren am Surfbrett herausfinden, welcher Hai den Mann attackierte<\/p>\n<p>Foto: Dean Lewins\/AAP\/dpa<\/p>\n<p><b>Experten glauben aber, dass es zuk\u00fcnftig h\u00e4ufiger zu Kontakt zwischen Menschen und Haien kommen k\u00f6nnte \u2013 aufgrund des <\/b><a href=\"https:\/\/www.bild.de\/themen\/ereignisse\/klimawandel\/news-nachrichten-news-fotos-videos-16877746.bild.html\" class=\"text-link\" rel=\"nofollow noopener\" target=\"_blank\"><b>Klimawandels<\/b><\/a><b> und steigender Meerestemperaturen. Die Tiere halten sich den Angaben zufolge vermehrt um den Hafen und die Str\u00e4nde von Sydney auf. <\/b><\/p>\n<p>Forscher der James Cook University in Queensland dokumentierten, dass Arten wie der Bullenhai im Sommer schon rund 15 Tage l\u00e4nger vor der K\u00fcste Sydney verbringen, als noch vor 15 Jahren. Der Grund: Hier erw\u00e4rmt sich das Wasser des Pazifik schneller, als in den meisten anderen Meeresregionen der Welt.<\/p>\n","protected":false},"excerpt":{"rendered":"T\u00f6dliche Hai-Attacke vor der K\u00fcste von Sydney (Australien)! Am Samstagmorgen gegen 9\u00a0Uhr (Ortszeit) wurde dort ein Surfer von&hellip;\n","protected":false},"author":2,"featured_media":400851,"comment_status":"","ping_status":"","sticky":false,"template":"","format":"standard","meta":{"footnotes":"","_share_on_mastodon":"0"},"categories":[3],"tags":[1912,1738,31751,90391,13,14,15,100185,12,7291,106848,45,8199,10,8,9,11,2624,106847,21264,103,104],"class_list":["post-400850","post","type-post","status-publish","format-standard","has-post-thumbnail","category-welt","tag-australien","tag-desk-delta","tag-hai","tag-haiangriff","tag-headlines","tag-nachrichten","tag-news","tag-news-ausland","tag-schlagzeilen","tag-strand","tag-surfurlaub","tag-texttospeech","tag-tierattacken","tag-top-news","tag-top-meldungen","tag-topmeldungen","tag-topnews","tag-unfaelle","tag-weisser-hai","tag-wellenreiten","tag-welt","tag-world"],"share_on_mastodon":{"url":"https:\/\/pubeurope.com\/@de\/115156184433855175","error":""},"_links":{"self":[{"href":"https:\/\/www.europesays.com\/de\/wp-json\/wp\/v2\/posts\/400850","targetHints":{"allow":["GET"]}}],"collection":[{"href":"https:\/\/www.europesays.com\/de\/wp-json\/wp\/v2\/posts"}],"about":[{"href":"https:\/\/www.europesays.com\/de\/wp-json\/wp\/v2\/types\/post"}],"author":[{"embeddable":true,"href":"https:\/\/www.europesays.com\/de\/wp-json\/wp\/v2\/users\/2"}],"replies":[{"embeddable":true,"href":"https:\/\/www.europesays.com\/de\/wp-json\/wp\/v2\/comments?post=400850"}],"version-history":[{"count":0,"href":"https:\/\/www.europesays.com\/de\/wp-json\/wp\/v2\/posts\/400850\/revisions"}],"wp:featuredmedia":[{"embeddable":true,"href":"https:\/\/www.europesays.com\/de\/wp-json\/wp\/v2\/media\/400851"}],"wp:attachment":[{"href":"https:\/\/www.europesays.com\/de\/wp-json\/wp\/v2\/media?parent=400850"}],"wp:term":[{"taxonomy":"category","embeddable":true,"href":"https:\/\/www.europesays.com\/de\/wp-json\/wp\/v2\/categories?post=400850"},{"taxonomy":"post_tag","embeddable":true,"href":"https:\/\/www.europesays.com\/de\/wp-json\/wp\/v2\/tags?post=400850"}],"curies":[{"name":"wp","href":"https:\/\/api.w.org\/{rel}","templated":true}]}}