{"id":400872,"date":"2025-09-06T07:42:12","date_gmt":"2025-09-06T07:42:12","guid":{"rendered":"https:\/\/www.europesays.com\/de\/400872\/"},"modified":"2025-09-06T07:42:12","modified_gmt":"2025-09-06T07:42:12","slug":"palazzos-mannheimer-weihnachtscircus-2025","status":"publish","type":"post","link":"https:\/\/www.europesays.com\/de\/400872\/","title":{"rendered":"Palazzo\u2019s MANNHEIMER WEIHNACHTSCIRCUS 2025"},"content":{"rendered":"<p>tollk\u00fchn, traumhaft und tierisch lustig &#8211; Vorverkauf l\u00e4uft<\/p>\n<p class=\"text-justify\"><strong>Mannheim. <\/strong>Der n\u00e4chste Mannheimer Weihnachtscircus erf\u00fcllt Publikumsw\u00fcnsche gleich dreifach! Im neuen &#8211; inzwischen dritten Programm &#8211; wird das franz\u00f6sische Star-Com\u00e9die-Trio \u201eThe Rabbit Eaters\u201c die geliebte Tradition des tierischen Clown Spa\u00dfes in der Mannheimer Manege auf die Spitze treiben. Nach Star Clown Chisterin 2023 und den umjubelten Without Socks 2024 rocken nun die drei Spa\u00dfgiganten mit ihren irrwitzigen Parodien den Mannheimer Messplatz, nachdem sie j\u00fcngst in Paris zum Stadtgespr\u00e4ch wurden. Die Circus Welt feiert hochkar\u00e4tig in Mannheim und so wird diese Saison noch spektakul\u00e4rer, aufregender und sch\u00f6ner.\u00a0\u00a0\u201eWir haben nach allen Regeln der Circuskunst ein wunderbares Programm komponiert und daf\u00fcr die Besten der Branche engagieren k\u00f6nnen\u201c, freuen sich Weihnachtscircus- und Palazzo-Produzenten Gregor Spachmann und Rolf Balschbach. \u201eWeihnachtliche Lichtinszenierungen, pomp\u00f6se Dekorationen, atemberaubende Kost\u00fcme, ein erstklassiger Sound und wunderbare Circus Kulinarik schaffen eine traumhafte Atmosph\u00e4re\u201c.\u00a0<\/p>\n<p class=\"text-justify\">Wegen des riesigen Erfolges und der gro\u00dfen Nachfrage startet der Vorverkauf f\u00fcr Palazzo\u2019s Mannheimer Weihnachtscircus bereits am 30. August um 10.00 Uhr. Tickets und Ticketgutscheine (ab 15,90 \u20ac) f\u00fcr die Vorstellungen vom 17. Dezember 2025 bis 4. Januar 2026 auf dem Mannheimer Messplatz gibt es bei dem Pr\u00e4sentator der Produktion, dem Mannheimer Morgen, in den Ticketshops der Tageszeitung in Schwetzingen und Bensheim sowie in der Tourist Info am Hauptbahnhof und am Paradeplatz, an allen bekannten Vorverkaufsstellen sowie direkt \u00fcber die informative Circus-Seite\u00a0<a href=\"http:\/\/www.mannheimer-weihnachtscircus.de\" target=\"_blank\" rel=\"noreferrer noopener\"><strong>www.mannheimer-weihnachtscircus.de<\/strong><\/a><\/p>\n<p class=\"text-justify\">Text und Foto: CommCo<\/p>\n","protected":false},"excerpt":{"rendered":"tollk\u00fchn, traumhaft und tierisch lustig &#8211; Vorverkauf l\u00e4uft Mannheim. Der n\u00e4chste Mannheimer Weihnachtscircus erf\u00fcllt Publikumsw\u00fcnsche gleich dreifach! Im&hellip;\n","protected":false},"author":2,"featured_media":400873,"comment_status":"","ping_status":"","sticky":false,"template":"","format":"standard","meta":{"footnotes":""},"categories":[1845],"tags":[16222,17310,1634,17312,17302,17311,3364,29,17317,17309,548,663,3934,17313,30,13,17306,14835,7011,17304,2096,14,15,16935,17314,17316,17305,12,17315,17308,17303,17300,17301,17307,571,1986],"class_list":{"0":"post-400872","1":"post","2":"type-post","3":"status-publish","4":"format-standard","5":"has-post-thumbnail","7":"category-mannheim","8":"tag-dom","9":"tag-altpoertel","10":"tag-baden-wuerttemberg","11":"tag-bistum-speyer","12":"tag-brezelfest","13":"tag-brezelkracher","14":"tag-de","15":"tag-deutschland","16":"tag-dudenhofen","17":"tag-eger","18":"tag-eu","19":"tag-europa","20":"tag-europe","21":"tag-evangelische-kirche-der-pfalz","22":"tag-germany","23":"tag-headlines","24":"tag-historisches-museum","25":"tag-hockenheim","26":"tag-kirchen","27":"tag-kurpfalz","28":"tag-mannheim","29":"tag-nachrichten","30":"tag-news","31":"tag-pfalz","32":"tag-protestantische-landeskirche","33":"tag-roemerberg","34":"tag-salier","35":"tag-schlagzeilen","36":"tag-schwetzingen","37":"tag-sealife","38":"tag-speyer","39":"tag-speyer-kurier","40":"tag-tageszeitung","41":"tag-technik-museum","42":"tag-wochenzeitung","43":"tag-zeitung"},"share_on_mastodon":{"url":"https:\/\/pubeurope.com\/@de\/115156231465961511","error":""},"_links":{"self":[{"href":"https:\/\/www.europesays.com\/de\/wp-json\/wp\/v2\/posts\/400872","targetHints":{"allow":["GET"]}}],"collection":[{"href":"https:\/\/www.europesays.com\/de\/wp-json\/wp\/v2\/posts"}],"about":[{"href":"https:\/\/www.europesays.com\/de\/wp-json\/wp\/v2\/types\/post"}],"author":[{"embeddable":true,"href":"https:\/\/www.europesays.com\/de\/wp-json\/wp\/v2\/users\/2"}],"replies":[{"embeddable":true,"href":"https:\/\/www.europesays.com\/de\/wp-json\/wp\/v2\/comments?post=400872"}],"version-history":[{"count":0,"href":"https:\/\/www.europesays.com\/de\/wp-json\/wp\/v2\/posts\/400872\/revisions"}],"wp:featuredmedia":[{"embeddable":true,"href":"https:\/\/www.europesays.com\/de\/wp-json\/wp\/v2\/media\/400873"}],"wp:attachment":[{"href":"https:\/\/www.europesays.com\/de\/wp-json\/wp\/v2\/media?parent=400872"}],"wp:term":[{"taxonomy":"category","embeddable":true,"href":"https:\/\/www.europesays.com\/de\/wp-json\/wp\/v2\/categories?post=400872"},{"taxonomy":"post_tag","embeddable":true,"href":"https:\/\/www.europesays.com\/de\/wp-json\/wp\/v2\/tags?post=400872"}],"curies":[{"name":"wp","href":"https:\/\/api.w.org\/{rel}","templated":true}]}}