{"id":400909,"date":"2025-09-06T08:02:14","date_gmt":"2025-09-06T08:02:14","guid":{"rendered":"https:\/\/www.europesays.com\/de\/400909\/"},"modified":"2025-09-06T08:02:14","modified_gmt":"2025-09-06T08:02:14","slug":"was-die-welt-von-einem-us-praesidenten-j-d-vance-zu-erwarten-haette","status":"publish","type":"post","link":"https:\/\/www.europesays.com\/de\/400909\/","title":{"rendered":"Was die Welt von einem US-Pr\u00e4sidenten J.D. Vance zu erwarten h\u00e4tte"},"content":{"rendered":"<p class=\"tspAShw\">Donald Trump wollte von seinem Tod nichts geh\u00f6rt haben. Am Montag stand der US-Pr\u00e4sident im Oval Office vor der versammelten Presse, als er von einem Reporter gefragt wurde, wie er am Wochenende herausgefunden habe, dass er gestorben sei.<\/p>\n<p class=\"tspAShw\">Davon wisse er nichts, sagte der durchaus lebendig wirkende US-Pr\u00e4sident. Danach hob er jedoch zu einer Verteidigungsrede an. Mehrere \u00f6ffentliche Auftritte habe er in den vergangenen Tagen absolviert, die allesamt sehr erfolgreich gewesen seien. <\/p>\n<p>Washington Weekly Newsletter<\/p>\n<p><img decoding=\"async\" src=\"https:\/\/www.europesays.com\/de\/wp-content\/uploads\/2025\/04\/ww-icon.png\" alt=\"\" class=\"tspCMhv\"\/><\/p>\n<p class=\"tspCMny\"> Donald Trump will die USA umkrempeln. Verpassen Sie keine Neuigkeit mehr. Kostenlos jeden Donnerstag per E-Mail \u2013 vom US-Team der Tagesspiegel-Redaktion. <\/p>\n<p class=\"tspAShw\">Dann habe er zwei Tage nichts von sich h\u00f6ren lassen \u2013 und schon w\u00fcrden alle fragen, was nicht mit ihm stimme. Und sowieso: Sein Vorg\u00e4nger Joe Biden habe sich zum Teil \u00fcber Monate nicht blicken lassen \u2013 eine frei erfundene Falschaussage Trumps. <\/p>\n<p class=\"tspAShw\">Was sich wie eine weitere skurrile Trump-Episode anh\u00f6rt, hat einen durchaus ernsten Hintergrund. F\u00fcr mehrere Tage wurde vor allem in den sozialen Medien \u00fcber die Gesundheit des Pr\u00e4sidenten spekuliert, weil er sich ungew\u00f6hnlich lange nicht hatte blicken lassen. Fotos tauchten auf, auf denen der Pr\u00e4sident nicht besonders frisch aussah. Der Auftritt am Montag sollte diese Ger\u00fcchte wohl entkr\u00e4ften.<\/p>\n<p class=\"tspUez\">Empfohlener redaktioneller Inhalt<\/p>\n<p> An dieser Stelle finden Sie einen von unseren Redakteuren ausgew\u00e4hlten, externen Inhalt, der den Artikel f\u00fcr Sie mit zus\u00e4tzlichen Informationen anreichert. Sie k\u00f6nnen sich hier den externen Inhalt mit einem Klick anzeigen lassen oder wieder ausblenden. <\/p>\n<p> Externen Inhalt anzeigen <\/p>\n<p class=\"tspUe5\"> Ich bin damit einverstanden, dass mir der externe Inhalt angezeigt wird. Damit k\u00f6nnen personenbezogene Daten an Drittplattformen \u00fcbermittelt werden.  Mehr Informationen dazu erhalten Sie in den Datenschutz-Einstellungen. Diese finden Sie ganz unten auf unserer Seite im Footer, sodass Sie Ihre Einstellungen jederzeit verwalten oder widerrufen k\u00f6nnen. <\/p>\n<p class=\"tspAShw\">Doch etwas Bemerkenswertes passierte w\u00e4hrend Trumps f\u00fcr ihn un\u00fcblicher medialer Pause. <a href=\"https:\/\/www.tagesspiegel.de\/internationales\/wenn-es-zu-einer-schrecklichen-tragodie-kommt-jd-vance-zeigt-sich-zur-sofortigen-ubernahme-der-us-prasidentschaft-bereit-14244440.html?icid=in-text-link_14283632\" class=\"link link--internal\" data-gtm-class=\"article-text-link\" data-gtm-val=\"internal\" target=\"_blank\" rel=\"noopener\">US-Vizepr\u00e4sident J.D. Vance gab ein Interview<\/a>, in dem er zwar die \u201eunglaublich gute Gesundheit\u201c seines Chefs lobte. Allerdings sagte er auch, wenn etwas Tragisches passieren sollte, k\u00f6nne er sich kein besseres \u201eTraining am Arbeitsplatz\u201c vorstellen, als das, was er in den vergangenen 200 Tagen erhalten habe.<\/p>\n<p class=\"tspAShw\">\u00dcbersetzt hei\u00dft das: Wenn dem Chef was zust\u00f6\u00dft, stehe ich bereit.<\/p>\n<p> Trump ist der \u00e4lteste Mann, der je ins Amt eingef\u00fchrt wurde <\/p>\n<p class=\"tspAShw\">Donald Trump ist der \u00e4lteste Mann (bislang waren es nur M\u00e4nner), der je in das Amt des US-Pr\u00e4sidenten eingef\u00fchrt wurde. Zum Zeitpunkt seiner Inauguration im Januar war er 78 Jahre alt. Joe Biden war bei seinem Amtseintritt 2021 zwar im gleichen Alter, jedoch f\u00fcnf Monate j\u00fcnger. <\/p>\n<p class=\"tspAShw\">Nat\u00fcrlich r\u00fcckt der jeweilige Vize in einer solchen Situation st\u00e4rker ins Rampenlicht. Denn was, wenn der Pr\u00e4sident ausf\u00e4llt oder gar stirbt? Die Nachfolge ist im 25. Zusatzartikel der US-Verfassung geregelt. Sollte Trump versterben oder zur\u00fccktreten, w\u00fcrde Vance automatisch nachr\u00fccken. Zudem w\u00fcrde Vance bei einem zeitweiligen Ausfall die Gesch\u00e4fte f\u00fchren. <\/p>\n<p class=\"tspAShw\">Doch selbst wenn der US-Pr\u00e4sident seine Amtszeit beendet: Derzeit scheint es keinen nat\u00fcrlicheren Nachfolger f\u00fcr die Maga-Bewegung (nach dem Trump-Slogan \u201eMake America Great Again\u201c) zu geben als J.D. Vance. <\/p>\n<p class=\"tspAShw\">Das liegt auch an der bemerkenswerten Entwicklung, die er durchgemacht hat, seit Trump ihn Mitte des vergangenen Jahres zu seinem Kandidaten f\u00fcr das Amt des Vizepr\u00e4sidenten machte. <\/p>\n<p> Seine Geschichte verarbeitete Vance in einem Bestseller-Buch <\/p>\n<p class=\"tspAShw\">Bekannt wurde der heute 41-J\u00e4hrige zun\u00e4chst auf anderem Wege: als Autor. Vance kommt aus einer wei\u00dfen Unterschichtfamilie.  Seine Geschichte <a href=\"https:\/\/www.tagesspiegel.de\/kultur\/verkaufsboom-fur-j-d-vances-hillbilly-elegy-wenigstens-als-buchautor-ist-er-erfolgreich-12233579.html?icid=in-text-link_14283632\" class=\"link link--internal\" data-gtm-class=\"article-text-link\" data-gtm-val=\"internal\" target=\"_blank\" rel=\"noopener\">verarbeitete er in der Autobiografie \u201eHillbilly Elegie\u201c<\/a>, mit der er zum gefeierten Bestseller-Autor wurde. Darin beschreibt er sein Aufwachsen in einem harten, von Gewalt und Drogen gepr\u00e4gten Umfeld. <\/p>\n<p class=\"tspAShw\">Er verbrachte seine Kindheit im Bundesstaat Ohio in der ehemaligen Industriestadt Middletown. Es ist das Milieu, das 2015 viele Hoffnungen in Donald Trump steckte \u2013 und \u00fcberwiegend das, das ihn 2016 zum ersten Mal ins Amt des Pr\u00e4sidenten w\u00e4hlte.<\/p>\n<p class=\"tspAShw\">Vance selbst schaffte es, sich aus dem Umfeld zu befreien. Er ging zu den US-Marines und studierte sp\u00e4ter Jura an der renommierten Yale-Universit\u00e4t.<\/p>\n<p class=\"tspAShw\">Fortan galt er als Maga-Erkl\u00e4rer, als einer, der dem von Trump schockierten liberalen Amerika die Leute n\u00e4herbringen konnte, die ihn gew\u00e4hlt hatten. <\/p>\n<p><a href=\"https:\/\/www.tagesspiegel.de\/internationales\/idiot-amerikas-hitler-kulturelles-heroin-jd-vance-war-nicht-immer-ein-fan-von-donald-trump--die-besten-zitate-12030974.html?icid=single-topic_14283632___\" data-gtm-class=\"article-mzt-link\" class=\"tspCAmo\" target=\"_blank\" rel=\"noopener\">\u201eIdiot\u201c, \u201eAmerikas Hitler\u201c, \u201ekulturelles Heroin\u201c J.D. Vance war nicht immer ein Fan von Donald Trump \u2013 die besten Zitate <\/a><\/p>\n<p class=\"tspAShw\">Dabei hielt sich Vance mit seiner Kritik an Trump nicht zur\u00fcck. Ob dieser \u201eAmerikas Hitler\u201c sei, fragte Vance sich in einer privaten Konversation auf Facebook mit einem Bekannten 2016. Im gleichen Jahr schrieb er in einem Gastbeitrag f\u00fcr das renommierte Magazin \u201eThe Atlantic\u201c, dass Trump \u201ekulturelles Heroin sei\u201c.<\/p>\n<p class=\"tspAShw\">Doch in den Folgejahren n\u00e4herte sich Vance dem vermeintlich verhassten Trump an. Er dachte \u00f6ffentlich dar\u00fcber nach, diesen 2020 zu w\u00e4hlen \u2013 was er schlie\u00dflich auch tat. Er schlug nun einen g\u00e4nzlich anderen Ton gegen\u00fcber Trump an, lobte ihn f\u00fcr seine erste Amtszeit.<\/p>\n<p class=\"tspAShw\">Und so wurde er 2023 Senator f\u00fcr seinen Bundesstaat Ohio.<\/p>\n<p class=\"tspAShw\">Den Sinneswandel erkl\u00e4rte er in einem Interview mit der \u201eNew York Times\u201c im Juni 2024 so: \u201eWie viele andere Elite-Konservative und Elite-Liberale habe ich mich so sehr auf das stilistische Element von Trump konzentriert, dass ich die Art und Weise, in der er in der Au\u00dfenpolitik, im Handel und bei der Einwanderung etwas ganz anderes anbietet, v\u00f6llig ignoriert habe.\u201c<\/p>\n<p><a href=\"https:\/\/www.tagesspiegel.de\/internationales\/sie-haben-dankbar-zu-sein-der-schlagabtausch-zwischen-selenskyj-und-trump-im-wortlaut-13295143.html?icid=single-topic_14283632___\" data-gtm-class=\"article-mzt-link\" class=\"tspCAmo\" target=\"_blank\" rel=\"noopener\">\u201eSIE haben dankbar zu sein\u201c Der Schlagabtausch zwischen Selenskyj und Trump im Wortlaut <\/a><\/p>\n<p class=\"tspAShw\">Kritiker werfen ihm vor, dass er vor Trump den Kotau gemacht habe, um politisch Karriere zu machen \u2013 und das geht in der republikanischen Partei seit einigen Jahren eben nur mit Trump.<\/p>\n<p class=\"tspAShw\">Doch es half. Im Juli 2024 machte der einst Kritisierte ihn zu seinem Kandidaten f\u00fcr die Vizepr\u00e4sidentschaft. <\/p>\n<p><img decoding=\"async\" src=\"https:\/\/www.europesays.com\/de\/wp-content\/uploads\/2025\/09\/jasper-trautsch.jpeg\"   alt=\"\" width=\"80\" height=\"80\" loading=\"lazy\" class=\"tspAVh1\"\/><\/p>\n<p class=\"tspCOoj\"><strong>Jasper Trautsch<\/strong> ist au\u00dferplanm\u00e4\u00dfiger Professor und im Nordamerikastudienprogramm der Universit\u00e4t Bonn t\u00e4tig.<\/p>\n<p class=\"tspAShw\">Seitdem profiliert er sich als Scharfmacher. \u201eEr ist ein entscheidendes Sprachrohr der Regierung\u201c, sagt Jasper Trautsch, au\u00dferplanm\u00e4\u00dfiger Professor und im Nordamerikastudienprogramm der Universit\u00e4t Bonn t\u00e4tig. \u201eZu vielen politischen Themen \u2013 vom Kulturkampf gegen \u201alinke\u2018 Universit\u00e4ten bis zur Ablehnung kostspieliger milit\u00e4rischer Interventionen \u2013 vertritt er \u00e4hnliche Standpunkte wie der Pr\u00e4sident.\u201c\u00a0<\/p>\n<p> Die westlichen Partner waren entsetzt von Vance Rede in M\u00fcnchen <\/p>\n<p class=\"tspAShw\">Entsetzt lie\u00df er etwa die internationale Gemeinschaft Anfang des Jahres auf der M\u00fcnchner Sicherheitskonferenz zur\u00fcck, als er den Europ\u00e4ern unter anderem Defizite bei der Meinungsfreiheit vorwarf, weil diese sich weigerten, mit Parteien wie der AfD zusammenzuarbeiten. Sp\u00e4ter traf er sich dann mit der Vorsitzenden der Partei, Alice Weidel.<\/p>\n<p class=\"tspAShw\">Den westlichen Partnern in schlimmer Erinnerung bleibt zudem, wie er gemeinsam mit seinem Chef den ukrainischen Pr\u00e4sidenten Wolodymyr Selenskyj im Februar im Wei\u00dfen Haus herunterputzte und dem Staatschef des von Russland angegriffenen Landes Undankbarkeit vorwarf.<\/p>\n<p class=\"tspAShw\">Vance, so der Eindruck, der aus den vergangenen Monaten bleibt, ist der nat\u00fcrliche Erbe Trumps. \u201eEr befindet sich derzeit in der Favoritenrolle f\u00fcr die republikanische Pr\u00e4sidentschaftskandidatur 2028\u201c, sagt Trautsch. \u201eEr genie\u00dft Trumps Vertrauen und spielt eine bedeutsame Rolle in dessen zweiter Pr\u00e4sidentschaft. Er wird in zentrale Entscheidungen eingebunden, nimmt an wichtigen Treffen teil.\u201c<\/p>\n<p><img decoding=\"async\" src=\"https:\/\/www.europesays.com\/de\/wp-content\/uploads\/2025\/09\/trump-signs-executive-order-in-oval-office-dc.jpeg\"   alt=\"\" aria-labelledby=\"caption-14283623\" width=\"440\" height=\"330\" loading=\"lazy\" class=\"tspAVh1\"\/> Trotzdem es f\u00fcr Vance gut l\u00e4uft: Am Ende entscheidet Donald Trump (rechts), wer sein Nachfolger wird. <\/p>\n<p class=\"tspAGgj\"> \u00a9 IMAGO\/Pool\/ABACA <\/p>\n<p class=\"tspAShw\">Dass sich politisch unter einem Pr\u00e4sidenten Vance also viel ver\u00e4ndern w\u00fcrde, erscheint unwahrscheinlich.<\/p>\n<p class=\"tspAShw\">\u201eAuch unter einem Pr\u00e4sidenten Vance h\u00e4tten die USA kein Interesse an Demokratief\u00f6rderung im Ausland, w\u00fcrden B\u00fcndnisse nur danach beurteilt, welche unmittelbaren Vorteile sie f\u00fcr die USA haben, und st\u00fcnden sie kostspieligen milit\u00e4rischen Interventionen au\u00dferhalb der westlichen Hemisph\u00e4re ablehnend gegen\u00fcber\u201c, sagt Jasper Trautsch. <\/p>\n<p class=\"tspAShw\">Auch beim Thema Migration d\u00fcrfte er Trumps Politik fortf\u00fchren. Auf der M\u00fcnchner Sicherheitskonferenz kritisierte er die Europ\u00e4er f\u00fcr die \u201eMassenmigration\u201c, die sie zulassen w\u00fcrden. Im M\u00e4rz lobte er Trump an der mexikanisch-amerikanischen Grenze f\u00fcr dessen rigorose Migrationspolitik. <\/p>\n<blockquote class=\"tspB8mk\">\n<p>Wenn Trump das Gef\u00fchl bekommt, dass Vance an seinem Stuhl s\u00e4gt, kann seine Unterst\u00fctzung ganz schnell in Feindschaft umschlagen.<\/p>\n<\/blockquote>\n<p class=\"tspB8ml\"><strong>Jasper Trautsch<\/strong>, au\u00dferplanm\u00e4\u00dfiger Professor und im Nordamerikastudienprogramm der Universit\u00e4t Bonn t\u00e4tig.<\/p>\n<p class=\"tspAShw\">\u201eAllenfalls bei der Handelspolitik erscheint es denkbar, dass Vance eine gem\u00e4\u00dfigtere und zielgerichtetere Linie verfolgen w\u00fcrde\u201c, sagt Trautsch. <\/p>\n<p class=\"tspAShw\">Ein Unterschied ist au\u00dferdem Vance\u2019 N\u00e4he zu Tech-Unternehmern wie dem Milliard\u00e4r Peter Thiel, der dessen Wahlk\u00e4mpfe zum Teil finanzierte. Dem Vernehmen nach ist Vance stark gepr\u00e4gt von dessen Denken, der nach Ansicht vieler Beobachter den Rechtsruck in den USA entscheidend mitbetreibt. <\/p>\n<p class=\"tspAShw\">Trump selbst scheint Vance derzeit als seinen Nachfolger auserkoren zu haben. Auf die Frage, ob sein Vize derzeit der offensichtliche Erbe der Maga-Bewegung sei, sagte Trump Anfang August, dass dieser \u201eh\u00f6chstwahrscheinlich\u201c der f\u00fchrende Anw\u00e4rter sei.<\/p>\n<p> Mehr zum Thema lesen Sie hier <a href=\"https:\/\/www.tagesspiegel.de\/internationales\/nach-trumps-ankundigung-jd-vance-schliesst-kurzfristigen-einsatz-der-nationalgarde-in-chicago-aus-14273405.html?icid=topic-list_14283632___\" data-gtm-class=\"article-mzt-link\" class=\"tspCAmo\" target=\"_blank\" rel=\"noopener\">Nach Trumps Ank\u00fcndigung JD Vance schlie\u00dft kurzfristigen Einsatz der Nationalgarde in Chicago aus <\/a><a href=\"https:\/\/www.tagesspiegel.de\/internationales\/ukraine-politik-des-us-prasidenten-wird-aus-trump-nur-trump-schlau-14224862.html?icid=topic-list_14283632___\" data-gtm-class=\"article-mzt-link\" class=\"tspCAmo\" target=\"_blank\" rel=\"noopener\">Trumps Ukraine-Politik  Putin zu umarmen, dient einem strategischen Ziel   <\/a><a href=\"https:\/\/www.tagesspiegel.de\/internationales\/russlands-angebote-im-ukraine-krieg-us-vizeprasident-vance-sieht-erhebliche-zugestandnisse--experten-zweifeln-14222063.html?icid=topic-list_14283632___\" data-gtm-class=\"article-mzt-link\" class=\"tspCAmo\" target=\"_blank\" rel=\"noopener\">Russlands Angebote im Ukraine-Krieg US-Vizepr\u00e4sident Vance sieht \u201eerhebliche Zugest\u00e4ndnisse\u201c \u2013 Experten zweifeln <\/a><\/p>\n<p class=\"tspAShw\">Letztlich wird es aber darauf ankommen, wen Trump zu seinem Nachfolger bestimmt. Denn auch, wenn es derzeit gut f\u00fcr den Vize zu laufen scheint: Die Meinung des Patrons kann sich jederzeit \u00e4ndern, wenn er sich bedroht f\u00fchlt. \u201eWenn Trump das Gef\u00fchl bekommt, dass Vance an seinem Stuhl s\u00e4gt, kann seine Unterst\u00fctzung ganz schnell in Feindschaft umschlagen\u201c, sagt Trautsch. \u201eUnterst\u00fctzt der Pr\u00e4sident Vance 2028, hat er beste Karten, zur neuen Maga-F\u00fchrungsfigur zu werden.\u201c<\/p>\n<p class=\"tspAShw\">Bis dahin wird Vance weiter Trumps Agenda vehement nach au\u00dfen vertreten \u2013 und so versuchen, seinen Chef nicht zu ver\u00e4rgern. <\/p>\n","protected":false},"excerpt":{"rendered":"Donald Trump wollte von seinem Tod nichts geh\u00f6rt haben. Am Montag stand der US-Pr\u00e4sident im Oval Office vor&hellip;\n","protected":false},"author":2,"featured_media":400910,"comment_status":"","ping_status":"","sticky":false,"template":"","format":"standard","meta":{"footnotes":""},"categories":[5],"tags":[331,332,3364,29,106,444,30,13,3295,6555,382,14,15,12,64,107],"class_list":{"0":"post-400909","1":"post","2":"type-post","3":"status-publish","4":"format-standard","5":"has-post-thumbnail","7":"category-nachrichten","8":"tag-aktuelle-nachrichten","9":"tag-aktuelle-news","10":"tag-de","11":"tag-deutschland","12":"tag-donald-trump","13":"tag-elon-musk","14":"tag-germany","15":"tag-headlines","16":"tag-hochschulen","17":"tag-joe-biden","18":"tag-migration","19":"tag-nachrichten","20":"tag-news","21":"tag-schlagzeilen","22":"tag-usa","23":"tag-wolodymyr-selenskyj"},"share_on_mastodon":{"url":"https:\/\/pubeurope.com\/@de\/115156310488690791","error":""},"_links":{"self":[{"href":"https:\/\/www.europesays.com\/de\/wp-json\/wp\/v2\/posts\/400909","targetHints":{"allow":["GET"]}}],"collection":[{"href":"https:\/\/www.europesays.com\/de\/wp-json\/wp\/v2\/posts"}],"about":[{"href":"https:\/\/www.europesays.com\/de\/wp-json\/wp\/v2\/types\/post"}],"author":[{"embeddable":true,"href":"https:\/\/www.europesays.com\/de\/wp-json\/wp\/v2\/users\/2"}],"replies":[{"embeddable":true,"href":"https:\/\/www.europesays.com\/de\/wp-json\/wp\/v2\/comments?post=400909"}],"version-history":[{"count":0,"href":"https:\/\/www.europesays.com\/de\/wp-json\/wp\/v2\/posts\/400909\/revisions"}],"wp:featuredmedia":[{"embeddable":true,"href":"https:\/\/www.europesays.com\/de\/wp-json\/wp\/v2\/media\/400910"}],"wp:attachment":[{"href":"https:\/\/www.europesays.com\/de\/wp-json\/wp\/v2\/media?parent=400909"}],"wp:term":[{"taxonomy":"category","embeddable":true,"href":"https:\/\/www.europesays.com\/de\/wp-json\/wp\/v2\/categories?post=400909"},{"taxonomy":"post_tag","embeddable":true,"href":"https:\/\/www.europesays.com\/de\/wp-json\/wp\/v2\/tags?post=400909"}],"curies":[{"name":"wp","href":"https:\/\/api.w.org\/{rel}","templated":true}]}}