{"id":400917,"date":"2025-09-06T08:06:33","date_gmt":"2025-09-06T08:06:33","guid":{"rendered":"https:\/\/www.europesays.com\/de\/400917\/"},"modified":"2025-09-06T08:06:33","modified_gmt":"2025-09-06T08:06:33","slug":"zwei-schlagersaenger-bei-der-styrumer-sommerparty","status":"publish","type":"post","link":"https:\/\/www.europesays.com\/de\/400917\/","title":{"rendered":"Zwei Schlagers\u00e4nger bei der Styrumer Sommerparty"},"content":{"rendered":"<p class=\"expressive-copy-lg-body\">Der Sommer geht zu Ende &#8211; aber in Styrum scheint noch die Sonne. So k\u00f6nnte man den Terminkalender im Oberhausener Stadts\u00fcden interpretieren. Der Karnevalsverein \u201eStyrumer L\u00f6wen\u201c bittet zu seiner beliebten Sommerparty.<\/p>\n<p>    Auch interessant<\/p>\n<p>    <img decoding=\"async\" src=\"https:\/\/www.europesays.com\/de\/wp-content\/uploads\/2025\/09\/407162775_1756723520_v16_9_1200.jpeg\" class=\"block w-full object-cover relative z-10 aspect-[1\/1] \" alt=\"Olaf der Flipper (Olaf Malolepski) geh\u00f6rt immer noch zu den beliebtesten Schlager-Interpreten. Im kommenden Jahr ver\u00f6ffentlicht der 79-J\u00e4hrige sein elftes Solo-Album. Am Wochenende trat er beim Freiluft-Festival \u201eBest of Popschlager\u201c in Oberhausen auf.\" title=\"Olaf der Flipper (Olaf Malolepski) geh\u00f6rt immer noch zu den beliebtesten Schlager-Interpreten. Im kommenden Jahr ver\u00f6ffentlicht der 79-J\u00e4hrige sein elftes Solo-Album. Am Wochenende trat er beim Freiluft-Festival \u201eBest of Popschlager\u201c in Oberhausen auf.\" loading=\"lazy\"\/><\/p>\n<p class=\"expressive-copy-lg-body\">Los geht es zun\u00e4chst am Freitag, 5. September 2025, mit dem launigen Auftakt und einem <a href=\"https:\/\/www.waz.de\/lokales\/oberhausen\/article409888219\/olaf-der-flipper-darum-vermisse-ich-meine-flippers-kollegen.html\" data-category-full-path=\"https:\/\/www.waz.de\/lokales\/oberhausen\/\" data-paid-status=\"premium\" data-article-publish-date=\"1756729080\" rel=\"nofollow noopener\" target=\"_blank\">bekannten Schlagerduo<\/a>. \u201ePures Party Gl\u00fcck\u201c hatte schon etliche Auftritte in Oberhausen. Auch diesmal werden die Musiker ihren beliebten und gut gelaunten Nordsee-Stimmungshit \u201eNorderney\u201c unter die Besucherschar bringen. Der Song hat auch eine muntere <a href=\"https:\/\/www.waz.de\/lokales\/oberhausen\/article408330763\/karneval-oberhausen-beliebter-praesident-verabschiedet-sich.html\" data-category-full-path=\"https:\/\/www.waz.de\/lokales\/oberhausen\/\" data-paid-status=\"free\" data-article-publish-date=\"1739818800\" rel=\"nofollow noopener\" target=\"_blank\">Oberhausener Karnevalsvergangenheit<\/a>. Sogar ein Kinderprinzenpaar textete die Schlagerzeilen f\u00fcr die eigene Einmarschmusik um. Die Freitagssause steigt ab 17 Uhr.<\/p>\n<p>Oberhausen: Sabrina Senger singt in Styrum ihren Schlager \u201eNoch einmal\u201c <\/p>\n<p class=\"expressive-copy-lg-body\">Am Samstag, 6. September 2025, geht die Party auf der Festwiese vor der Kirche St. Joseph richtig los. Dass Besucherinnen und Besucher weder fehlende Speisen noch Getr\u00e4nke f\u00fcrchten m\u00fcssen, versteht sich von selbst. Doch die Karnevalsgesellschaft bringt zudem musikalisch eine \u00dcberraschung ins Festzelt.<\/p>\n<p>    Mehr Events 2025 in Oberhausen<\/p>\n<p class=\"expressive-copy-lg-body\">Die Schlagers\u00e4ngerin Sabrina Senger sorgt f\u00fcr eine schallende Mischung aus <a href=\"https:\/\/www.waz.de\/lokales\/oberhausen\/article409821867\/schlagersaenger-ueber-tv-shows-fast-immer-das-gleiche.html\" data-category-full-path=\"https:\/\/www.waz.de\/lokales\/oberhausen\/\" data-paid-status=\"free\" data-article-publish-date=\"1756047720\" rel=\"nofollow noopener\" target=\"_blank\">Discofox-Songs<\/a>. Neben Titeln wie \u201eNoch einmal\u201c sind bekannte Arrangements wie \u201eDie H\u00f6lle morgen fr\u00fch\u201c dabei. Das Original stammt schlie\u00dflich von Schlager-Superstar Helene Fischer. Der heitere Abend startet um 17 Uhr. <\/p>\n<p>    Auch interessant<\/p>\n<p>    <img decoding=\"async\" src=\"https:\/\/www.europesays.com\/de\/wp-content\/uploads\/2025\/09\/409821786_1756041051_v16_9_1200.jpeg\" class=\"block w-full object-cover relative z-10 aspect-[1\/1] \" alt=\"Erst Oberhausen, dann nach K\u00f6ln: Schlagers\u00e4nger Noel Terhorst (30) brachte am Samstag beim \u201eAlstadener B\u00e4renfest\u201c seine Hits unters Feiervolk. Der Moerser Interpret hat an den Wochenenden einen prall gef\u00fcllten Terminkalender. (Archiv-Foto)\" title=\"Erst Oberhausen, dann nach K\u00f6ln: Schlagers\u00e4nger Noel Terhorst (30) brachte am Samstag beim \u201eAlstadener B\u00e4renfest\u201c seine Hits unters Feiervolk. Der Moerser Interpret hat an den Wochenenden einen prall gef\u00fcllten Terminkalender. (Archiv-Foto)\" loading=\"lazy\"\/><\/p>\n<p class=\"expressive-copy-lg-body\">Selbst wenn die Schlagerk\u00fcnstler am Mikrofon pausieren, gibt es an der Lothringer Stra\u00dfe kein Stillleben. Die Karnevalsgesellschaft Blau-Wei\u00df \u201eStyrumer L\u00f6wen\u201c hat n\u00e4mlich zwei Discjockeys eingeladen. Neben DJ Stephan geh\u00f6rt DJ Dirk zum Programm der kleinen Sommerparty. Die Sause dauert bis sp\u00e4t in den Abend. Der Eintritt ist frei.<\/p>\n","protected":false},"excerpt":{"rendered":"Der Sommer geht zu Ende &#8211; aber in Styrum scheint noch die Sonne. So k\u00f6nnte man den Terminkalender&hellip;\n","protected":false},"author":2,"featured_media":400918,"comment_status":"","ping_status":"","sticky":false,"template":"","format":"standard","meta":{"footnotes":""},"categories":[1838],"tags":[3364,29,3715,30,1209],"class_list":{"0":"post-400917","1":"post","2":"type-post","3":"status-publish","4":"format-standard","5":"has-post-thumbnail","7":"category-duisburg","8":"tag-de","9":"tag-deutschland","10":"tag-duisburg","11":"tag-germany","12":"tag-nordrhein-westfalen"},"share_on_mastodon":{"url":"https:\/\/pubeurope.com\/@de\/115156325958638515","error":""},"_links":{"self":[{"href":"https:\/\/www.europesays.com\/de\/wp-json\/wp\/v2\/posts\/400917","targetHints":{"allow":["GET"]}}],"collection":[{"href":"https:\/\/www.europesays.com\/de\/wp-json\/wp\/v2\/posts"}],"about":[{"href":"https:\/\/www.europesays.com\/de\/wp-json\/wp\/v2\/types\/post"}],"author":[{"embeddable":true,"href":"https:\/\/www.europesays.com\/de\/wp-json\/wp\/v2\/users\/2"}],"replies":[{"embeddable":true,"href":"https:\/\/www.europesays.com\/de\/wp-json\/wp\/v2\/comments?post=400917"}],"version-history":[{"count":0,"href":"https:\/\/www.europesays.com\/de\/wp-json\/wp\/v2\/posts\/400917\/revisions"}],"wp:featuredmedia":[{"embeddable":true,"href":"https:\/\/www.europesays.com\/de\/wp-json\/wp\/v2\/media\/400918"}],"wp:attachment":[{"href":"https:\/\/www.europesays.com\/de\/wp-json\/wp\/v2\/media?parent=400917"}],"wp:term":[{"taxonomy":"category","embeddable":true,"href":"https:\/\/www.europesays.com\/de\/wp-json\/wp\/v2\/categories?post=400917"},{"taxonomy":"post_tag","embeddable":true,"href":"https:\/\/www.europesays.com\/de\/wp-json\/wp\/v2\/tags?post=400917"}],"curies":[{"name":"wp","href":"https:\/\/api.w.org\/{rel}","templated":true}]}}