{"id":400961,"date":"2025-09-06T08:32:19","date_gmt":"2025-09-06T08:32:19","guid":{"rendered":"https:\/\/www.europesays.com\/de\/400961\/"},"modified":"2025-09-06T08:32:19","modified_gmt":"2025-09-06T08:32:19","slug":"langstreckenflieger-aus-muenchen-landet-kurz-nach-dem-start-in-anderer-grossstadt","status":"publish","type":"post","link":"https:\/\/www.europesays.com\/de\/400961\/","title":{"rendered":"Langstreckenflieger aus M\u00fcnchen landet kurz nach dem Start in anderer Gro\u00dfstadt"},"content":{"rendered":"<ol class=\"id-DonaldBreadcrumb lp_west_breadcrumb id-DonaldBreadcrumb--default\" data-k5a-pos=\"west_breadcrumb\">\n<li class=\"id-Breadcrumb-item\"><a href=\"https:\/\/www.merkur.de\/\" class=\"id-Breadcrumb-link\" data-id-ec=\"{\" shn=\"\" textlink=\"\" data-k5a-pos=\"1_startseite\" rel=\"nofollow noopener\" target=\"_blank\">Startseite<\/a><\/li>\n<li class=\"id-Breadcrumb-item\"><a href=\"https:\/\/www.merkur.de\/lokales\/\" class=\"id-Breadcrumb-link\" data-id-ec=\"{\" shn=\"\" textlink=\"\" data-k5a-pos=\"2_lokales\" rel=\"nofollow noopener\" target=\"_blank\">Lokales<\/a><\/li>\n<li class=\"id-Breadcrumb-item\"><a href=\"https:\/\/www.merkur.de\/lokales\/erding\/\" class=\"id-Breadcrumb-link\" data-id-ec=\"{\" shn=\"\" textlink=\"\" data-k5a-pos=\"3_erding\" rel=\"nofollow noopener\" target=\"_blank\">Erding<\/a><\/li>\n<li class=\"id-Breadcrumb-item\"><a href=\"https:\/\/www.merkur.de\/lokales\/erding\/flughafen-muenchen-ort60188\/\" class=\"id-Breadcrumb-link\" data-id-ec=\"{\" shn=\"\" textlink=\"\" m=\"\" data-k5a-pos=\"4_flughafenMuenchen\" rel=\"nofollow noopener\" target=\"_blank\">Flughafen M\u00fcnchen<\/a><\/li>\n<\/ol>\n<p class=\"id-Story-timestamp id-Story-timestamp--default\">Stand: 06.09.2025, 09:50 Uhr<\/p>\n<p class=\"id-Story-authors id-Story-authors--default\">Von: <a class=\"id-Story-authors-link lp_west_author\" href=\"https:\/\/www.merkur.de\/autor\/jonah-reule-swqrebyh.html\" title=\"Zur Autorenseite von Jonah Reule\" data-id-ec=\"{\" shn=\"\" author-link=\"\" reule=\"\" data-k5a-pos=\"west_author\" rel=\"nofollow noopener\" target=\"_blank\">Jonah Reule<\/a><\/p>\n<p class=\"id-Story-interactionBar id-Story-interactionBar--default\">DruckenTeilen<\/p>\n<p class=\"id-StoryElement-leadText\">Ein Flug der Lufthansa aus M\u00fcnchen muss kurz nach dem Start in Norddeutschland landen. Die Airline erkl\u00e4rt nun die Hintergr\u00fcnde dazu.<\/p>\n<p class=\"id-StoryElement-paragraph\">M\u00fcnchen\/Hamburg \u2013 Flugreisen erfreuen sich einer gro\u00dfen Beliebtheit. T\u00e4glich starten an Deutschlands Airports tausende Flugzeuge zu den unterschiedlichsten Zielen \u00fcberall auf der Welt. Doch nicht immer l\u00e4uft alles glatt. So mussten am Donnerstag (4. September) gleich <a href=\"https:\/\/www.merkur.de\/bayern\/fluege-umgeleitet-unwetter-sorgt-fuer-chaos-an-airport-in-bayern-93918759.html\" class=\"id-import-Link\" data-id-ec=\"{&quot;sht&quot;:&quot;Container&quot;,&quot;shn&quot;:&quot;Story&quot;,&quot;p&quot;:{&quot;containerType&quot;:&quot;Paragraph&quot;,&quot;displayType&quot;:&quot;Paragraph InlineLink&quot;,&quot;type&quot;:&quot;INLINE_LINK&quot;,&quot;value&quot;:&quot;zwei Maschinen von Memmingen nach Franken umgeleitet&quot;,&quot;variant&quot;:&quot;standardLink&quot;,&quot;sponsored&quot;:false,&quot;linkHref&quot;:&quot;https:\/\/www.merkur.de\/bayern\/fluege-umgeleitet-unwetter-sorgt-fuer-chaos-an-airport-in-bayern-93918759.html&quot;,&quot;storyElementPosition&quot;:8,&quot;storyElementCount&quot;:19}}\" rel=\"nofollow noopener\" target=\"_blank\">zwei Maschinen von Memmingen nach Franken umgeleitet<\/a> werden. Auch auf einem Flug der Lufthansa lief an jenem Tag nicht alles rund. Ein Langstreckenflieger der Kranich-Airline musste nur kurz nach dem Start am <a href=\"https:\/\/www.merkur.de\/lokales\/erding\/flughafen-muenchen-ort60188\/\" class=\"id-import-Link\" title=\"Flughafen M&#xFC;nchen\" data-id-ec=\"{&quot;sht&quot;:&quot;Container&quot;,&quot;shn&quot;:&quot;Story&quot;,&quot;p&quot;:{&quot;containerType&quot;:&quot;Paragraph&quot;,&quot;displayType&quot;:&quot;Paragraph InlineLink&quot;,&quot;type&quot;:&quot;INLINE_LINK&quot;,&quot;value&quot;:&quot;Flughafen M&#xFC;nchen&quot;,&quot;variant&quot;:&quot;standardLink&quot;,&quot;sponsored&quot;:false,&quot;linkHref&quot;:&quot;https:\/\/www.merkur.de\/lokales\/erding\/flughafen-muenchen-ort60188\/&quot;,&quot;storyElementPosition&quot;:8,&quot;storyElementCount&quot;:19}}\" rel=\"nofollow noopener\" target=\"_blank\">Flughafen M\u00fcnchen<\/a> au\u00dferplanm\u00e4\u00dfig landen.<\/p>\n<p><img decoding=\"async\" class=\"id-RatioPlaceholder-element wv_story_el_image\" src=\"https:\/\/www.europesays.com\/de\/wp-content\/uploads\/2025\/09\/39601156-a350-der-lufthansa-2qkXXNu1NRBG.jpg\" loading=\"lazy\"   height=\"733\" width=\"1100\" alt=\"A350 der Lufthansa\"\/>Der Airbus A350 landete am Donnerstag (4. September) in au\u00dferplanm\u00e4\u00dfig Hamburg (Symbolbild). \u00a9\u00a0IMAGO\/Ardan FuessmannAirbus A350 hebt am Flughafen M\u00fcnchen nach Kanada ab \u2013 dann landen die Passagiere in Hamburg<\/p>\n<p class=\"id-StoryElement-paragraph\">Flug LH474 war am Donnerstag gegen 17.20 Uhr auf Startbahn 08L am Flughafen <a href=\"https:\/\/www.tz.de\/muenchen\/stadt\/\" class=\"id-import-Link id-pageApi-Link--externalDomain\" title=\"M&#xFC;nchen\" data-id-ec=\"{&quot;sht&quot;:&quot;Container&quot;,&quot;shn&quot;:&quot;Story&quot;,&quot;p&quot;:{&quot;containerType&quot;:&quot;Paragraph&quot;,&quot;displayType&quot;:&quot;Paragraph InlineLink&quot;,&quot;type&quot;:&quot;INLINE_LINK&quot;,&quot;value&quot;:&quot;M&#xFC;nchen&quot;,&quot;variant&quot;:&quot;standardLink&quot;,&quot;sponsored&quot;:false,&quot;linkHref&quot;:&quot;https:\/\/www.tz.de\/muenchen\/stadt\/&quot;,&quot;storyElementPosition&quot;:12,&quot;storyElementCount&quot;:19}}\" rel=\"nofollow noopener\" target=\"_blank\">M\u00fcnchen<\/a> gestartet \u2013 Ziel: Montreal, Kanada. Doch statt der pulsierenden Metropole im franz\u00f6sischsprachigen Teil Kanadas bekamen die Passagiere des Airbus A350 die Skyline der Elbmetropole <a href=\"https:\/\/www.kreiszeitung.de\/lokales\/hamburg\/\" class=\"id-import-Link id-pageApi-Link--externalDomain\" title=\"Hamburg\" data-id-ec=\"{&quot;sht&quot;:&quot;Container&quot;,&quot;shn&quot;:&quot;Story&quot;,&quot;p&quot;:{&quot;containerType&quot;:&quot;Paragraph&quot;,&quot;displayType&quot;:&quot;Paragraph InlineLink&quot;,&quot;type&quot;:&quot;INLINE_LINK&quot;,&quot;value&quot;:&quot;Hamburg&quot;,&quot;variant&quot;:&quot;standardLink&quot;,&quot;sponsored&quot;:false,&quot;linkHref&quot;:&quot;https:\/\/www.kreiszeitung.de\/lokales\/hamburg\/&quot;,&quot;storyElementPosition&quot;:12,&quot;storyElementCount&quot;:19}}\" rel=\"nofollow noopener\" target=\"_blank\">Hamburg<\/a> zu sehen.<\/p>\n<p><img decoding=\"async\" class=\"id-RatioPlaceholder-element wv_story_el_image\" src=\"https:\/\/www.europesays.com\/de\/wp-content\/uploads\/2025\/09\/1757147537_60_39601231-flougroute-flug-lh474-2oJlHpMB5XBG.jpg\" loading=\"lazy\"   height=\"619\" width=\"1100\" alt=\"Flougroute Flug LH474\"\/>Der Langstreckenflieger drehte \u00fcber Sylt nach Hamburg ab. \u00a9\u00a0Screenshot Flightradar24<\/p>\n<p class=\"id-StoryElement-paragraph\">Nach etwa 50 Minuten Flugzeit drehte die Lufthansa-Maschine auf einer H\u00f6he von 38.000 Fu\u00df (circa 12 Kilometer) \u00fcber <a href=\"https:\/\/www.24hamburg.de\/nord\/sylt-ort29529\/\" class=\"id-import-Link id-pageApi-Link--externalDomain\" title=\"Sylt\" data-id-ec=\"{&quot;sht&quot;:&quot;Container&quot;,&quot;shn&quot;:&quot;Story&quot;,&quot;p&quot;:{&quot;containerType&quot;:&quot;Paragraph&quot;,&quot;displayType&quot;:&quot;Paragraph InlineLink&quot;,&quot;type&quot;:&quot;INLINE_LINK&quot;,&quot;value&quot;:&quot;Sylt&quot;,&quot;variant&quot;:&quot;standardLink&quot;,&quot;sponsored&quot;:false,&quot;linkHref&quot;:&quot;https:\/\/www.24hamburg.de\/nord\/sylt-ort29529\/&quot;,&quot;storyElementPosition&quot;:15,&quot;storyElementCount&quot;:19}}\" rel=\"nofollow noopener\" target=\"_blank\">Sylt<\/a> nach S\u00fcden ab. Gegen 18.30 Uhr landete der Airbus A350 am Airport Helmut Schmidt im Hamburger Stadtteil Fuhlsb\u00fcttel. Das belegen Aufzeichnungen von Flightradar24. Der Flug wurde anschlie\u00dfend nicht mehr fortgesetzt.<\/p>\n<p>Vom Freistaat in die weite Welt hinaus: Das sind Bayerns Verkehrsflugh\u00e4fen<img decoding=\"async\" class=\"id-RatioPlaceholder-element wv_story_el_interstitialImage\" src=\"https:\/\/www.europesays.com\/de\/wp-content\/uploads\/2025\/08\/39195552-israel-air-force-boeing-707-3l6c-manching-3kfe.jpg\" loading=\"lazy\"   height=\"2667\" width=\"4000\" alt=\"Israel - Air Force Boeing 707-3L6C, Manching\"\/><a href=\"https:\/\/www.merkur.de\/bayern\/verkehrsflughaefen-vom-freistaat-in-die-weite-welt-hinaus-das-sind-bayerns-zr-93872845.html\" class=\"id-StoryElement-intestitialLink-link\" data-id-ec=\"{\" shn=\"\" ansehen=\"\" data-k5a-pos=\"west_story_15_photoGalleryLink\" title=\"Zur Fotostrecke: Vom Freistaat in die weite Welt hinaus: Das sind Bayerns Verkehrsflugh&#xE4;fen\" rel=\"nofollow noopener\" target=\"_blank\">Fotostrecke ansehen<\/a>Lufthansa-Maschine landet au\u00dferplanm\u00e4\u00dfig in Hamburg \u2013 Airline \u00e4u\u00dfert sich<\/p>\n<p class=\"id-StoryElement-paragraph\">Auf Nachfrage unserer Redaktion best\u00e4tigte die Lufthansa die au\u00dferplanm\u00e4\u00dfige Landung von Flug LH474 in Hamburg. \u201eDer Flug nach Montreal ist gestern aus medizinischen Gr\u00fcnden (erkrankter Fluggast) in Hamburg zwischengelandet\u201c, teilte eine Sprecherin der Kranich-Airline am Freitag (5. September) dazu mit. Wenige Tage zuvor hatte auch eine andere <a href=\"https:\/\/www.merkur.de\/lokales\/muenchen\/anmarsch-lufthansa-flug-von-muenchen-kann-nicht-landen-monsun-im-93908349.html\" class=\"id-import-Link\" data-id-ec=\"{&quot;sht&quot;:&quot;Container&quot;,&quot;shn&quot;:&quot;Story&quot;,&quot;p&quot;:{&quot;containerType&quot;:&quot;Paragraph&quot;,&quot;displayType&quot;:&quot;Paragraph InlineLink&quot;,&quot;type&quot;:&quot;INLINE_LINK&quot;,&quot;value&quot;:&quot;Maschine der Lufthansa mit Problemen zu k&#xE4;mpfen&quot;,&quot;variant&quot;:&quot;standardLink&quot;,&quot;sponsored&quot;:false,&quot;linkHref&quot;:&quot;https:\/\/www.merkur.de\/lokales\/muenchen\/anmarsch-lufthansa-flug-von-muenchen-kann-nicht-landen-monsun-im-93908349.html&quot;,&quot;storyElementPosition&quot;:19,&quot;storyElementCount&quot;:19}}\" rel=\"nofollow noopener\" target=\"_blank\">Maschine der Lufthansa mit Problemen zu k\u00e4mpfen<\/a>. (jr)<\/p>\n","protected":false},"excerpt":{"rendered":"Startseite Lokales Erding Flughafen M\u00fcnchen Stand: 06.09.2025, 09:50 Uhr Von: Jonah Reule DruckenTeilen Ein Flug der Lufthansa aus&hellip;\n","protected":false},"author":2,"featured_media":399502,"comment_status":"","ping_status":"","sticky":false,"template":"","format":"standard","meta":{"footnotes":""},"categories":[1827],"tags":[772,29,30,1268],"class_list":{"0":"post-400961","1":"post","2":"type-post","3":"status-publish","4":"format-standard","5":"has-post-thumbnail","7":"category-muenchen","8":"tag-bayern","9":"tag-deutschland","10":"tag-germany","11":"tag-muenchen"},"share_on_mastodon":{"url":"https:\/\/pubeurope.com\/@de\/115156428058716783","error":""},"_links":{"self":[{"href":"https:\/\/www.europesays.com\/de\/wp-json\/wp\/v2\/posts\/400961","targetHints":{"allow":["GET"]}}],"collection":[{"href":"https:\/\/www.europesays.com\/de\/wp-json\/wp\/v2\/posts"}],"about":[{"href":"https:\/\/www.europesays.com\/de\/wp-json\/wp\/v2\/types\/post"}],"author":[{"embeddable":true,"href":"https:\/\/www.europesays.com\/de\/wp-json\/wp\/v2\/users\/2"}],"replies":[{"embeddable":true,"href":"https:\/\/www.europesays.com\/de\/wp-json\/wp\/v2\/comments?post=400961"}],"version-history":[{"count":0,"href":"https:\/\/www.europesays.com\/de\/wp-json\/wp\/v2\/posts\/400961\/revisions"}],"wp:featuredmedia":[{"embeddable":true,"href":"https:\/\/www.europesays.com\/de\/wp-json\/wp\/v2\/media\/399502"}],"wp:attachment":[{"href":"https:\/\/www.europesays.com\/de\/wp-json\/wp\/v2\/media?parent=400961"}],"wp:term":[{"taxonomy":"category","embeddable":true,"href":"https:\/\/www.europesays.com\/de\/wp-json\/wp\/v2\/categories?post=400961"},{"taxonomy":"post_tag","embeddable":true,"href":"https:\/\/www.europesays.com\/de\/wp-json\/wp\/v2\/tags?post=400961"}],"curies":[{"name":"wp","href":"https:\/\/api.w.org\/{rel}","templated":true}]}}