{"id":401721,"date":"2025-09-06T15:28:14","date_gmt":"2025-09-06T15:28:14","guid":{"rendered":"https:\/\/www.europesays.com\/de\/401721\/"},"modified":"2025-09-06T15:28:14","modified_gmt":"2025-09-06T15:28:14","slug":"meike-roetzer-was-haben-sie-mit-den-buddenbrooks-gemacht","status":"publish","type":"post","link":"https:\/\/www.europesays.com\/de\/401721\/","title":{"rendered":"Meike R\u00f6tzer, was haben Sie mit den \u201eBuddenbrooks\u201c gemacht?"},"content":{"rendered":"<p class=\"article_paragraph__hXYKJ article_paragraph_end-of-article-icon__tzjPO\">Thomas Manns erster Roman \u201eBuddenbrooks\u201c\u00a0kostet eigentlich mehrere Tage Lesezeit. In der Humboldt-Bibliothek will die Schauspielerin Meike R\u00f6tzer am Dienstag an nur einem Abend das Buch erfahrbar machen, in den Worten des Nobelpreistr\u00e4gers und den eigenen. Da wollen wir vorher wissen: Wie haben Sie sich diesen W\u00e4lzer f\u00fcr einen anderthalbst\u00fcndigen Vortrag erschlossen?<\/p>\n","protected":false},"excerpt":{"rendered":"Thomas Manns erster Roman \u201eBuddenbrooks\u201c\u00a0kostet eigentlich mehrere Tage Lesezeit. In der Humboldt-Bibliothek will die Schauspielerin Meike R\u00f6tzer am&hellip;\n","protected":false},"author":2,"featured_media":401722,"comment_status":"","ping_status":"","sticky":false,"template":"","format":"standard","meta":{"footnotes":""},"categories":[1774],"tags":[1784,1785,29,214,30,215],"class_list":{"0":"post-401721","1":"post","2":"type-post","3":"status-publish","4":"format-standard","5":"has-post-thumbnail","7":"category-buecher","8":"tag-books","9":"tag-buecher","10":"tag-deutschland","11":"tag-entertainment","12":"tag-germany","13":"tag-unterhaltung"},"share_on_mastodon":{"url":"https:\/\/pubeurope.com\/@de\/115158063830883373","error":""},"_links":{"self":[{"href":"https:\/\/www.europesays.com\/de\/wp-json\/wp\/v2\/posts\/401721","targetHints":{"allow":["GET"]}}],"collection":[{"href":"https:\/\/www.europesays.com\/de\/wp-json\/wp\/v2\/posts"}],"about":[{"href":"https:\/\/www.europesays.com\/de\/wp-json\/wp\/v2\/types\/post"}],"author":[{"embeddable":true,"href":"https:\/\/www.europesays.com\/de\/wp-json\/wp\/v2\/users\/2"}],"replies":[{"embeddable":true,"href":"https:\/\/www.europesays.com\/de\/wp-json\/wp\/v2\/comments?post=401721"}],"version-history":[{"count":0,"href":"https:\/\/www.europesays.com\/de\/wp-json\/wp\/v2\/posts\/401721\/revisions"}],"wp:featuredmedia":[{"embeddable":true,"href":"https:\/\/www.europesays.com\/de\/wp-json\/wp\/v2\/media\/401722"}],"wp:attachment":[{"href":"https:\/\/www.europesays.com\/de\/wp-json\/wp\/v2\/media?parent=401721"}],"wp:term":[{"taxonomy":"category","embeddable":true,"href":"https:\/\/www.europesays.com\/de\/wp-json\/wp\/v2\/categories?post=401721"},{"taxonomy":"post_tag","embeddable":true,"href":"https:\/\/www.europesays.com\/de\/wp-json\/wp\/v2\/tags?post=401721"}],"curies":[{"name":"wp","href":"https:\/\/api.w.org\/{rel}","templated":true}]}}