{"id":401872,"date":"2025-09-06T16:51:21","date_gmt":"2025-09-06T16:51:21","guid":{"rendered":"https:\/\/www.europesays.com\/de\/401872\/"},"modified":"2025-09-06T16:51:21","modified_gmt":"2025-09-06T16:51:21","slug":"heere-plaediert-fuer-hoehere-steuern-bei-spitzenverdienern","status":"publish","type":"post","link":"https:\/\/www.europesays.com\/de\/401872\/","title":{"rendered":"Heere pl\u00e4diert f\u00fcr h\u00f6here Steuern bei Spitzenverdienern"},"content":{"rendered":"<p>        <img decoding=\"async\" src=\"https:\/\/www.europesays.com\/de\/wp-content\/uploads\/2025\/09\/heere-100.webp\" alt=\"Gerald Heere (Gr\u00fcne) spricht bei einer Pressekonferenz.\" title=\"Gerald Heere (Gr\u00fcne) spricht bei einer Pressekonferenz. | picture alliance\/dpa, Julian Stratenschulte\" class=\"responsive\"\/><\/p>\n<p>\n            Stand: 06.09.2025 10:52 Uhr<\/p>\n<p class=\"preface\">Reiche sollten mehr Steuern zahlen: Niedersachsens Finanzminister Heere unterst\u00fctzt entsprechende \u00dcberlegungen von Bundesfinanzminister Lars Klingbeil (SPD). Umverteilung sei sinnvoll und wichtig.<\/p>\n<p class=\"\">\nW\u00fcrden Verm\u00f6gende einen gr\u00f6\u00dferen Beitrag leisten, k\u00f6nne dies Menschen mit kleinen und mittleren Einkommen entlasten, sagte Gerald Heere (Gr\u00fcne) im Gespr\u00e4ch mit der Deutschen Presse-Agentur (dpa). &#8222;Es ist inhaltlich absolut sinnvoll, so umzuverteilen, dass wir unten im Eingangssteuersatz Entlastung schaffen.&#8220;<\/p>\n<p>        <img decoding=\"async\" src=\"https:\/\/www.europesays.com\/de\/wp-content\/uploads\/2025\/09\/sendungsbild-1603624.webp\" alt=\"Sendungsbild\" title=\"Sendungsbild | ARD-aktuell\" class=\"responsive\" loading=\"lazy\"\/><\/p>\n<p>Bundesfinanzminister Lars Klingbeil (SPD) \u00e4u\u00dfert sich im Bericht aus Berlin zu m\u00f6glichen Einsparungen.<\/p>\n<p>    &#8222;Gerechtigkeitsl\u00fccken&#8220; schlie\u00dfen<\/p>\n<p class=\"\">\nDabei geht es laut Heere um moderate Erh\u00f6hungen f\u00fcr Spitzenverdiener. Er spricht von &#8222;erheblichen Gerechtigkeitsl\u00fccken&#8220;. International m\u00fcsse \u00fcber eine Milliard\u00e4rssteuer diskutiert werden, fordert der Minister. Potenzial sieht er auch in gro\u00dfen Erbschaften: Hier m\u00fcsse man \u00fcber h\u00f6here Abgaben nachdenken.<\/p>\n<p>    Einsparpotenzial beim B\u00fcrgergeld begrenzt<\/p>\n<p class=\"\">\nEinspar-M\u00f6glichkeiten beim B\u00fcrgergeld sieht Heere derweil kaum. Bundeskanzler Friedrich Merz (CDU) will beim B\u00fcrgergeld rund zehn Prozent der Kosten sparen &#8211; <a href=\"https:\/\/www.tagesschau.de\/inland\/innenpolitik\/buergergeld-merz-bas-100.html\" title=\"Merz will beim B\u00fcrgergeld f\u00fcnf Milliarden Euro einsparen\" rel=\"nofollow noopener\" target=\"_blank\">rund f\u00fcnf Milliarden Euro<\/a> pro Jahr. Laut Heere gibt es jedoch &#8222;absolute untere Limits&#8220;, definiert durch das Bundesverfassungsgericht. &#8222;Insofern sind die Einsparm\u00f6glichkeiten sehr begrenzt.&#8220;<\/p>\n<p>    Heere appelliert: Mehr Sachlichkeit in der Steuerdebatte<\/p>\n<p class=\"\">\nDie aktuelle Steuerdebatte werde sehr aufgeregt gef\u00fchrt, beklagte Heere. Die eine Seite fordere nur Steuererh\u00f6hungen, die andere nur Sozialreformen. Dabei seien \u00dcberlegungen in beide Richtungen notwendig. &#8222;Wir m\u00fcssen Wege finden, wie wir unser Gemeinwesen zukunftsf\u00e4hig finanzieren k\u00f6nnen&#8220;, so Niedersachsens Finanzminister. Er appellierte: &#8222;Wir sollten die Diskussion dar\u00fcber aber versachlichen.&#8220;<\/p>\n<p>        <img decoding=\"async\" src=\"https:\/\/www.europesays.com\/de\/wp-content\/uploads\/2025\/09\/klingbeil-282.webp\" alt=\"Lars Klingbeil\" title=\"Lars Klingbeil | ARD-aktuell\" class=\"responsive\" loading=\"lazy\"\/><\/p>\n<p>Im Haushalt 2027 droht eine Milliardenl\u00fccke. Finanzminister Klingbeil schlie\u00dft deshalb h\u00f6here Steuern f\u00fcr Spitzenverdiener nicht aus &#8211; die Union ist erbost. Jetzt legt der SPD-Chef im Bericht aus Berlin nach: Alle m\u00fcssten ihren Beitrag leisten.<\/p>\n<p>        <img decoding=\"async\" src=\"https:\/\/www.europesays.com\/de\/wp-content\/uploads\/2025\/09\/deutschlandtrend-3337.webp\" alt=\"DeutschlandTrend\" title=\"DeutschlandTrend | ARD-aktuell\" class=\"responsive\" loading=\"lazy\"\/><\/p>\n<p>Das Ansehen der Bundesregierung ist nach vier Monaten im Amt auf einem Tiefstand. Dabei kommen viele Reformvorschl\u00e4ge von Schwarz-Rot bei den Deutschen gut an. SPD-Ideen f\u00fcr Steuererh\u00f6hungen halten auch viele Unionsanh\u00e4nger f\u00fcr richtig.<\/p>\n<p>Dieses Thema im Programm:<\/p>\n<p>                NDR 1 Niedersachsen | Aktuell | 06.09.2025 | 11:00 Uhr<\/p>\n<p>        Schlagw\u00f6rter zu diesem Artikel<\/p>\n<p>            <a href=\"https:\/\/www.ndr.de\/nachrichten\/info\/Steuern,steuern217.html\" rel=\"nofollow noopener\" target=\"_blank\">Steuern<\/a><\/p>\n","protected":false},"excerpt":{"rendered":"Stand: 06.09.2025 10:52 Uhr Reiche sollten mehr Steuern zahlen: Niedersachsens Finanzminister Heere unterst\u00fctzt entsprechende \u00dcberlegungen von Bundesfinanzminister Lars&hellip;\n","protected":false},"author":2,"featured_media":401873,"comment_status":"","ping_status":"","sticky":false,"template":"","format":"standard","meta":{"footnotes":""},"categories":[1773],"tags":[384,29,214,33017,30,19099,21619,182,106984,1411,106983,471,1780,56006,2149,106985,215],"class_list":{"0":"post-401872","1":"post","2":"type-post","3":"status-publish","4":"format-standard","5":"has-post-thumbnail","7":"category-serien","8":"tag-buergergeld","9":"tag-deutschland","10":"tag-entertainment","11":"tag-finanzminister","12":"tag-germany","13":"tag-heere","14":"tag-klingbeil","15":"tag-merz","16":"tag-milliardaerssteuer","17":"tag-niedersachsen","18":"tag-reichensteuer","19":"tag-serien","20":"tag-series","21":"tag-spitzenverdiener","22":"tag-steuern","23":"tag-umverteilung","24":"tag-unterhaltung"},"share_on_mastodon":{"url":"https:\/\/pubeurope.com\/@de\/115158390332274154","error":""},"_links":{"self":[{"href":"https:\/\/www.europesays.com\/de\/wp-json\/wp\/v2\/posts\/401872","targetHints":{"allow":["GET"]}}],"collection":[{"href":"https:\/\/www.europesays.com\/de\/wp-json\/wp\/v2\/posts"}],"about":[{"href":"https:\/\/www.europesays.com\/de\/wp-json\/wp\/v2\/types\/post"}],"author":[{"embeddable":true,"href":"https:\/\/www.europesays.com\/de\/wp-json\/wp\/v2\/users\/2"}],"replies":[{"embeddable":true,"href":"https:\/\/www.europesays.com\/de\/wp-json\/wp\/v2\/comments?post=401872"}],"version-history":[{"count":0,"href":"https:\/\/www.europesays.com\/de\/wp-json\/wp\/v2\/posts\/401872\/revisions"}],"wp:featuredmedia":[{"embeddable":true,"href":"https:\/\/www.europesays.com\/de\/wp-json\/wp\/v2\/media\/401873"}],"wp:attachment":[{"href":"https:\/\/www.europesays.com\/de\/wp-json\/wp\/v2\/media?parent=401872"}],"wp:term":[{"taxonomy":"category","embeddable":true,"href":"https:\/\/www.europesays.com\/de\/wp-json\/wp\/v2\/categories?post=401872"},{"taxonomy":"post_tag","embeddable":true,"href":"https:\/\/www.europesays.com\/de\/wp-json\/wp\/v2\/tags?post=401872"}],"curies":[{"name":"wp","href":"https:\/\/api.w.org\/{rel}","templated":true}]}}