{"id":401947,"date":"2025-09-06T17:33:10","date_gmt":"2025-09-06T17:33:10","guid":{"rendered":"https:\/\/www.europesays.com\/de\/401947\/"},"modified":"2025-09-06T17:33:10","modified_gmt":"2025-09-06T17:33:10","slug":"rund-60-aussteller-informieren-ueber-bau-und-immobilienthemen","status":"publish","type":"post","link":"https:\/\/www.europesays.com\/de\/401947\/","title":{"rendered":"Rund 60 Aussteller informieren \u00fcber Bau- und Immobilienthemen"},"content":{"rendered":"<p class=\"richtext text-em-55 !leading-serif mx-6 desktop:mx-0\">Um Punkt 10 Uhr war es am Samstagvormittag soweit: Die Bonner Immobilienmesse, die jetzt Bonner Bau- und Immobilienmesse hei\u00dft, \u00f6ffnete im Telekom Dome auf dem Hardtberg ihre Tore &#8211; und das zum 13. Mal. Der neue Name verr\u00e4t bereits: Vieles hat sich im Vergleich zu den vorherigen Veranstaltungen ge\u00e4ndert. Mit rund 60 Ausstellern erwartet die Besucher an diesem Wochenende ein deutlich gr\u00f6\u00dferes, vor allem breiter gef\u00e4chertes Informations- und Beratungsangebot. Und zwar rund um die Themen Neubau, Immobilienkauf, Finanzierung, Renovierung, Energiesparen und Smart Home.<\/p>\n","protected":false},"excerpt":{"rendered":"Um Punkt 10 Uhr war es am Samstagvormittag soweit: Die Bonner Immobilienmesse, die jetzt Bonner Bau- und Immobilienmesse&hellip;\n","protected":false},"author":2,"featured_media":401948,"comment_status":"","ping_status":"","sticky":false,"template":"","format":"standard","meta":{"footnotes":""},"categories":[1842],"tags":[1741,3364,29,30,1209],"class_list":{"0":"post-401947","1":"post","2":"type-post","3":"status-publish","4":"format-standard","5":"has-post-thumbnail","7":"category-bonn","8":"tag-bonn","9":"tag-de","10":"tag-deutschland","11":"tag-germany","12":"tag-nordrhein-westfalen"},"share_on_mastodon":{"url":"https:\/\/pubeurope.com\/@de\/115158555369407897","error":""},"_links":{"self":[{"href":"https:\/\/www.europesays.com\/de\/wp-json\/wp\/v2\/posts\/401947","targetHints":{"allow":["GET"]}}],"collection":[{"href":"https:\/\/www.europesays.com\/de\/wp-json\/wp\/v2\/posts"}],"about":[{"href":"https:\/\/www.europesays.com\/de\/wp-json\/wp\/v2\/types\/post"}],"author":[{"embeddable":true,"href":"https:\/\/www.europesays.com\/de\/wp-json\/wp\/v2\/users\/2"}],"replies":[{"embeddable":true,"href":"https:\/\/www.europesays.com\/de\/wp-json\/wp\/v2\/comments?post=401947"}],"version-history":[{"count":0,"href":"https:\/\/www.europesays.com\/de\/wp-json\/wp\/v2\/posts\/401947\/revisions"}],"wp:featuredmedia":[{"embeddable":true,"href":"https:\/\/www.europesays.com\/de\/wp-json\/wp\/v2\/media\/401948"}],"wp:attachment":[{"href":"https:\/\/www.europesays.com\/de\/wp-json\/wp\/v2\/media?parent=401947"}],"wp:term":[{"taxonomy":"category","embeddable":true,"href":"https:\/\/www.europesays.com\/de\/wp-json\/wp\/v2\/categories?post=401947"},{"taxonomy":"post_tag","embeddable":true,"href":"https:\/\/www.europesays.com\/de\/wp-json\/wp\/v2\/tags?post=401947"}],"curies":[{"name":"wp","href":"https:\/\/api.w.org\/{rel}","templated":true}]}}