{"id":401961,"date":"2025-09-06T17:41:15","date_gmt":"2025-09-06T17:41:15","guid":{"rendered":"https:\/\/www.europesays.com\/de\/401961\/"},"modified":"2025-09-06T17:41:15","modified_gmt":"2025-09-06T17:41:15","slug":"polizei-stoppt-lkw-fahrer-mit-extremem-alkoholwert","status":"publish","type":"post","link":"https:\/\/www.europesays.com\/de\/401961\/","title":{"rendered":"Polizei stoppt Lkw-Fahrer mit extremem Alkoholwert"},"content":{"rendered":"<p>&#8222;Sturzbetrunken&#8220; auf A2 <\/p>\n<p>Polizei stoppt Lkw-Fahrer mit extremem Alkoholwert<\/p>\n<p>05.09.2025 &#8211; 14:46 UhrLesedauer: 1 Min.<\/p>\n<p><a href=\"#focus-0\" class=\"transition-colors duration-200 focus-within:text-magenta block text-current relative\" data-sctrack=\"FocusGalleryImage.Reference\"><img fetchpriority=\"high\" data-testid=\"Opener.Image\" style=\"--lqipURL:url('https:\/\/images.t-online.de\/2025\/09\/MSzZxydX7Y6r\/0x0:3840x2160\/fit-in\/150x0\/filters:blur(25)\/stau-auf-der-a2-ein-boeschungsbrand-verursacht-eine-vollsperrung-bei-braunschweig.jpg')\"   loading=\"eager\" src=\"https:\/\/www.europesays.com\/de\/wp-content\/uploads\/2025\/09\/1757180474_474_stau-auf-der-a2-ein-boeschungsbrand-verursacht-eine-vollsperrung-bei-braunschweig.jpg\" alt=\"Stau auf der A2 (Symbolbild): Auf H\u00f6he H\u00e4melerwald zog die Polizei einen Lkw-Fahrer aus dem Verkehr.\" title=\"Stau auf der A2 (Symbolbild): Auf H\u00f6he H\u00e4melerwald zog die Polizei einen Lkw-Fahrer aus dem Verkehr.\" width=\"3840\" height=\"2160\" class=\"bg-[url:var(--lqipURL)] bg-cover bg-center flex h-full w-full max-w-full\" decoding=\"async\"\/><img style=\"--width:32;--height:32\" loading=\"lazy\" src=\"https:\/\/www.t-online.de\/s\/paper\/_next\/static\/media\/zoom-in.f7dae02f.svg\" alt=\"Vergr\u00f6\u00dfern des Bildes\" title=\"Vergr\u00f6\u00dfern des Bildes\" class=\"block h-[calc(var(--height)_\/_16_*_1rem)] w-[calc(var(--width)_\/_16_*_1rem)] max-w-none absolute bottom-8 right-8 rounded-4 bg-snow p-8\" decoding=\"async\"\/><\/a><\/p>\n<p>Stau auf der A2 (Symbolbild): Auf H\u00f6he H\u00e4melerwald zog die Polizei einen Lkw-Fahrer aus dem Verkehr. (Quelle: Katharina Keller\/t-online)<\/p>\n<p class=\"font-bold text-18 leading-17\">Auf der Autobahn f\u00e4llt ein Sattelzug durch gef\u00e4hrliche Fahrman\u00f6ver auf. Ein Polizist in seiner Freizeit alarmiert die Kollegen \u2013 und verhindert m\u00f6glicherweise Schlimmeres.<\/p>\n<p class=\"text-18 leading-17\">Ein &#8222;sturzbetrunkener&#8220; Lkw-Fahrer mit 3,58 Promille Alkohol im Blut ist am Donnerstagabend auf der A2 bei <a class=\"transition-colors duration-200 cursor-pointer text-inherit no-underline text-salemsfur md:hover:text-magenta md:hover:border-magenta md:focus:text-magenta border-current border-b border-solid break-words\" href=\"https:\/\/www.t-online.de\/themen\/lehrte\/\" data-sctrack=\"BodyAnchor\" rel=\"nofollow noopener\" target=\"_blank\">Lehrte<\/a> gestoppt worden. Nach Angaben der Polizei war der 51-J\u00e4hrige gegen 23.10 Uhr mit seinem Sattelzug in Schlangenlinien unterwegs.<\/p>\n<p class=\"text-18 leading-17\">Ein 43 Jahre alter Polizeibeamter, der sich nicht im Dienst befand, habe das gef\u00e4hrliche Fahrverhalten bemerkt und den Notruf gew\u00e4hlt. Der tonnenschwere Lkw habe mehrmals ohne zu blinken die Spur gewechselt und sei beinahe komplett auf den Standstreifen geraten.<\/p>\n<p class=\"text-18 leading-17\">Der Beamte sei dem Fahrzeug mit ausreichendem Abstand gefolgt und habe dessen Standort durchgegeben. Einsatzkr\u00e4fte der Autobahnpolizei h\u00e4tten den Lkw kurz darauf an der Anschlussstelle H\u00e4melerwald anhalten k\u00f6nnen.<\/p>\n<p class=\"text-18 leading-17\">Bei der Kontrolle sei der Fahrer sichtlich alkoholisiert gewesen. Ein freiwilliger Atemalkoholtest habe den Wert von 3,58 Promille ergeben. Die Beamten stellten das Gespann auf einem Parkplatz ab.<\/p>\n<p class=\"text-18 leading-17\">Der 51-J\u00e4hrige wurde zur Wache der Autobahnpolizei Garbsen gebracht, wo ihm eine Blutprobe entnommen wurde. Die Polizei beschlagnahmte seinen <a class=\"transition-colors duration-200 cursor-pointer text-inherit no-underline text-salemsfur md:hover:text-magenta md:hover:border-magenta md:focus:text-magenta border-current border-b border-solid break-words\" href=\"https:\/\/www.t-online.de\/themen\/fuehrerschein\/\" data-sctrack=\"BodyAnchor\" rel=\"nofollow noopener\" target=\"_blank\">F\u00fchrerschein<\/a> und untersagte ihm die Weiterfahrt. Der Mann darf vorerst in Deutschland kein Fahrzeug mehr f\u00fchren. Gegen den Fahrer wurde ein Strafverfahren wegen Trunkenheit im Verkehr eingeleitet.<\/p>\n","protected":false},"excerpt":{"rendered":"&#8222;Sturzbetrunken&#8220; auf A2 Polizei stoppt Lkw-Fahrer mit extremem Alkoholwert 05.09.2025 &#8211; 14:46 UhrLesedauer: 1 Min. Stau auf der&hellip;\n","protected":false},"author":2,"featured_media":401962,"comment_status":"","ping_status":"","sticky":false,"template":"","format":"standard","meta":{"footnotes":""},"categories":[1836],"tags":[722,17161,42897,10532,3364,29,9505,514,30,68908,46,3794,1411,121,35754],"class_list":{"0":"post-401961","1":"post","2":"type-post","3":"status-publish","4":"format-standard","5":"has-post-thumbnail","7":"category-hannover","8":"tag-722","9":"tag-17161","10":"tag-alkoholwert","11":"tag-autobahnpolizei","12":"tag-de","13":"tag-deutschland","14":"tag-fahrmanoever","15":"tag-fahrzeug","16":"tag-germany","17":"tag-haemelerwald","18":"tag-hannover","19":"tag-lehrte","20":"tag-niedersachsen","21":"tag-polizei","22":"tag-sattelzug"},"share_on_mastodon":{"url":"https:\/\/pubeurope.com\/@de\/115158586923193418","error":""},"_links":{"self":[{"href":"https:\/\/www.europesays.com\/de\/wp-json\/wp\/v2\/posts\/401961","targetHints":{"allow":["GET"]}}],"collection":[{"href":"https:\/\/www.europesays.com\/de\/wp-json\/wp\/v2\/posts"}],"about":[{"href":"https:\/\/www.europesays.com\/de\/wp-json\/wp\/v2\/types\/post"}],"author":[{"embeddable":true,"href":"https:\/\/www.europesays.com\/de\/wp-json\/wp\/v2\/users\/2"}],"replies":[{"embeddable":true,"href":"https:\/\/www.europesays.com\/de\/wp-json\/wp\/v2\/comments?post=401961"}],"version-history":[{"count":0,"href":"https:\/\/www.europesays.com\/de\/wp-json\/wp\/v2\/posts\/401961\/revisions"}],"wp:featuredmedia":[{"embeddable":true,"href":"https:\/\/www.europesays.com\/de\/wp-json\/wp\/v2\/media\/401962"}],"wp:attachment":[{"href":"https:\/\/www.europesays.com\/de\/wp-json\/wp\/v2\/media?parent=401961"}],"wp:term":[{"taxonomy":"category","embeddable":true,"href":"https:\/\/www.europesays.com\/de\/wp-json\/wp\/v2\/categories?post=401961"},{"taxonomy":"post_tag","embeddable":true,"href":"https:\/\/www.europesays.com\/de\/wp-json\/wp\/v2\/tags?post=401961"}],"curies":[{"name":"wp","href":"https:\/\/api.w.org\/{rel}","templated":true}]}}