{"id":402077,"date":"2025-09-06T18:46:10","date_gmt":"2025-09-06T18:46:10","guid":{"rendered":"https:\/\/www.europesays.com\/de\/402077\/"},"modified":"2025-09-06T18:46:10","modified_gmt":"2025-09-06T18:46:10","slug":"kein-militaerischer-konflikt-in-suedamerika","status":"publish","type":"post","link":"https:\/\/www.europesays.com\/de\/402077\/","title":{"rendered":"Kein milit\u00e4rischer Konflikt in S\u00fcdamerika"},"content":{"rendered":"<p class=\"richtext text-em-55 !leading-serif mx-6 desktop:mx-0\">Im Konflikt zwischen den USA und Venezuela fordert Pr\u00e4sident Nicol\u00e1s Maduro die US-Regierung zur Deeskalation auf und warnt vor einem \u201emilit\u00e4rischen Konflikt von gro\u00dfem Ausma\u00df\u201c. \u201eKeine der Differenzen, die wir hatten und weiterhin haben, darf zu einem milit\u00e4rischen Konflikt von gro\u00dfem Ausma\u00df und Gewalt in S\u00fcdamerika f\u00fchren\u201c, sagte Maduro in einem auf der Nachrichtenplattform Telegram ver\u00f6ffentlichten Video. Daf\u00fcr gebe es keine Rechtfertigung. Er forderte von den USA, \u201eihren Plan eines gewaltsamen Regimewechsels in Venezuela und in ganz Lateinamerika\u201c aufzugeben und die Souver\u00e4nit\u00e4t des Landes zu respektieren.<\/p>\n","protected":false},"excerpt":{"rendered":"Im Konflikt zwischen den USA und Venezuela fordert Pr\u00e4sident Nicol\u00e1s Maduro die US-Regierung zur Deeskalation auf und warnt&hellip;\n","protected":false},"author":2,"featured_media":402078,"comment_status":"","ping_status":"","sticky":false,"template":"","format":"standard","meta":{"footnotes":""},"categories":[3977],"tags":[331,332,107011,32320,107012,13,4045,451,107013,107010,14,15,23560,3686,12,4017,4018,4016,64,1700,4019,4020,36834],"class_list":{"0":"post-402077","1":"post","2":"type-post","3":"status-publish","4":"format-standard","5":"has-post-thumbnail","7":"category-usa","8":"tag-aktuelle-nachrichten","9":"tag-aktuelle-news","10":"tag-ausmass","11":"tag-deeskalation","12":"tag-grossem","13":"tag-headlines","14":"tag-konflikt","15":"tag-militaer","16":"tag-militaerflugzeuge","17":"tag-militaerischen","18":"tag-nachrichten","19":"tag-news","20":"tag-nicolas-maduro","21":"tag-praesident","22":"tag-schlagzeilen","23":"tag-united-states","24":"tag-united-states-of-america","25":"tag-us","26":"tag-usa","27":"tag-venezuela","28":"tag-vereinigte-staaten","29":"tag-vereinigte-staaten-von-amerika","30":"tag-warnt"},"share_on_mastodon":{"url":"https:\/\/pubeurope.com\/@de\/115158842597972084","error":""},"_links":{"self":[{"href":"https:\/\/www.europesays.com\/de\/wp-json\/wp\/v2\/posts\/402077","targetHints":{"allow":["GET"]}}],"collection":[{"href":"https:\/\/www.europesays.com\/de\/wp-json\/wp\/v2\/posts"}],"about":[{"href":"https:\/\/www.europesays.com\/de\/wp-json\/wp\/v2\/types\/post"}],"author":[{"embeddable":true,"href":"https:\/\/www.europesays.com\/de\/wp-json\/wp\/v2\/users\/2"}],"replies":[{"embeddable":true,"href":"https:\/\/www.europesays.com\/de\/wp-json\/wp\/v2\/comments?post=402077"}],"version-history":[{"count":0,"href":"https:\/\/www.europesays.com\/de\/wp-json\/wp\/v2\/posts\/402077\/revisions"}],"wp:featuredmedia":[{"embeddable":true,"href":"https:\/\/www.europesays.com\/de\/wp-json\/wp\/v2\/media\/402078"}],"wp:attachment":[{"href":"https:\/\/www.europesays.com\/de\/wp-json\/wp\/v2\/media?parent=402077"}],"wp:term":[{"taxonomy":"category","embeddable":true,"href":"https:\/\/www.europesays.com\/de\/wp-json\/wp\/v2\/categories?post=402077"},{"taxonomy":"post_tag","embeddable":true,"href":"https:\/\/www.europesays.com\/de\/wp-json\/wp\/v2\/tags?post=402077"}],"curies":[{"name":"wp","href":"https:\/\/api.w.org\/{rel}","templated":true}]}}