{"id":402351,"date":"2025-09-06T21:19:10","date_gmt":"2025-09-06T21:19:10","guid":{"rendered":"https:\/\/www.europesays.com\/de\/402351\/"},"modified":"2025-09-06T21:19:10","modified_gmt":"2025-09-06T21:19:10","slug":"kohl-allee-buergerinitiative-kritisiert-erneute-kostensteigerung-76-millionen-euro-mehr-ludwigshafen","status":"publish","type":"post","link":"https:\/\/www.europesays.com\/de\/402351\/","title":{"rendered":"Kohl-Allee: B\u00fcrgerinitiative kritisiert erneute Kostensteigerung \u2013 76 Millionen Euro mehr? &#8211; Ludwigshafen"},"content":{"rendered":"<p class=\"rhp-dpa-teaser\"><b>Die B\u00fcrgerinitiative (BI) Lebenswertes Ludwigshafen kritisiert die nach ihren Erkenntnissen um 76 Millionen Euro gestiegenen Kosten  f\u00fcr die neu geplante Stadtstra\u00dfe.<\/b><\/p>\n<p>Die Kostenprognose f\u00fcr den <a href=\"https:\/\/www.rheinpfalz.de\/lokal\/ludwigshafen_artikel,-hochstra%C3%9Fe-nordbr%C3%BCcke-arbeiten-gleichen-op-am-offenen-herzen-vier-jahre-ausnahmezustand-_arid,5805837.html\" target=\"_blank\" class=\"external-link-new-window\" title=\"\" rel=\"nofollow noopener\">Bau der Helmut-Kohl-Allee <\/a><\/p>\n<p>ist nach BI-Informationen von 865  (September 2024) auf nun wieder 941 Millionen Euro nach oben korrigiert worden.   Die j\u00fcngste Prognose best\u00e4tige die Bef\u00fcrchtungen der BI, dass \u00e4ltere  Sch\u00e4tzungen  unrealistisch gewesen<\/p>\n<p class=\"\">Bitte loggen Sie sich ein um den Artikel im Klartext zu sehen.<\/p>\n<p class=\"\">.esnei utLa cshtrSiebttua mvo .16 uJni 5220  die tosekatnGsem unn 67 Moileinln Eour rh\u00f6he  med ertW bei red ceuatierhdnngieegbFs rudhc den .tSratdat<\/p>\n<p class=\"\">snsuieuagiiVlr erd  ieb miene uromF in erd ee-FoRtni:rohlGaei. Sftnfee seGeeriDehcri tlnatdwSvragute eabh fau fNgeachra  die enetonnasg iosgioRve<\/p>\n","protected":false},"excerpt":{"rendered":"Die B\u00fcrgerinitiative (BI) Lebenswertes Ludwigshafen kritisiert die nach ihren Erkenntnissen um 76 Millionen Euro gestiegenen Kosten f\u00fcr die&hellip;\n","protected":false},"author":2,"featured_media":402352,"comment_status":"","ping_status":"","sticky":false,"template":"","format":"standard","meta":{"footnotes":""},"categories":[1845],"tags":[1634,3364,29,548,663,3934,30,13,4060,25476,2096,14,15,12],"class_list":{"0":"post-402351","1":"post","2":"type-post","3":"status-publish","4":"format-standard","5":"has-post-thumbnail","7":"category-mannheim","8":"tag-baden-wuerttemberg","9":"tag-de","10":"tag-deutschland","11":"tag-eu","12":"tag-europa","13":"tag-europe","14":"tag-germany","15":"tag-headlines","16":"tag-lokal","17":"tag-ludwigshafen","18":"tag-mannheim","19":"tag-nachrichten","20":"tag-news","21":"tag-schlagzeilen"},"share_on_mastodon":{"url":"https:\/\/pubeurope.com\/@de\/115159444049993803","error":""},"_links":{"self":[{"href":"https:\/\/www.europesays.com\/de\/wp-json\/wp\/v2\/posts\/402351","targetHints":{"allow":["GET"]}}],"collection":[{"href":"https:\/\/www.europesays.com\/de\/wp-json\/wp\/v2\/posts"}],"about":[{"href":"https:\/\/www.europesays.com\/de\/wp-json\/wp\/v2\/types\/post"}],"author":[{"embeddable":true,"href":"https:\/\/www.europesays.com\/de\/wp-json\/wp\/v2\/users\/2"}],"replies":[{"embeddable":true,"href":"https:\/\/www.europesays.com\/de\/wp-json\/wp\/v2\/comments?post=402351"}],"version-history":[{"count":0,"href":"https:\/\/www.europesays.com\/de\/wp-json\/wp\/v2\/posts\/402351\/revisions"}],"wp:featuredmedia":[{"embeddable":true,"href":"https:\/\/www.europesays.com\/de\/wp-json\/wp\/v2\/media\/402352"}],"wp:attachment":[{"href":"https:\/\/www.europesays.com\/de\/wp-json\/wp\/v2\/media?parent=402351"}],"wp:term":[{"taxonomy":"category","embeddable":true,"href":"https:\/\/www.europesays.com\/de\/wp-json\/wp\/v2\/categories?post=402351"},{"taxonomy":"post_tag","embeddable":true,"href":"https:\/\/www.europesays.com\/de\/wp-json\/wp\/v2\/tags?post=402351"}],"curies":[{"name":"wp","href":"https:\/\/api.w.org\/{rel}","templated":true}]}}