{"id":402442,"date":"2025-09-06T22:13:11","date_gmt":"2025-09-06T22:13:11","guid":{"rendered":"https:\/\/www.europesays.com\/de\/402442\/"},"modified":"2025-09-06T22:13:11","modified_gmt":"2025-09-06T22:13:11","slug":"handball-bundesliga-spott-und-pfiffe-fuer-hanning-magdeburg-deklassiert-berlin-2","status":"publish","type":"post","link":"https:\/\/www.europesays.com\/de\/402442\/","title":{"rendered":"Handball-Bundesliga: Spott und Pfiffe f\u00fcr Hanning: Magdeburg deklassiert Berlin"},"content":{"rendered":"<p class=\"paragraph article__item\">Klatsche f\u00fcr die F\u00fcchse, Pfeifkonzert und H\u00e4me f\u00fcr Vereinsboss Bob Hanning: Die Berliner Handballer haben sich von den Turbulenzen in ihrer F\u00fchrungsetage massiv verunsichern lassen und im Bundesliga-Topspiel gegen den <a class=\"rtr-entity\" href=\"https:\/\/www.zeit.de\/thema\/sc-magdeburg\" target=\"_blank\" rel=\"noopener\">SC Magdeburg<\/a> nicht den Hauch einer Chance gehabt. Der deutsche Meister agierte im Duell der beiden gr\u00f6\u00dften Titelanw\u00e4rter phasenweise wie ein Absteiger und ging mit 32:39 (13:22) unter. Trainer Nicolej Krickau erlebte eine F\u00fcchse-Premiere zum Vergessen.\n<\/p>\n<p>Aktuelles<\/p>\n<p>                <a href=\"https:\/\/www.zeit.de\/sport\/2025-08\/bundesliga-vorschau-hsv-st-pauli-derby-fussball\" data-ct-label=\"Bundesliga-Vorschau: Das Spiel der Saison gleich am zweiten Spieltag\" target=\"_blank\" rel=\"noopener\"><\/p>\n<p>                        Bundesliga-Vorschau:<br \/>\n                        Das Spiel der Saison gleich am zweiten Spieltag<\/p>\n<p>                <\/a><\/p>\n<p>                <a href=\"https:\/\/www.zeit.de\/sport\/2025-08\/dfb-pokal-2025-2026-zweite-runde-frankfurt-dortmund\" data-ct-label=\"DFB-Pokal-Auslosung: Frankfurt trifft auf den BVB, K\u00f6ln spielt gegen Bayern M\u00fcnchen\" target=\"_blank\" rel=\"noopener\"><\/p>\n<p>                        DFB-Pokal-Auslosung:<br \/>\n                        Frankfurt trifft auf den BVB, K\u00f6ln spielt gegen Bayern M\u00fcnchen<\/p>\n<p>                <\/a><\/p>\n<p>                <a href=\"https:\/\/www.zeit.de\/sport\/2025-08\/bundesliga-fussball-maenner-zweiter-spieltag-frankfurt-leverkusen\" data-ct-label=\"Bundesliga, 2. Spieltag: Bayern und Stuttgart gewinnen, Leverkusen verspielt klare F\u00fchrung\" target=\"_blank\" rel=\"noopener\"><\/p>\n<p>                        Bundesliga, 2. Spieltag:<br \/>\n                        Bayern und Stuttgart gewinnen, Leverkusen verspielt klare F\u00fchrung<\/p>\n<p>                <\/a><\/p>\n<p class=\"paragraph article__item\">Der beispiellose Doppel-Rauswurf von Sportvorstand Stefan Kretzschmar und Trainer Jaron Siewert hatte in den Vorbereitungstagen f\u00fcr m\u00e4chtig Kritik gesorgt. Kretzschmar sah sich daher vor dem Spiel veranlasst, die Berliner Fans dazu aufzurufen, geschlossen hinter der Mannschaft zu stehen.\n<\/p>\n<p class=\"paragraph article__item\">Die Unterst\u00fctzung f\u00fcr die Spieler war gro\u00df. Krickau und Hanning wurden hingegen massiv ausgebuht. W\u00e4hrend eines Interviews hallten laute \u00abJaron Siewert\u00bb-Sprechch\u00f6re durch die Arena. Selbst die SCM-Anh\u00e4nger verspotteten Hanning und riefen: \u00abOhne Jaron w\u00e4re hier gar nichts los\u00bb. In der ARD antwortete Hanning auf die Fan-Wut: \u00abWenn man die Verantwortung tr\u00e4gt, muss man auch dazu stehen.\u00bb\u00a0\n<\/p>\n<p>                Horror-Woche f\u00fcr die F\u00fcchse        <\/p>\n<p class=\"paragraph article__item\"><a class=\"rtr-entity\" href=\"https:\/\/www.zeit.de\/thema\/magdeburg\" target=\"_blank\" rel=\"noopener\">Magdeburg<\/a> dominierte nach Belieben, zeigte ein starkes Tempospiel und nutzte das schwache R\u00fcckzugsverhalten der Berliner aus. Im Tor der G\u00e4ste wuchs Sergey Hern\u00e1ndez \u00fcber sich hinaus und kam schon zur Pause auf neun Paraden. Die Gastgeber leisteten sich reihenweise Fehlw\u00fcrfe und -p\u00e4sse. Selbst Starspieler Mathias Gidsel, der nach intensiven Zweik\u00e4mpfen oft am Boden lag, war schwach im Abschluss.\u00a0\n<\/p>\n<p class=\"paragraph article__item\">Die Horror-Woche f\u00fcr die Berliner fand nach Wiederanpfiff ihren H\u00f6hepunkt, als Magdeburg den Vorsprung zwischenzeitlich auf zw\u00f6lf Tore vergr\u00f6\u00dferte. Von einem Duell zweier Topteams war nichts zu sehen. Magdeburg agierte auf einem v\u00f6llig anderen Leistungsniveau. W\u00e4hrend die F\u00fcchse-Fans trotz der kleinen Aufholjagd ihres Teams weiter buhten, feierten sich die SCM-Fans als \u00abSpitzenreiter\u00bb.\n<\/p>\n<p class=\"paragraph article__item\">\u00a9 dpa-infocom, dpa:250906-930-4675\/1<\/p>\n","protected":false},"excerpt":{"rendered":"Klatsche f\u00fcr die F\u00fcchse, Pfeifkonzert und H\u00e4me f\u00fcr Vereinsboss Bob Hanning: Die Berliner Handballer haben sich von den&hellip;\n","protected":false},"author":2,"featured_media":402443,"comment_status":"","ping_status":"","sticky":false,"template":"","format":"standard","meta":{"footnotes":""},"categories":[1825],"tags":[1941,1939,296,1937,20357,299,29,30,7403,27059,4063,1940,15,1938,106463,20520,9378,42874],"class_list":{"0":"post-402442","1":"post","2":"type-post","3":"status-publish","4":"format-standard","5":"has-post-thumbnail","7":"category-berlin","8":"tag-aktuelle-nachrichten-aus-berlin","9":"tag-aktuelle-news-aus-berlin","10":"tag-berlin","11":"tag-berlin-news","12":"tag-bob-hanning","13":"tag-bundesliga","14":"tag-deutschland","15":"tag-germany","16":"tag-handball-bundesliga","17":"tag-jaron-siewert","18":"tag-magdeburg","19":"tag-nachrichten-aus-berlin","20":"tag-news","21":"tag-news-aus-berlin","22":"tag-nicolej-krickau","23":"tag-pfiff","24":"tag-sc-magdeburg","25":"tag-stefan-kretzschmar"},"share_on_mastodon":{"url":"https:\/\/pubeurope.com\/@de\/115159656504003565","error":""},"_links":{"self":[{"href":"https:\/\/www.europesays.com\/de\/wp-json\/wp\/v2\/posts\/402442","targetHints":{"allow":["GET"]}}],"collection":[{"href":"https:\/\/www.europesays.com\/de\/wp-json\/wp\/v2\/posts"}],"about":[{"href":"https:\/\/www.europesays.com\/de\/wp-json\/wp\/v2\/types\/post"}],"author":[{"embeddable":true,"href":"https:\/\/www.europesays.com\/de\/wp-json\/wp\/v2\/users\/2"}],"replies":[{"embeddable":true,"href":"https:\/\/www.europesays.com\/de\/wp-json\/wp\/v2\/comments?post=402442"}],"version-history":[{"count":0,"href":"https:\/\/www.europesays.com\/de\/wp-json\/wp\/v2\/posts\/402442\/revisions"}],"wp:featuredmedia":[{"embeddable":true,"href":"https:\/\/www.europesays.com\/de\/wp-json\/wp\/v2\/media\/402443"}],"wp:attachment":[{"href":"https:\/\/www.europesays.com\/de\/wp-json\/wp\/v2\/media?parent=402442"}],"wp:term":[{"taxonomy":"category","embeddable":true,"href":"https:\/\/www.europesays.com\/de\/wp-json\/wp\/v2\/categories?post=402442"},{"taxonomy":"post_tag","embeddable":true,"href":"https:\/\/www.europesays.com\/de\/wp-json\/wp\/v2\/tags?post=402442"}],"curies":[{"name":"wp","href":"https:\/\/api.w.org\/{rel}","templated":true}]}}