{"id":402514,"date":"2025-09-06T22:53:20","date_gmt":"2025-09-06T22:53:20","guid":{"rendered":"https:\/\/www.europesays.com\/de\/402514\/"},"modified":"2025-09-06T22:53:20","modified_gmt":"2025-09-06T22:53:20","slug":"sicherheitsgarantien-soeder-nato-truppen-in-der-ukraine-kaum-vorstellbar","status":"publish","type":"post","link":"https:\/\/www.europesays.com\/de\/402514\/","title":{"rendered":"Sicherheitsgarantien: S\u00f6der: Nato-Truppen in der Ukraine kaum vorstellbar"},"content":{"rendered":"<p>Berlin &#8211; CSU-Chef Markus S\u00f6der hat sich gegen \u00dcberlegungen gestellt, die Bundeswehr im Rahmen von Sicherheitsgarantien f\u00fcr die <a href=\"https:\/\/www.stuttgarter-zeitung.de\/thema\/Ukraine\" title=\"Ukraine\" class=\"art_thema\" target=\"_blank\" rel=\"noopener\">Ukraine<\/a> in dem Land einzusetzen. Damit geht er anders vor als Bundeskanzler Friedrich Merz (CDU), der in dieser Frage aktuell noch nichts ausschlie\u00dfen will.\u00a0<\/p>\n<p>&#8222;Es ist f\u00fcr mich kaum vorstellbar, dass Nato-Truppen dort stationiert sind. Das w\u00fcrde <a href=\"https:\/\/www.stuttgarter-zeitung.de\/thema\/Russland\" title=\"Russland\" class=\"art_thema\" target=\"_blank\" rel=\"noopener\">Russland<\/a> keinesfalls akzeptieren. Denn es w\u00e4re die Vorstufe des Beitritts der Ukraine in die Nato&#8220;, sagte S\u00f6der der &#8222;Rheinischen Post&#8220;. &#8222;Au\u00dferdem ist die Bundeswehr daf\u00fcr nicht bereit&#8220;, f\u00fcgte der bayerische Ministerpr\u00e4sident hinzu. Sie sei finanziell und personell auf Kante gen\u00e4ht. Deshalb brauche es wieder die Wehrpflicht.\u00a0<\/p>\n<p>Merz h\u00e4lt Diskussion f\u00fcr verfr\u00fcht\u00a0 <\/p>\n<p>Merz hatte vier Tage zuvor in einem Interview klargestellt, dass es konkrete Pl\u00e4ne f\u00fcr einen Milit\u00e4reinsatz in der Ukraine &#8222;jedenfalls in <a href=\"https:\/\/www.stuttgarter-zeitung.de\/thema\/Deutschland\" title=\"Deutschland\" class=\"art_thema\" target=\"_blank\" rel=\"noopener\">Deutschland<\/a> nicht gibt&#8220;. \u00dcber langfristige Sicherheitsgarantien k\u00f6nne erst entschieden werden, wenn es einen Waffenstillstand oder ein Friedensabkommen gebe. Selbst unter diesen Voraussetzungen w\u00fcrde er den Einsatz deutscher Soldaten aber &#8222;unter erhebliche Vorbehalte&#8220; stellen, so Merz. &#8222;Wir haben ja schon an anderer Stelle gesagt, da muss der Deutsche Bundestag zustimmen.&#8220; Au\u00dferdem komme es darauf an, welche Art von Vereinbarung es dann mit Russland gebe. &#8222;Da stehen noch viele, viele H\u00fcrden im Weg, m\u00f6glicherweise auch eine ziemlich lange Zeit.&#8220;<\/p>\n<p>Pl\u00e4ne f\u00fcr eine direkte Nato-Beteiligung an einer Truppe, die ein Friedensabkommen absichern k\u00f6nnte, gibt es nicht. Eine Koalition aus 30 L\u00e4ndern, darunter europ\u00e4ische Staaten, Japan und Australien, hat ihre Unterst\u00fctzung f\u00fcr die Initiative zugesagt.<\/p>\n<p>S\u00f6der lenkt den Blick auf wehrf\u00e4hige Fl\u00fcchtlinge\u00a0 <\/p>\n<p>S\u00f6der regte auch eine Diskussion \u00fcber den Umgang mit ukrainischen Fl\u00fcchtlingen an. &#8222;Ein Frieden ist derzeit nicht absehbar. Es ist daher legitim zu \u00fcberlegen, wehrf\u00e4hige Ukrainer in ihre Heimat zur\u00fcckzusenden, um in ihrem eigenen Land f\u00fcr die Sicherheit zu sorgen&#8220;, sagte der CSU-Vorsitzende.\u00a0<\/p>\n<p>Gr\u00fcnen-Chefin: S\u00f6der sollte beim Wurstessen bleiben <\/p>\n<p>Gr\u00fcnen-Chefin Franziska Brantner wirft S\u00f6der Populismus vor. &#8222;Populismus auf dem R\u00fccken von Europas Sicherheit ist wirklich das Letzte&#8220;, sagte die Co-Parteivorsitzende der Deutschen Presse-Agentur. Schlie\u00dflich gehe es um das Ende des Kriegs in der Ukraine und darum, was danach kommen m\u00fcsse. &#8222;Offensichtlich will S\u00f6der keinen Frieden&#8220;, f\u00fcgte Brantner hinzu. Dar\u00fcber freue sich sicher der russische Pr\u00e4sident Wladimir Putin. &#8222;S\u00f6der sollte beim Wurstessen bleiben&#8220;, kommentiert die Gr\u00fcnen-Vorsitzende in Anspielung auf die Socia-Media-Aktivit\u00e4ten des CSU-Vorsitzenden, bei denen es h\u00e4ufig um sein favorisiertes Essen geht.\u00a0<\/p>\n<p>SPD-Au\u00dfenpolitiker findet Debatte \u00fcber deutsche Soldaten unn\u00f6tig  <\/p>\n<p>&#8222;Ich stimme dem bayerischen Ministerpr\u00e4sidenten zu: Wir sollten den dritten Schritt nicht vor dem ersten machen&#8220;, sagte der au\u00dfenpolitische Sprecher der SPD, Adis Ahmetovi\u0107. Ein Einsatz deutscher Bodentruppen sei nichts, wor\u00fcber man ernsthaft nachdenken k\u00f6nne. Denn aktuell sei Russland nicht bereit, den <a href=\"https:\/\/www.stuttgarter-zeitung.de\/thema\/Krieg\" title=\"Krieg\" class=\"art_thema\" target=\"_blank\" rel=\"noopener\">Krieg<\/a> zu beenden, und es gebe noch keine Waffenruhe. Zudem seien die konkreten Sicherheitsgarantien der USA unklar, von denen die M\u00f6glichkeiten und der Umfang des deutschen Engagements aber abhingen.\u00a0<\/p>\n<p> Keine Abschiebungen an die Front <\/p>\n<p>&#8222;Von welchem Punkt ich aber sehr irritiert bin, ist S\u00f6ders schr\u00e4ge Forderung nach Abschiebungen von ukrainischen Fl\u00fcchtlingen aus unserem Land, um sie an die Front zu schicken&#8220;, sagt Ahmetovi\u0107 der dpa. Diese Diskussion sollte die Koalition nicht f\u00fchren.\u00a0<\/p>\n<p> Kein B\u00fcrgergeld mehr f\u00fcr Menschen aus der Ukraine? <\/p>\n<p>Auch beim B\u00fcrgergeld f\u00fcr Ukrainer in Deutschland will S\u00f6der einen anderen Kurs. &#8222;Das B\u00fcrgergeld f\u00fchrt dazu, dass wir im Vergleich zu anderen europ\u00e4ischen L\u00e4ndern einen deutlich geringeren Anteil an Ukrainern haben, die in Arbeit sind. Das muss dringend ge\u00e4ndert werden &#8211; nicht nur f\u00fcr neu ankommende Ukrainer&#8220;, sagte S\u00f6der.\u00a0<\/p>\n<p>Nach Pl\u00e4nen der schwarz-roten Koalition sollen Menschen aus der Ukraine, die nach dem 1. April 2025 nach Deutschland kamen und kommen, nicht mehr B\u00fcrgergeld, sondern geringere Leistungen wie Asylbewerber erhalten. Ukrainerinnen und Ukrainer kamen in der gro\u00dfen Fluchtbewegung nach dem russischen Gro\u00dfangriff auf die Ukraine 2022 nicht als Asylbewerber nach Deutschland, sondern \u00fcber eine Sonderregel. Damit durften sie sofort arbeiten und hatten, falls sie ihren Lebensunterhalt nicht sofort verdienen konnten, Anspruch auf B\u00fcrgergeld.<\/p>\n","protected":false},"excerpt":{"rendered":"Berlin &#8211; CSU-Chef Markus S\u00f6der hat sich gegen \u00dcberlegungen gestellt, die Bundeswehr im Rahmen von Sicherheitsgarantien f\u00fcr die&hellip;\n","protected":false},"author":2,"featured_media":402515,"comment_status":"","ping_status":"","sticky":false,"template":"","format":"standard","meta":{"footnotes":""},"categories":[4013],"tags":[331,332,772,13,8221,4046,14,15,4043,4044,850,307,12,317],"class_list":{"0":"post-402514","1":"post","2":"type-post","3":"status-publish","4":"format-standard","5":"has-post-thumbnail","7":"category-russland","8":"tag-aktuelle-nachrichten","9":"tag-aktuelle-news","10":"tag-bayern","11":"tag-headlines","12":"tag-konflikte","13":"tag-krieg","14":"tag-nachrichten","15":"tag-news","16":"tag-russia","17":"tag-russian-federation","18":"tag-russische-foederation","19":"tag-russland","20":"tag-schlagzeilen","21":"tag-ukraine"},"share_on_mastodon":{"url":"https:\/\/pubeurope.com\/@de\/115159813610935266","error":""},"_links":{"self":[{"href":"https:\/\/www.europesays.com\/de\/wp-json\/wp\/v2\/posts\/402514","targetHints":{"allow":["GET"]}}],"collection":[{"href":"https:\/\/www.europesays.com\/de\/wp-json\/wp\/v2\/posts"}],"about":[{"href":"https:\/\/www.europesays.com\/de\/wp-json\/wp\/v2\/types\/post"}],"author":[{"embeddable":true,"href":"https:\/\/www.europesays.com\/de\/wp-json\/wp\/v2\/users\/2"}],"replies":[{"embeddable":true,"href":"https:\/\/www.europesays.com\/de\/wp-json\/wp\/v2\/comments?post=402514"}],"version-history":[{"count":0,"href":"https:\/\/www.europesays.com\/de\/wp-json\/wp\/v2\/posts\/402514\/revisions"}],"wp:featuredmedia":[{"embeddable":true,"href":"https:\/\/www.europesays.com\/de\/wp-json\/wp\/v2\/media\/402515"}],"wp:attachment":[{"href":"https:\/\/www.europesays.com\/de\/wp-json\/wp\/v2\/media?parent=402514"}],"wp:term":[{"taxonomy":"category","embeddable":true,"href":"https:\/\/www.europesays.com\/de\/wp-json\/wp\/v2\/categories?post=402514"},{"taxonomy":"post_tag","embeddable":true,"href":"https:\/\/www.europesays.com\/de\/wp-json\/wp\/v2\/tags?post=402514"}],"curies":[{"name":"wp","href":"https:\/\/api.w.org\/{rel}","templated":true}]}}