{"id":402531,"date":"2025-09-06T23:04:14","date_gmt":"2025-09-06T23:04:14","guid":{"rendered":"https:\/\/www.europesays.com\/de\/402531\/"},"modified":"2025-09-06T23:04:14","modified_gmt":"2025-09-06T23:04:14","slug":"troisdorf-und-sankt-augustinb-afd-will-in-integrationsraete","status":"publish","type":"post","link":"https:\/\/www.europesays.com\/de\/402531\/","title":{"rendered":"Troisdorf und Sankt Augustinb: AfD will in Integrationsr\u00e4te"},"content":{"rendered":"<p>          Kommunalwahl in Troisdorf und Sankt Augustin        AfD-Mitglieder wollen in zwei Integrationsr\u00e4te<\/p>\n<p class=\"text-50 desktop:text-70 park-container-small px-6 mb-10 desktop:mb-14\">Troisdorf\/Sankt Augustin \u00b7 <strong data-cy=\"intro\">In einigen Kommunen im Rhein-Sieg-Kreis wird am 14. September auch der Integrationsrat gew\u00e4hlt. Die Mitglieder sollen sich f\u00fcr die Belange der migrantischen Bev\u00f6lkerung einsetzen. Erstmalig stehen daf\u00fcr in Troisdorf und Sankt Augustin nun auch AfD-Mitglieder auf dem Wahlzettel.<\/strong><\/p>\n<p>                <img class=\"absolute inset-0 w-full h-full object-cover aspect-[16\/10] opacity-0 transition-opacity animated\" onload=\"this.style.opacity = '1';\" src=\"https:\/\/www.europesays.com\/de\/wp-content\/uploads\/2025\/09\/w2048_h1313_x1024_y665_DPA_dpa_urn_newsml_dpa.com_20090101_250903-935-809185-v1-s2048-61d00b792861fe.jpeg\"  alt=\" Die Alternative f\u00fcr Deutschland (AfD) stellt bei der Kommunalwahl zum ersten Mal Kandidaten f\u00fcr Integrationsr\u00e4te. (Symbolfoto) \" fetchpriority=\"high\" decoding=\"async\" data-park-image-img=\"\"\/><\/p>\n","protected":false},"excerpt":{"rendered":"Kommunalwahl in Troisdorf und Sankt Augustin AfD-Mitglieder wollen in zwei Integrationsr\u00e4te Troisdorf\/Sankt Augustin \u00b7 In einigen Kommunen im&hellip;\n","protected":false},"author":2,"featured_media":402532,"comment_status":"","ping_status":"","sticky":false,"template":"","format":"standard","meta":{"footnotes":""},"categories":[1842],"tags":[1741,3364,29,30,1209],"class_list":{"0":"post-402531","1":"post","2":"type-post","3":"status-publish","4":"format-standard","5":"has-post-thumbnail","7":"category-bonn","8":"tag-bonn","9":"tag-de","10":"tag-deutschland","11":"tag-germany","12":"tag-nordrhein-westfalen"},"share_on_mastodon":{"url":"https:\/\/pubeurope.com\/@de\/115159856789864548","error":""},"_links":{"self":[{"href":"https:\/\/www.europesays.com\/de\/wp-json\/wp\/v2\/posts\/402531","targetHints":{"allow":["GET"]}}],"collection":[{"href":"https:\/\/www.europesays.com\/de\/wp-json\/wp\/v2\/posts"}],"about":[{"href":"https:\/\/www.europesays.com\/de\/wp-json\/wp\/v2\/types\/post"}],"author":[{"embeddable":true,"href":"https:\/\/www.europesays.com\/de\/wp-json\/wp\/v2\/users\/2"}],"replies":[{"embeddable":true,"href":"https:\/\/www.europesays.com\/de\/wp-json\/wp\/v2\/comments?post=402531"}],"version-history":[{"count":0,"href":"https:\/\/www.europesays.com\/de\/wp-json\/wp\/v2\/posts\/402531\/revisions"}],"wp:featuredmedia":[{"embeddable":true,"href":"https:\/\/www.europesays.com\/de\/wp-json\/wp\/v2\/media\/402532"}],"wp:attachment":[{"href":"https:\/\/www.europesays.com\/de\/wp-json\/wp\/v2\/media?parent=402531"}],"wp:term":[{"taxonomy":"category","embeddable":true,"href":"https:\/\/www.europesays.com\/de\/wp-json\/wp\/v2\/categories?post=402531"},{"taxonomy":"post_tag","embeddable":true,"href":"https:\/\/www.europesays.com\/de\/wp-json\/wp\/v2\/tags?post=402531"}],"curies":[{"name":"wp","href":"https:\/\/api.w.org\/{rel}","templated":true}]}}