{"id":402554,"date":"2025-09-06T23:18:14","date_gmt":"2025-09-06T23:18:14","guid":{"rendered":"https:\/\/www.europesays.com\/de\/402554\/"},"modified":"2025-09-06T23:18:14","modified_gmt":"2025-09-06T23:18:14","slug":"baeume-verlieren-bereits-ihre-blaetter-ebe-stellt-laubkoerbe-frueher-auf","status":"publish","type":"post","link":"https:\/\/www.europesays.com\/de\/402554\/","title":{"rendered":"B\u00e4ume verlieren bereits ihre Bl\u00e4tter &#8211; EBE stellt Laubk\u00f6rbe fr\u00fcher auf"},"content":{"rendered":"<p>            <a href=\"https:\/\/lokalklick.eu\/wp-content\/uploads\/2025\/09\/E_25-09-04_Laubkorb.jpg\" data-caption=\"Schon fr\u00fcher als geplant stellt die EBE in diesem Jahr die Laubk\u00f6rbe auf (Foto: \u00a9 EBE)\" rel=\"nofollow noopener\" target=\"_blank\"><img loading=\"lazy\" decoding=\"async\" width=\"696\" height=\"396\" class=\"entry-thumb td-modal-image\" src=\"https:\/\/www.europesays.com\/de\/wp-content\/uploads\/2025\/09\/E_25-09-04_Laubkorb-696x396.jpg\"   alt=\"\" title=\"E_25-09-04_Laubkorb\"\/><\/a>Schon fr\u00fcher als geplant stellt die EBE in diesem Jahr die Laubk\u00f6rbe auf (Foto: \u00a9 EBE)<br \/>\n            Anzeigen<a href=\"https:\/\/www.mheg-containershop.de\/\" target=\"_blank\" rel=\"nofollow noopener\"><img decoding=\"async\" src=\"https:\/\/www.europesays.com\/de\/wp-content\/uploads\/2025\/04\/MH_Anzeige_Container_1456x180.jpg\"\/><\/a><\/p>\n<p>\n<a href=\"https:\/\/www.rugana.de\/de\/Mecklenburg-Vorpommern\/Insel.Ruegen\/D41\" target=\"_blank\" rel=\"nofollow noopener\"><img decoding=\"async\" src=\"https:\/\/www.europesays.com\/de\/wp-content\/uploads\/2025\/04\/FeWo-Dranske-2-1456.jpg\"\/><\/a><\/p>\n<p><\/p>\n<p><strong>Essen. <\/strong>Viele B\u00e4ume verlieren in diesem Jahr ungew\u00f6hnlich fr\u00fch reichlich Laub, zahlreiche Stra\u00dfen und Wege in Essen sind schon mit Bl\u00e4ttern bedeckt. Die Entsorgungsbetriebe Essen (EBE) reagieren darauf flexibel und platzieren ihre Laubk\u00f6rbe in diesem Jahr bereits etwas fr\u00fcher als urspr\u00fcnglich geplant: \u201eWir werden in den n\u00e4chsten Tagen im gesamten Stadtgebiet mehr als 3.000 Laubk\u00f6rbe aufstellen und haben damit auch bereits angefangen\u201c, sagt Christian Lehrich, Leiter des Fachbereichs Reinigung bei der EBE. F\u00fcr alle Standorte habe die EBE von der Stadt Essen eine Sondernutzungsgenehmigung erhalten. <\/p>\n<p>\u201eWer Laub in die K\u00f6rbe f\u00fcllt, hilft mit, dass die Kanalisation nicht verstopft und dass die Wege frei bleiben\u201c, so Lehrich. Die Laubk\u00f6rbe stehen gut sichtbar an Stra\u00dfen mit gro\u00dfem Baumbestand und d\u00fcrfen tats\u00e4chlich ausschlie\u00dflich mit Bl\u00e4ttern von Stra\u00dfenb\u00e4umen \u2013 und keinesfalls mit privaten Gr\u00fcnabf\u00e4llen oder mit \u00c4sten \u2013 bef\u00fcllt werden. Die EBE leert die viereckigen Metallk\u00f6rbe dann in den kommenden Monaten regelm\u00e4\u00dfig mit speziellem Ger\u00e4t.<\/p>\n<p>\u201eViele B\u00fcrgerinnen und B\u00fcrger w\u00fcnschen sich einen Laubkorb ganz in der N\u00e4he des eigenen Hauses, aber wir m\u00fcssen darauf achten, dass die Stra\u00dfen laut Satzung der Stadt Essen auch zu reinigen sind, dass es ausreichend Platz f\u00fcr die Laubk\u00f6rbe und unsere gro\u00dfen Fahrzeuge gibt und dass nicht zu viel Parkraum entf\u00e4llt\u201c, erkl\u00e4rt Lehrich.<\/p>\n<p>Zus\u00e4tzlich zu den Laubk\u00f6rben werden in Essen auch wieder wei\u00dfe Laubs\u00e4cke ausgeben. Ab dem 6. Oktober verteilt die EBE in Kooperation mit den Startwerken Essen die beliebten S\u00e4cke: An den Recyclingh\u00f6fen in Altenessen und Werden sowie an den EBE-Standorten Elisenstra\u00dfe, Jahnstra\u00dfe und Pferdebahnstra\u00dfe k\u00f6nnen die Laubs\u00e4cke abgeholt werden. Die \u00d6ffnungszeiten der Recyclingstandorte stehen auf der Website der EBE unter <a href=\"http:\/\/www.ebe-essen.de\" target=\"_blank\" rel=\"noopener noreferrer nofollow\">www.ebe-essen.de<\/a>. Dar\u00fcber hinaus geben die Stadtwerke Essen als Kooperationspartner ab dem 6. Oktober in ihrem Kundenzentrum an der R\u00fcttenscheider Stra\u00dfe wie in den Vorjahren Laubs\u00e4cke zu den \u00fcblichen \u00d6ffnungszeiten aus.<\/p>\n","protected":false},"excerpt":{"rendered":"Schon fr\u00fcher als geplant stellt die EBE in diesem Jahr die Laubk\u00f6rbe auf (Foto: \u00a9 EBE) Anzeigen Essen.&hellip;\n","protected":false},"author":2,"featured_media":402555,"comment_status":"","ping_status":"","sticky":false,"template":"","format":"standard","meta":{"footnotes":""},"categories":[1834],"tags":[3364,29,3688,30,1209],"class_list":{"0":"post-402554","1":"post","2":"type-post","3":"status-publish","4":"format-standard","5":"has-post-thumbnail","7":"category-essen","8":"tag-de","9":"tag-deutschland","10":"tag-essen","11":"tag-germany","12":"tag-nordrhein-westfalen"},"share_on_mastodon":{"url":"https:\/\/pubeurope.com\/@de\/115159912521120307","error":""},"_links":{"self":[{"href":"https:\/\/www.europesays.com\/de\/wp-json\/wp\/v2\/posts\/402554","targetHints":{"allow":["GET"]}}],"collection":[{"href":"https:\/\/www.europesays.com\/de\/wp-json\/wp\/v2\/posts"}],"about":[{"href":"https:\/\/www.europesays.com\/de\/wp-json\/wp\/v2\/types\/post"}],"author":[{"embeddable":true,"href":"https:\/\/www.europesays.com\/de\/wp-json\/wp\/v2\/users\/2"}],"replies":[{"embeddable":true,"href":"https:\/\/www.europesays.com\/de\/wp-json\/wp\/v2\/comments?post=402554"}],"version-history":[{"count":0,"href":"https:\/\/www.europesays.com\/de\/wp-json\/wp\/v2\/posts\/402554\/revisions"}],"wp:featuredmedia":[{"embeddable":true,"href":"https:\/\/www.europesays.com\/de\/wp-json\/wp\/v2\/media\/402555"}],"wp:attachment":[{"href":"https:\/\/www.europesays.com\/de\/wp-json\/wp\/v2\/media?parent=402554"}],"wp:term":[{"taxonomy":"category","embeddable":true,"href":"https:\/\/www.europesays.com\/de\/wp-json\/wp\/v2\/categories?post=402554"},{"taxonomy":"post_tag","embeddable":true,"href":"https:\/\/www.europesays.com\/de\/wp-json\/wp\/v2\/tags?post=402554"}],"curies":[{"name":"wp","href":"https:\/\/api.w.org\/{rel}","templated":true}]}}