{"id":402617,"date":"2025-09-06T23:52:13","date_gmt":"2025-09-06T23:52:13","guid":{"rendered":"https:\/\/www.europesays.com\/de\/402617\/"},"modified":"2025-09-06T23:52:13","modified_gmt":"2025-09-06T23:52:13","slug":"internetkabel-im-roten-meer-durchtrennt","status":"publish","type":"post","link":"https:\/\/www.europesays.com\/de\/402617\/","title":{"rendered":"Internetkabel im Roten Meer durchtrennt"},"content":{"rendered":"<p>Microsoft schl\u00e4gt Alarm <\/p>\n<p>Unterseekabel im Roten Meer durchtrennt<\/p>\n<p>Aktualisiert am 07.09.2025 &#8211; 00:18 UhrLesedauer: 2 Min.<\/p>\n<p><a href=\"#focus-0\" class=\"transition-colors duration-200 focus-within:text-magenta block text-current relative\" data-sctrack=\"FocusGalleryImage.Reference\"><img fetchpriority=\"high\" data-testid=\"Opener.Image\" style=\"--lqipURL:url('https:\/\/images.t-online.de\/2025\/01\/gWkjggOPOJ5q\/763x295:2985x1679\/fit-in\/150x0\/filters:blur(25)\/ein-unterseekabel-wird-verlegt-symbolbild-immer-wieder-stehen-sowohl-china-als-auch-russland-im-verdacht-unterseekabel-zu-sabotieren.jpg')\"   loading=\"eager\" src=\"https:\/\/www.europesays.com\/de\/wp-content\/uploads\/2025\/09\/ein-unterseekabel-wird-verlegt-symbolbild-immer-wieder-stehen-sowohl-china-als-auch-russland-im-verd.jpeg\" alt=\"Ein Unterseekabel wird verlegt (Symbolbild): Immer wieder stehen sowohl China als auch Russland im Verdacht, Unterseekabel zu sabotieren.\" title=\"Ein Unterseekabel wird verlegt (Symbolbild): Immer wieder stehen sowohl China als auch Russland im Verdacht, Unterseekabel zu sabotieren.\" width=\"2985\" height=\"1679\" class=\"bg-[url:var(--lqipURL)] bg-cover bg-center flex h-full w-full max-w-full\" decoding=\"async\"\/><img style=\"--width:32;--height:32\" loading=\"lazy\" src=\"https:\/\/www.t-online.de\/s\/paper\/_next\/static\/media\/zoom-in.f7dae02f.svg\" alt=\"Vergr\u00f6\u00dfern des Bildes\" title=\"Vergr\u00f6\u00dfern des Bildes\" class=\"block h-[calc(var(--height)_\/_16_*_1rem)] w-[calc(var(--width)_\/_16_*_1rem)] max-w-none absolute bottom-8 right-8 rounded-4 bg-snow p-8\" decoding=\"async\"\/><\/a><\/p>\n<p>Ein Unterseekabel wird verlegt (Symbolbild): Immer wieder stehen sowohl China als auch Russland im Verdacht, Unterseekabel zu sabotieren. (Quelle: imago stock&amp;people\/imago-images-bilder)<\/p>\n<p class=\"font-bold text-18 leading-17\">Im Roten Meer sind offenbar Internetkabel durchtrennt worden. Der internationale Datenverkehr ist betroffen.<\/p>\n<p class=\"text-18 leading-17\">Seit Samstagmorgen kommt es zu St\u00f6rungen im internationalen Datenverkehr zwischen Asien, Europa und dem Nahen Osten. Grund sind laut <a class=\"transition-colors duration-200 cursor-pointer text-inherit no-underline text-salemsfur md:hover:text-magenta md:hover:border-magenta md:focus:text-magenta border-current border-b border-solid break-words\" href=\"https:\/\/www.t-online.de\/themen\/microsoft\/\" data-sctrack=\"BodyAnchor\" rel=\"nofollow noopener\" target=\"_blank\">Microsoft<\/a> gleich mehrere Besch\u00e4digungen an Unterseekabeln im Roten Meer.<\/p>\n<p class=\"text-18 leading-17\">Wie das Unternehmen mitteilte, habe der Ausfall zu sp\u00fcrbar gr\u00f6\u00dferen Verz\u00f6gerungen gef\u00fchrt. Betroffen ist insbesondere der Datenverkehr, der zwischen Asien und Europa \u00fcber den Nahen Osten l\u00e4uft. &#8222;Mehrere internationale Unterseekabel im Roten Meer wurden durchtrennt&#8220;, erkl\u00e4rte Microsoft in einer Mitteilung. Auf der Seite von Netblocks, auf der Unterbrechungen im weltweiten Datenverkehr angezeigt werden, konnte die St\u00f6rung best\u00e4tigt werden. Kabel in der N\u00e4he von Dschidda in <a class=\"transition-colors duration-200 cursor-pointer text-inherit no-underline text-salemsfur md:hover:text-magenta md:hover:border-magenta md:focus:text-magenta border-current border-b border-solid break-words\" href=\"https:\/\/www.t-online.de\/themen\/saudi-arabien\/\" data-sctrack=\"BodyAnchor\" rel=\"nofollow noopener\" target=\"_blank\">Saudi-Arabien<\/a> seien durchtrennt worden. Auch die pakistanische Telekomfirma PTCL informiert Kunden \u00fcber m\u00f6gliche Probleme bei den Internetverbindungen.<\/p>\n<p class=\"text-18 leading-17\">Das Unternehmen versucht derzeit, den Datenverkehr \u00fcber andere Routen zu sichern. Unklar ist, was der Grund f\u00fcr das Durchtrennen der Kabel ist. M\u00f6glich ist eine Sabotage durch Huthi-Terroristen, die in der Region aktiv sind. Es k\u00f6nnte aber auch ein Unfall sein, der zum Beispiel durch einen nicht hochgezogenen Anker eines Schiffes verursacht wurde.<\/p>\n<p class=\"text-18 leading-17\">Die Reparatur solcher Seekabel sei aufwendig und dauere in der Regel l\u00e4nger, so Microsoft weiter. Bis dahin wolle man durch Monitoring, st\u00e4ndige Neuverteilung und Optimierung des Routings die Auswirkungen so gering wie m\u00f6glich halten. Das Unternehmen k\u00fcndigte an, aktuell \u00fcber die Lage informieren zu wollen \u2013 oder fr\u00fcher, falls sich die Situation versch\u00e4rfen sollte.<\/p>\n<p class=\"text-18 leading-17\">Betroffen sind die SMW4 und IMEWE-Systeme. SMW4 steht f\u00fcr SEA-ME-WE 4, also South East Asia \u2013 Middle East \u2013 Western Europe 4. Es handelt sich um ein Faseroptik-Unterseekabelsystem, das \u00fcber rund 18.800 Kilometer Asien mit Europa \u00fcber den Nahen Osten verbindet. Es wurde von einem Konsortium aus 16 Telekommunikationsunternehmen realisiert und 2005 in Betrieb genommen. Das IMEWE-System steht f\u00fcr India\u2013Middle East\u2013Western Europe. Es handelt sich um ein Faseroptik-Seekabelsystem, das <a class=\"transition-colors duration-200 cursor-pointer text-inherit no-underline text-salemsfur md:hover:text-magenta md:hover:border-magenta md:focus:text-magenta border-current border-b border-solid break-words\" href=\"https:\/\/www.t-online.de\/themen\/indien\/\" data-sctrack=\"BodyAnchor\" rel=\"nofollow noopener\" target=\"_blank\">Indien<\/a> \u00fcber den Nahen Osten mit Europa verbindet. Es besteht aus drei Glasfaserkabeln und ist 12.091 Kilometer lang.<\/p>\n","protected":false},"excerpt":{"rendered":"Microsoft schl\u00e4gt Alarm Unterseekabel im Roten Meer durchtrennt Aktualisiert am 07.09.2025 &#8211; 00:18 UhrLesedauer: 2 Min. Ein Unterseekabel&hellip;\n","protected":false},"author":2,"featured_media":402618,"comment_status":"","ping_status":"","sticky":false,"template":"","format":"standard","meta":{"footnotes":"","_share_on_mastodon":"0"},"categories":[134],"tags":[1217,522,26198,1624,175,227,170,169,107086,29,32118,663,30,107087,171,174,199,20940,307,4769,173,172,71291],"class_list":["post-402617","post","type-post","status-publish","format-standard","has-post-thumbnail","category-unternehmen-maerkte","tag-1217","tag-522","tag-alarm","tag-asien","tag-business","tag-china","tag-companies","tag-companies-markets","tag-datenverkehr","tag-deutschland","tag-dschidda","tag-europa","tag-germany","tag-internetkabel","tag-markets","tag-maerkte","tag-microsoft","tag-rote-meer","tag-russland","tag-saudi-arabien","tag-unternehmen","tag-unternehmen-maerkte","tag-unterseekabel"],"share_on_mastodon":{"url":"https:\/\/pubeurope.com\/@de\/115160045736090446","error":""},"_links":{"self":[{"href":"https:\/\/www.europesays.com\/de\/wp-json\/wp\/v2\/posts\/402617","targetHints":{"allow":["GET"]}}],"collection":[{"href":"https:\/\/www.europesays.com\/de\/wp-json\/wp\/v2\/posts"}],"about":[{"href":"https:\/\/www.europesays.com\/de\/wp-json\/wp\/v2\/types\/post"}],"author":[{"embeddable":true,"href":"https:\/\/www.europesays.com\/de\/wp-json\/wp\/v2\/users\/2"}],"replies":[{"embeddable":true,"href":"https:\/\/www.europesays.com\/de\/wp-json\/wp\/v2\/comments?post=402617"}],"version-history":[{"count":0,"href":"https:\/\/www.europesays.com\/de\/wp-json\/wp\/v2\/posts\/402617\/revisions"}],"wp:featuredmedia":[{"embeddable":true,"href":"https:\/\/www.europesays.com\/de\/wp-json\/wp\/v2\/media\/402618"}],"wp:attachment":[{"href":"https:\/\/www.europesays.com\/de\/wp-json\/wp\/v2\/media?parent=402617"}],"wp:term":[{"taxonomy":"category","embeddable":true,"href":"https:\/\/www.europesays.com\/de\/wp-json\/wp\/v2\/categories?post=402617"},{"taxonomy":"post_tag","embeddable":true,"href":"https:\/\/www.europesays.com\/de\/wp-json\/wp\/v2\/tags?post=402617"}],"curies":[{"name":"wp","href":"https:\/\/api.w.org\/{rel}","templated":true}]}}