{"id":403212,"date":"2025-09-07T05:50:16","date_gmt":"2025-09-07T05:50:16","guid":{"rendered":"https:\/\/www.europesays.com\/de\/403212\/"},"modified":"2025-09-07T05:50:16","modified_gmt":"2025-09-07T05:50:16","slug":"krieg-russische-luftangriffe-auf-ukraine-tote-in-kiew-gemeldet-politik","status":"publish","type":"post","link":"https:\/\/www.europesays.com\/de\/403212\/","title":{"rendered":"Krieg &#8211; Russische Luftangriffe auf Ukraine &#8211; Tote in Kiew gemeldet &#8211; Politik"},"content":{"rendered":"<p data-manual=\"teaserText\" data-schema-org-speakable=\"true\">Einmal mehr \u00fcberzieht Russlands Milit\u00e4r ukrainische St\u00e4dte mit n\u00e4chtlichen Angriffen. Aus nahezu allen Landesteilen werden Attacken gemeldet. Besonders heftig trifft es offenbar die Hauptstadt.<\/p>\n<p data-manual=\"paragraph\" data-schema-org-speakable=\"true\" class=\"css-xboolz\">Kiew (dpa) &#8211; Russlands Milit\u00e4r hat die <a href=\"https:\/\/www.sueddeutsche.de\/thema\/Ukraine\" target=\"_blank\" rel=\"noopener\">Ukraine<\/a> in der Nacht nach Angaben aus Kiew erneut mit schweren Luftangriffen \u00fcberzogen. Ukrainische St\u00e4dte in nahezu allen Landesteilen seien mit Hunderten Kampfdrohnen und mit Marschflugk\u00f6rpern unter Beschuss genommen und Dutzende Menschen verletzt worden, berichteten \u00f6rtliche Medien. In der Hauptstadt Kiew wurden demnach mehrere Wohngeb\u00e4ude schwer besch\u00e4digt, B\u00fcrgermeister Vitali Klitschko zufolge gab es mindestens zwei Todesopfer und elf Verletzte. Unter den Toten sei ein einj\u00e4hriges Kleinkind, hie\u00df es.<\/p>\n<p data-manual=\"paragraph\" data-schema-org-speakable=\"true\" class=\"css-xboolz\">Explosionen wurden auch aus den St\u00e4dten Odessa, Charkiw, Dnipro, Saporischschja und Krywyj Rih gemeldet. Allein in Saporischschja gebe es mindestens 15 Verletzte, berichtete die Nachrichtenagentur Ukrinform unter Berufung auf Milit\u00e4rverwalter Iwan Fedorow. In Odessa griffen Drohnen Wohngeb\u00e4ude und andere zivile Infrastruktur an, wie das Nachrichtenportal \u201eThe Kyiv Independent\u201c unter Verweis auf den Gouverneur des Gebiets meldete. In Krywyj Rih seien ebenfalls Ziele im Stadtgebiet getroffen worden. Die Angaben lie\u00dfen sich zun\u00e4chst nicht unabh\u00e4ngig \u00fcberpr\u00fcfen.<\/p>\n<p data-manual=\"paragraph\" data-schema-org-speakable=\"true\" class=\"css-xboolz\"><a href=\"https:\/\/www.sueddeutsche.de\/thema\/Russland\" target=\"_blank\" rel=\"noopener\">Russland<\/a> f\u00fchrt seit mehr als dreieinhalb Jahren einen vernichtenden Angriffskrieg gegen die Ukraine. Umgekehrt nehmen die ukrainischen Verteidiger auch immer wieder Ziele im Nachbarland ins Visier und attackieren vor allem Energieanlagen. Die Opfer in der Zivilbev\u00f6lkerung und das Ausma\u00df der Sch\u00e4den in der Ukraine sind allerdings um ein Vielfaches gr\u00f6\u00dfer als in Russland. Die Forderungen, die Kremlchef Wladimir Putin im Gegenzug f\u00fcr ein Ende des von ihm begonnen Angriffskriegs stellt, kommen einer vollst\u00e4ndigen Kapitulation der Ukraine gleich.<\/p>\n<p data-manual=\"paragraph\" data-schema-org-speakable=\"true\" class=\"css-xboolz\">\u00a9 dpa-infocom, dpa:250907-930-5363\/3<\/p>\n","protected":false},"excerpt":{"rendered":"Einmal mehr \u00fcberzieht Russlands Milit\u00e4r ukrainische St\u00e4dte mit n\u00e4chtlichen Angriffen. Aus nahezu allen Landesteilen werden Attacken gemeldet. Besonders&hellip;\n","protected":false},"author":2,"featured_media":403213,"comment_status":"","ping_status":"","sticky":false,"template":"","format":"standard","meta":{"footnotes":""},"categories":[4013],"tags":[331,332,147,13,8221,4046,14,15,16,4043,4044,850,307,12,149,317],"class_list":{"0":"post-403212","1":"post","2":"type-post","3":"status-publish","4":"format-standard","5":"has-post-thumbnail","7":"category-russland","8":"tag-aktuelle-nachrichten","9":"tag-aktuelle-news","10":"tag-ausland","11":"tag-headlines","12":"tag-konflikte","13":"tag-krieg","14":"tag-nachrichten","15":"tag-news","16":"tag-politik","17":"tag-russia","18":"tag-russian-federation","19":"tag-russische-foederation","20":"tag-russland","21":"tag-schlagzeilen","22":"tag-sueddeutsche-zeitung","23":"tag-ukraine"},"share_on_mastodon":{"url":"https:\/\/pubeurope.com\/@de\/115161453288604104","error":""},"_links":{"self":[{"href":"https:\/\/www.europesays.com\/de\/wp-json\/wp\/v2\/posts\/403212","targetHints":{"allow":["GET"]}}],"collection":[{"href":"https:\/\/www.europesays.com\/de\/wp-json\/wp\/v2\/posts"}],"about":[{"href":"https:\/\/www.europesays.com\/de\/wp-json\/wp\/v2\/types\/post"}],"author":[{"embeddable":true,"href":"https:\/\/www.europesays.com\/de\/wp-json\/wp\/v2\/users\/2"}],"replies":[{"embeddable":true,"href":"https:\/\/www.europesays.com\/de\/wp-json\/wp\/v2\/comments?post=403212"}],"version-history":[{"count":0,"href":"https:\/\/www.europesays.com\/de\/wp-json\/wp\/v2\/posts\/403212\/revisions"}],"wp:featuredmedia":[{"embeddable":true,"href":"https:\/\/www.europesays.com\/de\/wp-json\/wp\/v2\/media\/403213"}],"wp:attachment":[{"href":"https:\/\/www.europesays.com\/de\/wp-json\/wp\/v2\/media?parent=403212"}],"wp:term":[{"taxonomy":"category","embeddable":true,"href":"https:\/\/www.europesays.com\/de\/wp-json\/wp\/v2\/categories?post=403212"},{"taxonomy":"post_tag","embeddable":true,"href":"https:\/\/www.europesays.com\/de\/wp-json\/wp\/v2\/tags?post=403212"}],"curies":[{"name":"wp","href":"https:\/\/api.w.org\/{rel}","templated":true}]}}