{"id":404003,"date":"2025-09-07T13:24:16","date_gmt":"2025-09-07T13:24:16","guid":{"rendered":"https:\/\/www.europesays.com\/de\/404003\/"},"modified":"2025-09-07T13:24:16","modified_gmt":"2025-09-07T13:24:16","slug":"das-groesste-ziel-dieser-partei-2026-staerker-werden-als-die-afd","status":"publish","type":"post","link":"https:\/\/www.europesays.com\/de\/404003\/","title":{"rendered":"Das gr\u00f6\u00dfte Ziel dieser Partei: 2026 st\u00e4rker werden als die AfD"},"content":{"rendered":"<p>Erst vor wenigen Monaten ist Volt-Stadtrat Felix Sproll von der SPD- zur Gr\u00fcnen-Fraktion gewechselt. Nun geht er das Ziel an, auch diese wieder zu verlassen. Im M\u00e4rz soll Volt bei der Stadtratswahl so stark werden, dass die Europafreunde selbst eine Fraktion bilden k\u00f6nnen.<\/p>\n<p>Wie sich Volt von den anderen Parteien unterscheiden will<\/p>\n<p>&#8222;Das ist unser Minimalziel&#8220;, sagte Sproll im Gespr\u00e4ch mit der AZ. Vier Stadtr\u00e4te w\u00e4ren daf\u00fcr n\u00f6tig. Das eigentliche Ziel aber ist ein anderes: &#8222;Wir wollen viertst\u00e4rkste Kraft werden&#8220;, sagte Sproll, der bisher der einzige Volt-Stadtrat ist. &#8222;Eine demokratische, proeurop\u00e4ische Kraft als Nummer vier, das w\u00e4re doch ein Symbol&#8220;. Gemeint ist damit wohl vor allem eines: dass die <a href=\"https:\/\/www.abendzeitung-muenchen.de\/organisation\/alternative-fuer-deutschland\/\" rel=\"nofollow noopener\" target=\"_blank\">AfD<\/a> nicht direkt auf den Platz hinter den drei gro\u00dfen M\u00fcnchner Parteien <a href=\"https:\/\/www.abendzeitung-muenchen.de\/organisation\/csu\/\" rel=\"nofollow noopener\" target=\"_blank\">CSU<\/a>, Gr\u00fcne und <a href=\"https:\/\/www.abendzeitung-muenchen.de\/organisation\/spd\/\" rel=\"nofollow noopener\" target=\"_blank\">SPD<\/a> kommt.<\/p>\n<p>Wie Sproll das erreichen will, das zeichnet sich nun ab. Am Samstag verabschiedete Volt das Programm, mit dem man in den Stadtratswahlkampf ziehen will \u2013 und sprach sich nebenher deutlich f\u00fcr eine Olympia-Bewerbung M\u00fcnchens aus.<\/p>\n<p>     <img decoding=\"async\" loading=\"lazy\" src=\"https:\/\/www.europesays.com\/de\/wp-content\/uploads\/2025\/09\/1565454_felix-sproll_artikelbild-75proz_1Ee3In_lJNowB.jpg\" alt=\"Felix Sproll will mit Volt drittst\u00e4rkste Kraft in M\u00fcnchen werden.\" title=\"Felix Sproll will mit Volt drittst\u00e4rkste Kraft in M\u00fcnchen werden.\" width=\"609\" height=\"365\"\/><\/p>\n<p>      Felix Sproll will mit Volt drittst\u00e4rkste Kraft in M\u00fcnchen werden.<br \/>\n      \u00a9 imago<\/p>\n<p>    Felix Sproll will mit Volt drittst\u00e4rkste Kraft in M\u00fcnchen werden.<\/p>\n<p>von imago <\/p>\n<p>&#8222;}&#8220;&gt; <\/p>\n<p>&#8222;Wir sind die radikale Kraft der Mitte&#8220;, sagt der OB-Kandidat<\/p>\n<p>Inhaltlich setzt man, wie alle Mitbewerber, auf die Themen Verkehr und Wohnen, die &#8222;nun mal jeden betreffen&#8220;, wie Sproll sagt. In der Wohnungspolitik glaubt er, dass Aufstocken von Wohnh\u00e4usern zur Entlastung beitragen k\u00f6nnte, bekennt sich zu einer hohen Zahl neuer Sozialwohnungen. Und sagt: &#8222;Insgesamt muss schnell, g\u00fcnstig und nachhaltig gebaut werden.&#8220; Im Verkehr setzt man auf mehr Radwege, mehr Carsharing, einen Ausbau des \u00d6PNV, weniger Autos in der Altstadt. Klingt alles sehr gr\u00fcn, von seinen Fraktionskollegen im Rathaus will Sproll sich im Wahlkampf aber auch absetzen.<\/p>\n<p>&#8222;Wir sind die radikale Kraft der Mitte&#8220;, sagte Sproll gegen\u00fcber der AZ. &#8222;Wir suchen nach L\u00f6sungen, haben ein ideologiefreies Programm, das unterscheidet uns vielleicht schon ein bisschen von den Gr\u00fcnen.&#8220;<\/p>\n<p>Sproll wirbt zum Beispiel f\u00fcr Quartiersgaragen. &#8222;Wir verteufeln das Auto nicht, aber da ist schon ein Kulturwandel n\u00f6tig&#8220;, sagt er. &#8222;Vielleicht kann man dann halt nicht direkt vor der T\u00fcr parken, sondern muss 200 oder 300 Meter laufen.&#8220;<\/p>\n<p>Volt will auch weiter daf\u00fcr werben, dass M\u00fcnchner ausgelost werden, die dann \u00fcber bestimmte Fragen diskutieren (und entscheiden!) d\u00fcrfen. &#8222;Es w\u00e4re einfach gut, wenn \u00f6fter Leute gefragt w\u00e4ren, die sonst gar nichts mit Politik zu tun haben&#8220;, sagt Sproll. Dazu passt, dass die Volt-Leute sich gar nicht als klassische Politiker sehen. &#8222;Wir sind alles Quereinsteiger*innen&#8220;, so sagt es Sproll.<\/p>\n","protected":false},"excerpt":{"rendered":"Erst vor wenigen Monaten ist Volt-Stadtrat Felix Sproll von der SPD- zur Gr\u00fcnen-Fraktion gewechselt. Nun geht er das&hellip;\n","protected":false},"author":2,"featured_media":404004,"comment_status":"","ping_status":"","sticky":false,"template":"","format":"standard","meta":{"footnotes":""},"categories":[1827],"tags":[30734,186,772,29,30,1268,107231],"class_list":{"0":"post-404003","1":"post","2":"type-post","3":"status-publish","4":"format-standard","5":"has-post-thumbnail","7":"category-muenchen","8":"tag-volt","9":"tag-afd","10":"tag-bayern","11":"tag-deutschland","12":"tag-germany","13":"tag-muenchen","14":"tag-stadtratswahl-2026"},"share_on_mastodon":{"url":"https:\/\/pubeurope.com\/@de\/115163238555651972","error":""},"_links":{"self":[{"href":"https:\/\/www.europesays.com\/de\/wp-json\/wp\/v2\/posts\/404003","targetHints":{"allow":["GET"]}}],"collection":[{"href":"https:\/\/www.europesays.com\/de\/wp-json\/wp\/v2\/posts"}],"about":[{"href":"https:\/\/www.europesays.com\/de\/wp-json\/wp\/v2\/types\/post"}],"author":[{"embeddable":true,"href":"https:\/\/www.europesays.com\/de\/wp-json\/wp\/v2\/users\/2"}],"replies":[{"embeddable":true,"href":"https:\/\/www.europesays.com\/de\/wp-json\/wp\/v2\/comments?post=404003"}],"version-history":[{"count":0,"href":"https:\/\/www.europesays.com\/de\/wp-json\/wp\/v2\/posts\/404003\/revisions"}],"wp:featuredmedia":[{"embeddable":true,"href":"https:\/\/www.europesays.com\/de\/wp-json\/wp\/v2\/media\/404004"}],"wp:attachment":[{"href":"https:\/\/www.europesays.com\/de\/wp-json\/wp\/v2\/media?parent=404003"}],"wp:term":[{"taxonomy":"category","embeddable":true,"href":"https:\/\/www.europesays.com\/de\/wp-json\/wp\/v2\/categories?post=404003"},{"taxonomy":"post_tag","embeddable":true,"href":"https:\/\/www.europesays.com\/de\/wp-json\/wp\/v2\/tags?post=404003"}],"curies":[{"name":"wp","href":"https:\/\/api.w.org\/{rel}","templated":true}]}}