{"id":404406,"date":"2025-09-07T16:56:10","date_gmt":"2025-09-07T16:56:10","guid":{"rendered":"https:\/\/www.europesays.com\/de\/404406\/"},"modified":"2025-09-07T16:56:10","modified_gmt":"2025-09-07T16:56:10","slug":"propalaestinensische-proteste-fast-900-festnahmen-bei-propalaestinensischem-protest-in-london","status":"publish","type":"post","link":"https:\/\/www.europesays.com\/de\/404406\/","title":{"rendered":"Propal\u00e4stinensische Proteste: Fast 900 Festnahmen bei propal\u00e4stinensischem Protest in London"},"content":{"rendered":"<p class=\"paragraph article__item\">Bei einer Demonstration gegen das Verbot der\u00a0Gruppe Palestine Action hat die Polizei in\u00a0<a class=\"rtr-entity\" href=\"https:\/\/www.zeit.de\/thema\/london\" rel=\"nofollow noopener\" target=\"_blank\">London<\/a> erneut Hunderte Menschen festgenommen. Wie die Polizei mitteilte, wurden\u00a0857 Demonstrierende auf<br \/>\nGrundlage von Anti-Terror-Gesetzen festgenommen und 33 wegen anderer<br \/>\n Straftaten wie etwa Gewalt gegen Polizeibeamte.\u00a0&#8222;Man kann seine Unterst\u00fctzung<br \/>\nf\u00fcr eine Sache zum Ausdruck bringen, ohne gegen das Terrorismusgesetz zu<br \/>\n versto\u00dfen oder gewaltt\u00e4tig zu werden und Unruhen zu verursachen, jede<br \/>\nWoche tun das Tausende Menschen in London&#8220;, teilte die Polizei mit. Sie begr\u00fcndete die Festnahmen mit Vergehen wie\u00a0Angriffen auf Beamte und der Unterst\u00fctzung einer verbotenen Organisation.\n<\/p>\n<p class=\"paragraph article__item\">An der Demonstration vor dem Parlamentsgeb\u00e4ude<br \/>\nhatten nach Beh\u00f6rdenangaben etwa 1.500 Menschen teilgenommen. Eine Polizeisprecherin sagte zu den Festnahmen, bei Menschen,<br \/>\n die &#8222;\u00f6ffentlich bekannt geben, dass sie eine Straftat planen&#8220;, habe die<br \/>\n<a class=\"rtr-entity\" href=\"https:\/\/www.zeit.de\/thema\/polizei\" rel=\"nofollow noopener\" target=\"_blank\">Polizei<\/a> &#8222;keine andere Wahl, als entsprechend zu handeln&#8220;. Smart verwies<br \/>\nauf einen &#8222;deutlichen Gegensatz&#8220; zu einer anderen pro-pal\u00e4stinensischen Demonstration mit etwa 20.000 Teilnehmern in London am Samstag, bei der es nur wenige Festnahmen gab.\n<\/p>\n<p class=\"paragraph article__item\">Die Aktivistengruppe wirft Israel einen V\u00f6lkermord an der pal\u00e4stinensischen Bev\u00f6lkerung im Gazastreifen vor und bezichtigt die britische\u00a0<a href=\"https:\/\/www.zeit.de\/kultur\/2025-08\/christoph-safferling-israel-politik-bundesregierung-waffenstopp-voelkerrecht\" class=\"\" target=\"_blank\" rel=\"nofollow noopener\">R\u00fcstungsindustrie<\/a>, daran eine Mitschuld zu tragen.\u00a0Bei der Demonstration hielten Teilnehmende unter anderem Schilder mit der Aufschrift hoch: &#8222;Ich bin gegen V\u00f6lkermord. Ich unterst\u00fctze Palestine Action.&#8220;\n<\/p>\n<p>        Viele Verhaftete \u00e4lter als 60 Jahre        <\/p>\n<p class=\"paragraph article__item\">Gro\u00dfbritannien hatte die Gruppe im Juli verboten, nachdem deren Mitglieder in einen Luftwaffenst\u00fctzpunkt eingedrungen waren und dort Flugzeuge besch\u00e4digt hatten\u00a0\u2013 die Aktivisten wollten\u00a0die Maschinen nach eigenen Angaben durch das Spr\u00fchen von Farbe in die Triebwerke unbrauchbar machen.\u00a0Der Angriff hatte einen Schaden von umgerechnet mehr als acht Millionen Euro verursacht.\u00a0Seitdem kommt es immer wieder zu Protesten, bei denen <a href=\"https:\/\/www.zeit.de\/politik\/ausland\/2025-08\/london-palestine-action-demonstration-verbot\" class=\"\" target=\"_blank\" rel=\"nofollow noopener\">bereits Hunderte Demonstrierende festgenommen<\/a> wurden.\u00a0Viele von ihnen sind \u00fcber 60 Jahre alt.\u00a0\n<\/p>\n<p>                            \u00a9\u00a0Lea Dohle<\/p>\n<p>\n                                        Newsletter<br \/>\n                                        Was jetzt? \u2013 Der t\u00e4gliche Morgen\u00fcberblick<\/p>\n<p class=\"newsletter-signup__text\">Starten Sie mit unserem kurzen Nachrichten-Newsletter in den Tag. Erhalten Sie zudem freitags den US-Sonderletter &#8222;Was jetzt, America?&#8220; sowie das digitale Magazin ZEIT am Wochenende.<\/p>\n<p class=\"newsletter-signup__datapolicy\" hidden=\"\">\n            Mit Ihrer Registrierung nehmen Sie die <a href=\"https:\/\/datenschutz.zeit.de\/zon#Newsletter\" target=\"_blank\" rel=\"nofollow noopener\">Datenschutzerkl\u00e4rung<\/a> zur Kenntnis.\n        <\/p>\n<p>    Vielen Dank! Wir haben Ihnen eine E-Mail geschickt.<\/p>\n<p>Pr\u00fcfen Sie Ihr Postfach und best\u00e4tigen Sie das Newsletter-Abonnement.<\/p>\n<p class=\"paragraph article__item\">Die UN und Menschenrechtsorganisationen wie Amnesty International haben das Verbot als <a href=\"https:\/\/www.zeit.de\/2025\/24\/meinungsfreiheit-grossbritannien-polizei-denken-justiz\" class=\"\" target=\"_blank\" rel=\"nofollow noopener\">Bedrohung f\u00fcr die Meinungsfreiheit<\/a> kritisiert\u00a0\u2013 die Regierung h\u00e4lt dem\u00a0entgegen, dass das Verbot andere propal\u00e4stinensische Proteste nicht verhindere.\u00a0Kritiker f\u00fchren zudem an, dass die Gruppe zwar Sabotageakte durchf\u00fchrte, sich aber nie f\u00fcr Gewalt gegen Menschen ausgesprochen hat.\u00a0\n<\/p>\n<p class=\"paragraph article__item\">Durch das Verbot wird die Gruppe rechtlich mit Organisationen wie Al-Kaida und dem &#8222;Islamischen Staat&#8220; (IS) gleichgestellt. Unterst\u00fctzung oder Mitgliedschaft k\u00f6nnen mit bis zu 14 Jahren Haft bestraft werden.\u00a0Einer der Gr\u00fcnder von Palestine Action will gerichtlich gegen die Einstufung vorgehen. Ob das Verbot angefochten werden kann, ist derzeit Gegenstand eines Rechtsstreits.\n<\/p>\n<p>            Krieg in Gaza        <\/p>\n<p>Mehr zum Thema<\/p>\n<p>                <a href=\"https:\/\/www.zeit.de\/kultur\/2025-09\/wolfgang-schmidbauer-psychoanalyse-kuenstliche-intelligenz-therapie-nahostkonflikt\" data-ct-label=\"Wolfgang Schmidbauer: &quot;Wer sich ganz auf eine Seite schl\u00e4gt, flieht vor unserer Realit\u00e4t&quot;\" rel=\"nofollow noopener\" target=\"_blank\"><\/p>\n<p>        Z+ (abopflichtiger Inhalt);<\/p>\n<p>    Wolfgang Schmidbauer:<br \/>\n                        &#8222;Wer sich ganz auf eine Seite schl\u00e4gt, flieht vor unserer Realit\u00e4t&#8220;<\/p>\n<p>                <\/a><\/p>\n<p>                <a href=\"https:\/\/www.zeit.de\/kultur\/2025-08\/palaestinensische-volk-buerger-politische-selbstbestimmung-israel\" data-ct-label=\"Pal\u00e4stinensisches Volk: Der blinde Fleck\" rel=\"nofollow noopener\" target=\"_blank\"><\/p>\n<p>                        Pal\u00e4stinensisches Volk:<br \/>\n                        Der blinde Fleck<\/p>\n<p>                <\/a><\/p>\n<p>                <a href=\"https:\/\/www.zeit.de\/politik\/ausland\/2025-08\/nahost-hamas-terrorgruppe-gaza-kaempfer\" data-ct-label=\"Krieg in Gaza: L\u00e4sst sich die Hamas besiegen?\" rel=\"nofollow noopener\" target=\"_blank\"><\/p>\n<p>                        Krieg in Gaza:<br \/>\n                        L\u00e4sst sich die Hamas besiegen?<\/p>\n<p>                <\/a><\/p>\n","protected":false},"excerpt":{"rendered":"Bei einer Demonstration gegen das Verbot der\u00a0Gruppe Palestine Action hat die Polizei in\u00a0London erneut Hunderte Menschen festgenommen. Wie&hellip;\n","protected":false},"author":2,"featured_media":404407,"comment_status":"","ping_status":"","sticky":false,"template":"","format":"standard","meta":{"footnotes":""},"categories":[5],"tags":[22233,331,332,3364,29,738,30,13,4036,11314,130,14,15,16,121,23788,4330,12],"class_list":{"0":"post-404406","1":"post","2":"type-post","3":"status-publish","4":"format-standard","5":"has-post-thumbnail","7":"category-nachrichten","8":"tag-aktivismus","9":"tag-aktuelle-nachrichten","10":"tag-aktuelle-news","11":"tag-de","12":"tag-deutschland","13":"tag-gazastreifen","14":"tag-germany","15":"tag-headlines","16":"tag-london","17":"tag-meinungsfreiheit","18":"tag-menschenrechte","19":"tag-nachrichten","20":"tag-news","21":"tag-politik","22":"tag-polizei","23":"tag-propalaestinensische-proteste","24":"tag-protest","25":"tag-schlagzeilen"},"share_on_mastodon":{"url":"https:\/\/pubeurope.com\/@de\/115164072306686881","error":""},"_links":{"self":[{"href":"https:\/\/www.europesays.com\/de\/wp-json\/wp\/v2\/posts\/404406","targetHints":{"allow":["GET"]}}],"collection":[{"href":"https:\/\/www.europesays.com\/de\/wp-json\/wp\/v2\/posts"}],"about":[{"href":"https:\/\/www.europesays.com\/de\/wp-json\/wp\/v2\/types\/post"}],"author":[{"embeddable":true,"href":"https:\/\/www.europesays.com\/de\/wp-json\/wp\/v2\/users\/2"}],"replies":[{"embeddable":true,"href":"https:\/\/www.europesays.com\/de\/wp-json\/wp\/v2\/comments?post=404406"}],"version-history":[{"count":0,"href":"https:\/\/www.europesays.com\/de\/wp-json\/wp\/v2\/posts\/404406\/revisions"}],"wp:featuredmedia":[{"embeddable":true,"href":"https:\/\/www.europesays.com\/de\/wp-json\/wp\/v2\/media\/404407"}],"wp:attachment":[{"href":"https:\/\/www.europesays.com\/de\/wp-json\/wp\/v2\/media?parent=404406"}],"wp:term":[{"taxonomy":"category","embeddable":true,"href":"https:\/\/www.europesays.com\/de\/wp-json\/wp\/v2\/categories?post=404406"},{"taxonomy":"post_tag","embeddable":true,"href":"https:\/\/www.europesays.com\/de\/wp-json\/wp\/v2\/tags?post=404406"}],"curies":[{"name":"wp","href":"https:\/\/api.w.org\/{rel}","templated":true}]}}