{"id":404509,"date":"2025-09-07T17:53:17","date_gmt":"2025-09-07T17:53:17","guid":{"rendered":"https:\/\/www.europesays.com\/de\/404509\/"},"modified":"2025-09-07T17:53:17","modified_gmt":"2025-09-07T17:53:17","slug":"wochenlange-sperrung-der-schunterbruecke-ab-15-september","status":"publish","type":"post","link":"https:\/\/www.europesays.com\/de\/404509\/","title":{"rendered":"Wochenlange Sperrung der Schunterbr\u00fccke ab 15. September"},"content":{"rendered":"<p>Verkehr wird umgeleitet <\/p>\n<p>Br\u00fccke in Braunschweig wird wochenlang gesperrt<\/p>\n<p>07.09.2025 &#8211; 18:33 UhrLesedauer: 1 Min.<\/p>\n<p><a href=\"#focus-0\" class=\"transition-colors duration-200 focus-within:text-magenta block text-current relative\" data-sctrack=\"FocusGalleryImage.Reference\"><img fetchpriority=\"high\" data-testid=\"Opener.Image\" style=\"--lqipURL:url('https:\/\/images.t-online.de\/2025\/09\/AdNhi51DTHSX\/0x201:4000x2250\/fit-in\/150x0\/filters:blur(25)\/warnbaken-und-leuchten-versperren-fahrbahn-symbolfoto-zwischen-thune-und-harxbuettel-geht-fuer-autofahrer-wochenlang-nichts.jpg')\"   loading=\"eager\" src=\"https:\/\/www.europesays.com\/de\/wp-content\/uploads\/2025\/09\/warnbaken-und-leuchten-versperren-fahrbahn-symbolfoto-zwischen-thune-und-harxbuettel-geht-fuer-autof.jpeg\" alt=\"Warnbaken und Leuchten versperren Fahrbahn (Symbolfoto): Zwischen Thune und Harxb\u00fcttel geht f\u00fcr Autofahrer wochenlang nichts.\" title=\"Warnbaken und Leuchten versperren Fahrbahn (Symbolfoto): Zwischen Thune und Harxb\u00fcttel geht f\u00fcr Autofahrer wochenlang nichts.\" width=\"4000\" height=\"2250\" class=\"bg-[url:var(--lqipURL)] bg-cover bg-center flex h-full w-full max-w-full\" decoding=\"async\"\/><img style=\"--width:32;--height:32\" loading=\"lazy\" src=\"https:\/\/www.t-online.de\/s\/paper\/_next\/static\/media\/zoom-in.f7dae02f.svg\" alt=\"Vergr\u00f6\u00dfern des Bildes\" title=\"Vergr\u00f6\u00dfern des Bildes\" class=\"block h-[calc(var(--height)_\/_16_*_1rem)] w-[calc(var(--width)_\/_16_*_1rem)] max-w-none absolute bottom-8 right-8 rounded-4 bg-snow p-8\" decoding=\"async\"\/><\/a><\/p>\n<p>Warnbaken und Leuchten versperren Fahrbahn (Symbolfoto): Zwischen Thune und Harxb\u00fcttel geht f\u00fcr Autofahrer wochenlang nichts. (Quelle: IMAGO\/Rolf Poss)<\/p>\n<p class=\"font-bold text-18 leading-17\">Pendler m\u00fcssen sich auf Umwege einstellen: Die Stadt sperrt eine wichtige Verbindung in Braunschweig \u2013 allerdings nicht f\u00fcr alle.<\/p>\n<p class=\"text-18 leading-17\">Die Br\u00fccke \u00fcber die Schunter im Verlauf der Harxb\u00fctteler Stra\u00dfe (K28) muss instand gesetzt werden. Dabei wird der \u00dcberbau saniert und Eisen zur Verst\u00e4rkung der Konstruktion erg\u00e4nzt. F\u00fcr die Arbeiten sperrt die Stadt <a class=\"transition-colors duration-200 cursor-pointer text-inherit no-underline text-salemsfur md:hover:text-magenta md:hover:border-magenta md:focus:text-magenta border-current border-b border-solid break-words\" href=\"https:\/\/www.t-online.de\/themen\/braunschweig\/\" data-sctrack=\"BodyAnchor\" target=\"_blank\" rel=\"noopener\">Braunschweig<\/a> den Abschnitt ab Montag, 15. September 2025, f\u00fcr den Kraftfahrzeugverkehr.<\/p>\n<p class=\"text-18 leading-17\">Autofahrer zwischen den Stadtteilen Thune und Harxb\u00fcttel m\u00fcssen w\u00e4hrend der Bauzeit eine Umleitung \u00fcber Lagesb\u00fcttel und Eickhorst nehmen. Die Strecke ist ausgeschildert. Radfahrer und Fu\u00dfg\u00e4nger k\u00f6nnen die Schunterbr\u00fccke weiterhin nutzen.<\/p>\n<p class=\"text-18 leading-17\">Die Bauarbeiten sollen bis Mitte November abgeschlossen sein. Aufgrund von Wetterlagen kann es zu Verz\u00f6gerungen kommen, teilte die Stadt weiter mit.<\/p>\n","protected":false},"excerpt":{"rendered":"Verkehr wird umgeleitet Br\u00fccke in Braunschweig wird wochenlang gesperrt 07.09.2025 &#8211; 18:33 UhrLesedauer: 1 Min. Warnbaken und Leuchten&hellip;\n","protected":false},"author":2,"featured_media":404510,"comment_status":"","ping_status":"","sticky":false,"template":"","format":"standard","meta":{"footnotes":""},"categories":[1850],"tags":[722,6429,3364,29,548,663,3934,30,13,14,15,1411,4125,12,95652,56056,601,16339],"class_list":{"0":"post-404509","1":"post","2":"type-post","3":"status-publish","4":"format-standard","5":"has-post-thumbnail","7":"category-braunschweig","8":"tag-722","9":"tag-braunschweig","10":"tag-de","11":"tag-deutschland","12":"tag-eu","13":"tag-europa","14":"tag-europe","15":"tag-germany","16":"tag-headlines","17":"tag-nachrichten","18":"tag-news","19":"tag-niedersachsen","20":"tag-pendler","21":"tag-schlagzeilen","22":"tag-schunter","23":"tag-thune","24":"tag-verkehr","25":"tag-warnbake"},"share_on_mastodon":{"url":"https:\/\/pubeurope.com\/@de\/115164296670366540","error":""},"_links":{"self":[{"href":"https:\/\/www.europesays.com\/de\/wp-json\/wp\/v2\/posts\/404509","targetHints":{"allow":["GET"]}}],"collection":[{"href":"https:\/\/www.europesays.com\/de\/wp-json\/wp\/v2\/posts"}],"about":[{"href":"https:\/\/www.europesays.com\/de\/wp-json\/wp\/v2\/types\/post"}],"author":[{"embeddable":true,"href":"https:\/\/www.europesays.com\/de\/wp-json\/wp\/v2\/users\/2"}],"replies":[{"embeddable":true,"href":"https:\/\/www.europesays.com\/de\/wp-json\/wp\/v2\/comments?post=404509"}],"version-history":[{"count":0,"href":"https:\/\/www.europesays.com\/de\/wp-json\/wp\/v2\/posts\/404509\/revisions"}],"wp:featuredmedia":[{"embeddable":true,"href":"https:\/\/www.europesays.com\/de\/wp-json\/wp\/v2\/media\/404510"}],"wp:attachment":[{"href":"https:\/\/www.europesays.com\/de\/wp-json\/wp\/v2\/media?parent=404509"}],"wp:term":[{"taxonomy":"category","embeddable":true,"href":"https:\/\/www.europesays.com\/de\/wp-json\/wp\/v2\/categories?post=404509"},{"taxonomy":"post_tag","embeddable":true,"href":"https:\/\/www.europesays.com\/de\/wp-json\/wp\/v2\/tags?post=404509"}],"curies":[{"name":"wp","href":"https:\/\/api.w.org\/{rel}","templated":true}]}}