{"id":405256,"date":"2025-09-08T00:46:15","date_gmt":"2025-09-08T00:46:15","guid":{"rendered":"https:\/\/www.europesays.com\/de\/405256\/"},"modified":"2025-09-08T00:46:15","modified_gmt":"2025-09-08T00:46:15","slug":"frankenthal-einbruch-in-wohnung-in-der-albertstrasse-mrn-news-de","status":"publish","type":"post","link":"https:\/\/www.europesays.com\/de\/405256\/","title":{"rendered":"Frankenthal \u2013 Einbruch in Wohnung in der Albertstra\u00dfe \u2013 \/\/\/ MRN-News.de"},"content":{"rendered":"<p><img loading=\"lazy\" decoding=\"async\" src=\"https:\/\/www.europesays.com\/de\/wp-content\/uploads\/2025\/09\/Einbrecher1-002-3-1-2.jpg\" alt=\"\" width=\"673\" height=\"500\" class=\"aligncenter size-full wp-image-601343\"\/><br \/>Frankenthal\/Metropolregion Rhein-Neckar \u2013 Am 05.09.2025 wurde tags\u00fcber in die Wohnung des 40-J\u00e4hrigen in der Alberstra\u00dfe eingebrochen. Dies teilte der Frankenthaler der Polizei am Folgetag mit. <\/p>\n<p>Bislang unbekannte T\u00e4ter stiegen augenscheinlich \u00fcber das offenstehende K\u00fcchenfenster in die Wohnung ein, nachdem vermutlich der Rollladen hochgeschoben wurde. Aus der Wohnung wurden sodann 500 Euro Bargeld, eine gef\u00e4lschte Rolex, ein Lederg\u00fcrtel, eine vergoldete Kette und ein paar Schuhe gestohlen. Die Schadensh\u00f6he wird auf rund 800 Euro gesch\u00e4tzt<\/p>\n<p>Wir bitten um Hinweise aus der Bev\u00f6lkerung. Wer kann Angaben zur Tat, den T\u00e4tern oder einem m\u00f6glichen Fluchtfahrzeug machen?<br \/>Wer hat z.B. beobachtet, wie die unbekannten T\u00e4ter in das offenstehende Fenster gestiegen oder in welche Richtung sie geflohen sind? <\/p>\n<p>Hinweise bitte an die Polizeiinspektion Frankenthal, Telefonnummer 06233 3130 oder per E-Mail pifrankenthal@polizei.rlp.de oder an die Polizeiwache Maxdorf unter der Tel.-Nr.: 06237\/934-1100.<\/p>\n<p>Quelle: Polizeidirektion Ludwigshafen <\/p>\n","protected":false},"excerpt":{"rendered":"Frankenthal\/Metropolregion Rhein-Neckar \u2013 Am 05.09.2025 wurde tags\u00fcber in die Wohnung des 40-J\u00e4hrigen in der Alberstra\u00dfe eingebrochen. Dies teilte&hellip;\n","protected":false},"author":2,"featured_media":405257,"comment_status":"","ping_status":"","sticky":false,"template":"","format":"standard","meta":{"footnotes":"","_share_on_mastodon":"0"},"categories":[1845],"tags":[1634,3364,29,2819,548,663,3934,20372,35185,30,13,14996,25476,2096,96518,25488,25489,14,14480,15,121,5206,28951,12,62150,626],"class_list":["post-405256","post","type-post","status-publish","format-standard","has-post-thumbnail","category-mannheim","tag-baden-wuerttemberg","tag-de","tag-deutschland","tag-einbruch","tag-eu","tag-europa","tag-europe","tag-fenster","tag-frankenthal","tag-germany","tag-headlines","tag-hinweise","tag-ludwigshafen","tag-mannheim","tag-maxdorf","tag-metropolregion","tag-metropolregion-rhein-neckar","tag-nachrichten","tag-neckar","tag-news","tag-polizei","tag-rhein","tag-rhein-neckar","tag-schlagzeilen","tag-tu00e4ter","tag-wohnung"],"share_on_mastodon":{"url":"https:\/\/pubeurope.com\/@de\/115165920269099844","error":""},"_links":{"self":[{"href":"https:\/\/www.europesays.com\/de\/wp-json\/wp\/v2\/posts\/405256","targetHints":{"allow":["GET"]}}],"collection":[{"href":"https:\/\/www.europesays.com\/de\/wp-json\/wp\/v2\/posts"}],"about":[{"href":"https:\/\/www.europesays.com\/de\/wp-json\/wp\/v2\/types\/post"}],"author":[{"embeddable":true,"href":"https:\/\/www.europesays.com\/de\/wp-json\/wp\/v2\/users\/2"}],"replies":[{"embeddable":true,"href":"https:\/\/www.europesays.com\/de\/wp-json\/wp\/v2\/comments?post=405256"}],"version-history":[{"count":0,"href":"https:\/\/www.europesays.com\/de\/wp-json\/wp\/v2\/posts\/405256\/revisions"}],"wp:featuredmedia":[{"embeddable":true,"href":"https:\/\/www.europesays.com\/de\/wp-json\/wp\/v2\/media\/405257"}],"wp:attachment":[{"href":"https:\/\/www.europesays.com\/de\/wp-json\/wp\/v2\/media?parent=405256"}],"wp:term":[{"taxonomy":"category","embeddable":true,"href":"https:\/\/www.europesays.com\/de\/wp-json\/wp\/v2\/categories?post=405256"},{"taxonomy":"post_tag","embeddable":true,"href":"https:\/\/www.europesays.com\/de\/wp-json\/wp\/v2\/tags?post=405256"}],"curies":[{"name":"wp","href":"https:\/\/api.w.org\/{rel}","templated":true}]}}