{"id":405450,"date":"2025-09-08T02:44:14","date_gmt":"2025-09-08T02:44:14","guid":{"rendered":"https:\/\/www.europesays.com\/de\/405450\/"},"modified":"2025-09-08T02:44:14","modified_gmt":"2025-09-08T02:44:14","slug":"schnoorviertel-zaehlt-zu-den-schoensten-strassen-in-deutschland","status":"publish","type":"post","link":"https:\/\/www.europesays.com\/de\/405450\/","title":{"rendered":"Schnoorviertel z\u00e4hlt zu den sch\u00f6nsten Stra\u00dfen in Deutschland"},"content":{"rendered":"<p>Historisches Viertel geehrt <\/p>\n<p>Diese Bremer Stra\u00dfe z\u00e4hlt zu den sch\u00f6nsten in Deutschland<\/p>\n<p>07.09.2025 &#8211; 17:03 UhrLesedauer: 1 Min.<\/p>\n<p><a href=\"#focus-0\" class=\"transition-colors duration-200 focus-within:text-magenta block text-current relative\" data-sctrack=\"FocusGalleryImage.Reference\"><img fetchpriority=\"high\" data-testid=\"Opener.Image\" style=\"--lqipURL:url('https:\/\/images.t-online.de\/2025\/09\/H7MUFvJXJBBp\/0x417:4000x2250\/fit-in\/150x0\/filters:blur(25)\/blick-ins-schnoorviertel-in-bremen-seine-geschichte-reicht-bis-ins-13-jahrhundert-zurueck.jpg')\"   loading=\"eager\" src=\"https:\/\/www.europesays.com\/de\/wp-content\/uploads\/2025\/09\/blick-ins-schnoorviertel-in-bremen-seine-geschichte-reicht-bis-ins-13-jahrhundert-zurueck.jpg\" alt=\"Blick ins Schnoorviertel in Bremen: Seine Geschichte reicht bis ins 13. Jahrhundert zur\u00fcck.\" title=\"Blick ins Schnoorviertel in Bremen: Seine Geschichte reicht bis ins 13. Jahrhundert zur\u00fcck.\" width=\"4000\" height=\"2250\" class=\"bg-[url:var(--lqipURL)] bg-cover bg-center flex h-full w-full max-w-full\" decoding=\"async\"\/><img style=\"--width:32;--height:32\" loading=\"lazy\" src=\"https:\/\/www.t-online.de\/s\/paper\/_next\/static\/media\/zoom-in.f7dae02f.svg\" alt=\"Vergr\u00f6\u00dfern des Bildes\" title=\"Vergr\u00f6\u00dfern des Bildes\" class=\"block h-[calc(var(--height)_\/_16_*_1rem)] w-[calc(var(--width)_\/_16_*_1rem)] max-w-none absolute bottom-8 right-8 rounded-4 bg-snow p-8\" decoding=\"async\"\/><\/a><\/p>\n<p>Blick ins Schnoorviertel in Bremen: Seine Geschichte reicht bis ins 13. Jahrhundert zur\u00fcck. (Quelle: IMAGO\/Zoonar.com\/Marc Venema)<\/p>\n<p class=\"font-bold text-18 leading-17\">Enge Gassen, Fachwerk und Geschichte: Eine Stra\u00dfe in Bremen landet in einer internationalen Untersuchung direkt hinter Bonn, Frankfurt und Dortmund.<\/p>\n<p class=\"text-18 leading-17\">Das Bremer Schnoorviertel geh\u00f6rt zu den sch\u00f6nsten Stra\u00dfen im deutschsprachigen Raum. In einer Eye-Tracking-Studie des Finanzdienstleisters Remitly landete das Viertel auf Platz 4. Daf\u00fcr bekamen 500 Teilnehmende Bilder von 50 Stra\u00dfen gezeigt. Gemessen wurde, wie lange ihre Blicke darauf verweilten \u2013 je l\u00e4nger, als desto attraktiver galt die Stra\u00dfe.<\/p>\n<p class=\"text-18 leading-17\">Auf den ersten drei Pl\u00e4tzen liegen die Heerstra\u00dfe in Bonn, der R\u00f6merberg in <a rel=\"nofollow noopener\" target=\"_blank\" class=\"transition-colors duration-200 cursor-pointer text-inherit no-underline text-salemsfur md:hover:text-magenta md:hover:border-magenta md:focus:text-magenta border-current border-b border-solid break-words\" href=\"https:\/\/frankfurt.t-online.de\/region\/frankfurt-am-main\/\" data-sctrack=\"BodyAnchor\">Frankfurt am Main<\/a> und die Saarlandstra\u00dfe in <a class=\"transition-colors duration-200 cursor-pointer text-inherit no-underline text-salemsfur md:hover:text-magenta md:hover:border-magenta md:focus:text-magenta border-current border-b border-solid break-words\" href=\"https:\/\/www.t-online.de\/region\/dortmund\/\" data-sctrack=\"BodyAnchor\" target=\"_blank\" rel=\"noopener\">Dortmund<\/a>. Beim Schnoor blieben die Augen der Testpersonen im Schnitt 2,28 Sekunden h\u00e4ngen \u2013 genug f\u00fcr Platz 4 und noch vor der Z\u00fcrcher Augustinergasse.<\/p>\n<p class=\"text-18 leading-17\">Das Schnoor ist das \u00e4lteste Viertel der Hansestadt, erstmals um 1300 urkundlich erw\u00e4hnt. Einige Geb\u00e4ude stammen aus dem 15. Jahrhundert. Der Name geht auf das plattdeutsche Wort &#8222;Schnur&#8220; zur\u00fcck \u2013 hier stellten Seiler vermutlich einst ihre Taue her.<\/p>\n<p class=\"text-18 leading-17\">Das Viertel \u00fcberstand den <a class=\"transition-colors duration-200 cursor-pointer text-inherit no-underline text-salemsfur md:hover:text-magenta md:hover:border-magenta md:focus:text-magenta border-current border-b border-solid break-words\" href=\"https:\/\/www.t-online.de\/themen\/zweiter-weltkrieg\/\" data-sctrack=\"BodyAnchor\" target=\"_blank\" rel=\"noopener\">Zweiten Weltkrieg<\/a> weitgehend unbeschadet. Ab den 1950er-Jahren zog es K\u00fcnstler und Studierende an, die den Gassen neues Leben einhauchten. Heute ist der Schnoor Touristenmagnet und Kulturort zugleich. Kleine Museen, Kunsthandwerk, Antiquit\u00e4tenl\u00e4den und das Institut f\u00fcr niederdeutsche Sprache pr\u00e4gen das Bild.<\/p>\n<p class=\"text-18 leading-17\">Insgesamt dominieren deutsche Stra\u00dfen das Ranking mit sechs Nennungen in den Top 10. Neben <a class=\"transition-colors duration-200 cursor-pointer text-inherit no-underline text-salemsfur md:hover:text-magenta md:hover:border-magenta md:focus:text-magenta border-current border-b border-solid break-words\" href=\"https:\/\/www.t-online.de\/region\/bremen\/\" data-sctrack=\"BodyAnchor\" target=\"_blank\" rel=\"noopener\">Bremen<\/a> und Bonn schafften es auch Dortmund, <a rel=\"nofollow noopener\" target=\"_blank\" class=\"transition-colors duration-200 cursor-pointer text-inherit no-underline text-salemsfur md:hover:text-magenta md:hover:border-magenta md:focus:text-magenta border-current border-b border-solid break-words\" href=\"https:\/\/frankfurt.t-online.de\/region\/frankfurt-am-main\/\" data-sctrack=\"BodyAnchor\">Frankfurt<\/a>, Freiburg und G\u00f6rlitz in die Liste. Erg\u00e4nzt wird die Auswahl durch drei Schweizer St\u00e4dte sowie <a class=\"transition-colors duration-200 cursor-pointer text-inherit no-underline text-salemsfur md:hover:text-magenta md:hover:border-magenta md:focus:text-magenta border-current border-b border-solid break-words\" href=\"https:\/\/www.t-online.de\/themen\/villach\/\" data-sctrack=\"BodyAnchor\" target=\"_blank\" rel=\"noopener\">Villach<\/a> in <a class=\"transition-colors duration-200 cursor-pointer text-inherit no-underline text-salemsfur md:hover:text-magenta md:hover:border-magenta md:focus:text-magenta border-current border-b border-solid break-words\" href=\"https:\/\/www.t-online.de\/themen\/oesterreich\/\" data-sctrack=\"BodyAnchor\" target=\"_blank\" rel=\"noopener\">\u00d6sterreich<\/a>.<\/p>\n","protected":false},"excerpt":{"rendered":"Historisches Viertel geehrt Diese Bremer Stra\u00dfe z\u00e4hlt zu den sch\u00f6nsten in Deutschland 07.09.2025 &#8211; 17:03 UhrLesedauer: 1 Min.&hellip;\n","protected":false},"author":2,"featured_media":405451,"comment_status":"","ping_status":"","sticky":false,"template":"","format":"standard","meta":{"footnotes":""},"categories":[1824],"tags":[522,1741,2420,15211,3364,29,217,2051,30,17316,107496],"class_list":{"0":"post-405450","1":"post","2":"type-post","3":"status-publish","4":"format-standard","5":"has-post-thumbnail","7":"category-bremen","8":"tag-522","9":"tag-bonn","10":"tag-bremen","11":"tag-bremer-strasse","12":"tag-de","13":"tag-deutschland","14":"tag-dortmund","15":"tag-frankfurt-am-main","16":"tag-germany","17":"tag-roemerberg","18":"tag-schnoorviertel"},"share_on_mastodon":{"url":"https:\/\/pubeurope.com\/@de\/115166384306435666","error":""},"_links":{"self":[{"href":"https:\/\/www.europesays.com\/de\/wp-json\/wp\/v2\/posts\/405450","targetHints":{"allow":["GET"]}}],"collection":[{"href":"https:\/\/www.europesays.com\/de\/wp-json\/wp\/v2\/posts"}],"about":[{"href":"https:\/\/www.europesays.com\/de\/wp-json\/wp\/v2\/types\/post"}],"author":[{"embeddable":true,"href":"https:\/\/www.europesays.com\/de\/wp-json\/wp\/v2\/users\/2"}],"replies":[{"embeddable":true,"href":"https:\/\/www.europesays.com\/de\/wp-json\/wp\/v2\/comments?post=405450"}],"version-history":[{"count":0,"href":"https:\/\/www.europesays.com\/de\/wp-json\/wp\/v2\/posts\/405450\/revisions"}],"wp:featuredmedia":[{"embeddable":true,"href":"https:\/\/www.europesays.com\/de\/wp-json\/wp\/v2\/media\/405451"}],"wp:attachment":[{"href":"https:\/\/www.europesays.com\/de\/wp-json\/wp\/v2\/media?parent=405450"}],"wp:term":[{"taxonomy":"category","embeddable":true,"href":"https:\/\/www.europesays.com\/de\/wp-json\/wp\/v2\/categories?post=405450"},{"taxonomy":"post_tag","embeddable":true,"href":"https:\/\/www.europesays.com\/de\/wp-json\/wp\/v2\/tags?post=405450"}],"curies":[{"name":"wp","href":"https:\/\/api.w.org\/{rel}","templated":true}]}}