{"id":405494,"date":"2025-09-08T03:09:14","date_gmt":"2025-09-08T03:09:14","guid":{"rendered":"https:\/\/www.europesays.com\/de\/405494\/"},"modified":"2025-09-08T03:09:14","modified_gmt":"2025-09-08T03:09:14","slug":"eishockey-del-eroeffnung-dresden-fans-stuermen-berlin-sport","status":"publish","type":"post","link":"https:\/\/www.europesays.com\/de\/405494\/","title":{"rendered":"Eishockey: DEL-Er\u00f6ffnung! Dresden-Fans st\u00fcrmen Berlin | Sport"},"content":{"rendered":"<p><b>Knaller-Auftakt und Fan-Invasion in der Hauptstadt! Dienstagabend (19:30 Uhr) startet die Deutsche Eishockey-Liga mit dem Er\u00f6ffnungskracher Eisb\u00e4ren Berlin gegen Dresdner Eisl\u00f6wen in die neue Saison. Die Ausma\u00dfe sind f\u00fcr die Sportart diesmal legend\u00e4r&#8230;<\/b><\/p>\n<p>Die Sachsen geben als 34. Klub der DEL-Geschichte ihr Deb\u00fct in der h\u00f6chsten Spielklasse. So kommt es seit 1996 und dem R\u00fcckzug der Lausitzer F\u00fcchse erstmals nach 29 Jahren wieder zu einem Ostderby in der 1. Liga. Die Stimmung ist daher bereits im Vorfeld elektrisierend.<\/p>\n<p><b>Weil die Euphorie in Dresden keine Grenzen kennt, kommt es zu einem echten G\u00e4ste-Wahnsinn!<\/b><\/p>\n<p><img decoding=\"async\" width=\"992\" height=\"645\" alt=\"In der Uber-Arena in Berlin wird Dienstag eine knisternde Stimmung zum Er\u00f6ffnungskracher der DEL erwartet.\" src=\"https:\/\/www.europesays.com\/de\/wp-content\/uploads\/2025\/09\/2744877afd875dcd86ab29be3bd58369,49455ab9\"   class=\"dynamic\" loading=\"lazy\"\/><\/p>\n<p class=\"fig__caption__text\">In der Uber-Arena in Berlin wird Dienstag eine knisternde Stimmung zum Er\u00f6ffnungskracher der DEL erwartet.<\/p>\n<p>Foto: picture alliance \/ nordphoto GmbH<\/p>\n<p><a href=\"https:\/\/www.bild.de\/sport\/mehr-sport\/eishockey-die-kader-tricks-der-dresdner-eisloewen-fuer-den-del-angriff-66c457e18e840b14905e3ed3\" class=\"text-link\" rel=\"nofollow noopener\" target=\"_blank\">Eisl\u00f6wen<\/a>-Gesch\u00e4ftsf\u00fchrer Maik Walsdorf (37) erkl\u00e4rt: \u201eWir erwarten 3.000 bis 4.000 Fans in der Uber-Arena. Die Begleitung der Mannschaft ringsum ist unfassbar gro\u00df. Zehn oder zw\u00f6lf Busse fahren nach Berlin, es sind \u00fcber 400 Sponsoren dabei.\u201c<\/p>\n<p><b>14.000 Zuschauer haben Platz, 30.000 Tickets h\u00e4tten verkauft werden k\u00f6nnen.<\/b><\/p>\n<p>Wie kamen die Dresdner aber \u00fcberhaupt an so viele Karten, weil f\u00fcr die G\u00e4ste in der Regel deutlich kleinere Kontingente \u00fcblich sind?<\/p>\n<p>Mehr zum Thema<\/p>\n<p><b>\u201eEs war uns klar, dass die zuerst angebotene Zahl nicht ausreicht. Die Berliner haben uns dann informiert, dass sie anhand der Postleitzahlen der K\u00e4ufer erkennen konnten, dass so viele Fans aus dem Dresdner Raum kommen. Manche hatten sich sogar beim Vorverkauf in Berlin vor der Eisb\u00e4ren-Gesch\u00e4ftsstelle angestellt und vor Ort eingedeckt\u201c, konkretisiert Walsdorf. \u201eEs wird wirklich spektakul\u00e4r.\u201c<\/b><\/p>\n<p>Witzig: Der Zweitliga-Titeltr\u00e4ger bringt auch seinen Pokal mit in die Arena, wo sich Erstliga- und Zweitliga-Champion dann duellieren. Meister gegen Meister zum Auftakt &#8211; mehr geht kaum.<\/p>\n<p>Dresden-Coach: \u201eEs wird ein historisches Event!\u201c<\/p>\n<p><b>Eisl\u00f6wen-Trainer <\/b><a href=\"https:\/\/www.bild.de\/sport\/mehr-sport\/eishockey-meister-trainer-droht-der-del-6751c2d21960091b5e77fed4\" class=\"text-link\" rel=\"nofollow noopener\" target=\"_blank\"><b>Niklas Sundblad<\/b><\/a><b> (52), der sogar mit Ingolstadt 2014 schon <\/b><a href=\"https:\/\/sport.bild.de\/eishockey\/del\/ergebnisse\/\" target=\"_blank\" rel=\"noopener nofollow\" class=\"text-link--external text-link\"><b>DEL<\/b><\/a><b>-Sieger wurde, meint: \u201eDas ist auch das erste Mal f\u00fcr mich, weil ich nie zuvor aufgestiegen bin. Ich bin total \u00fcberrascht, diese Euphorie so zu erleben. Es ist einfach eine coole Erfahrung, toll f\u00fcrs ostdeutsche Eishockey und eine ganz spezielle Welt gerade.\u201c<\/b><\/p>\n<p><img decoding=\"async\" width=\"992\" height=\"558\" alt=\"Niklas Sundblad brachte die Dresdner Eisl\u00f6wen erstmals in die DEL, feiert hier mit dem Zweitliga-Pokal.\" src=\"https:\/\/www.europesays.com\/de\/wp-content\/uploads\/2025\/09\/504a31724f530979fbf755641f7647ed,99668b5e\"   class=\"landscape\" loading=\"lazy\"\/><\/p>\n<p class=\"fig__caption__text\">Niklas Sundblad brachte die Dresdner Eisl\u00f6wen erstmals in die DEL, feiert hier mit dem Zweitliga-Pokal.<\/p>\n<p>Foto: Robert Michael\/dpa<\/p>\n<p><b>Darum verordnet der Schwede seinen Profis auch, das Highlight bei den <\/b><a href=\"https:\/\/www.bild.de\/themen\/organisationen\/eisbaeren-berlin\/sport-nachrichten-news-fotos-videos-19820194.bild.html\" class=\"text-link\" rel=\"nofollow noopener\" target=\"_blank\"><b>Eisb\u00e4ren Berlin<\/b><\/a><b> aufzusaugen. Sundblad: \u201eF\u00fcr das <\/b><a href=\"https:\/\/www.bild.de\/sport\/mehr-sport\/eishockey-warum-dresdens-aufstieg-eine-politische-dimension-hat-681209ef12ee6b68d1b7952e\" class=\"text-link\" rel=\"nofollow noopener\" target=\"_blank\"><b>Dresdner Eishockey<\/b><\/a><b> ist es ein historisches Event. Nat\u00fcrlich wollen wir unbedingt Punkte holen, aber meine Spieler sollen die Atmosph\u00e4re auch genie\u00dfen!\u201c<\/b><\/p>\n<p>Weil der DDR-F\u00fchrung der Sport aufgrund des notwendigen Imports der Ausr\u00fcstung wie Schl\u00e4ger oder Helmen fr\u00fcher zu teuer war, wurde Eishockey nicht mehr gef\u00f6rdert. Nur Berlin und Wei\u00dfwasser (sp\u00e4terer Nachfolgerverein: Lausitzer F\u00fcchse) durften noch professionell spielen. <\/p>\n<p><b>In Dresden wurde daher erst nach der Wende alles aufgebaut. Es ist der erste Ostklub, der sich nach der Wiedervereinigung aus den Niederungen bis ganz nach oben k\u00e4mpfte. Und das soll am Dienstag gefeiert werden&#8230;<\/b><\/p>\n","protected":false},"excerpt":{"rendered":"Knaller-Auftakt und Fan-Invasion in der Hauptstadt! Dienstagabend (19:30 Uhr) startet die Deutsche Eishockey-Liga mit dem Er\u00f6ffnungskracher Eisb\u00e4ren Berlin&hellip;\n","protected":false},"author":2,"featured_media":405495,"comment_status":"","ping_status":"","sticky":false,"template":"","format":"standard","meta":{"footnotes":""},"categories":[1825],"tags":[296,2097,5098,29196,29,2386,6216,2098,2100,912,1002,30,3460,45],"class_list":{"0":"post-405494","1":"post","2":"type-post","3":"status-publish","4":"format-standard","5":"has-post-thumbnail","7":"category-berlin","8":"tag-berlin","9":"tag-del","10":"tag-derby","11":"tag-deutscher-meister","12":"tag-deutschland","13":"tag-dresden","14":"tag-dresdner-eisloewen","15":"tag-eisbaeren-berlin","16":"tag-eishockey","17":"tag-eroeffnung","18":"tag-fans","19":"tag-germany","20":"tag-sport-leuchtturm-leipzig","21":"tag-texttospeech"},"share_on_mastodon":{"url":"https:\/\/pubeurope.com\/@de\/115166482648505644","error":""},"_links":{"self":[{"href":"https:\/\/www.europesays.com\/de\/wp-json\/wp\/v2\/posts\/405494","targetHints":{"allow":["GET"]}}],"collection":[{"href":"https:\/\/www.europesays.com\/de\/wp-json\/wp\/v2\/posts"}],"about":[{"href":"https:\/\/www.europesays.com\/de\/wp-json\/wp\/v2\/types\/post"}],"author":[{"embeddable":true,"href":"https:\/\/www.europesays.com\/de\/wp-json\/wp\/v2\/users\/2"}],"replies":[{"embeddable":true,"href":"https:\/\/www.europesays.com\/de\/wp-json\/wp\/v2\/comments?post=405494"}],"version-history":[{"count":0,"href":"https:\/\/www.europesays.com\/de\/wp-json\/wp\/v2\/posts\/405494\/revisions"}],"wp:featuredmedia":[{"embeddable":true,"href":"https:\/\/www.europesays.com\/de\/wp-json\/wp\/v2\/media\/405495"}],"wp:attachment":[{"href":"https:\/\/www.europesays.com\/de\/wp-json\/wp\/v2\/media?parent=405494"}],"wp:term":[{"taxonomy":"category","embeddable":true,"href":"https:\/\/www.europesays.com\/de\/wp-json\/wp\/v2\/categories?post=405494"},{"taxonomy":"post_tag","embeddable":true,"href":"https:\/\/www.europesays.com\/de\/wp-json\/wp\/v2\/tags?post=405494"}],"curies":[{"name":"wp","href":"https:\/\/api.w.org\/{rel}","templated":true}]}}