{"id":405858,"date":"2025-09-08T06:49:12","date_gmt":"2025-09-08T06:49:12","guid":{"rendered":"https:\/\/www.europesays.com\/de\/405858\/"},"modified":"2025-09-08T06:49:12","modified_gmt":"2025-09-08T06:49:12","slug":"center-point-wird-abgerissen-radio-oberhausen","status":"publish","type":"post","link":"https:\/\/www.europesays.com\/de\/405858\/","title":{"rendered":"Center Point wird abgerissen &#8211; Radio Oberhausen"},"content":{"rendered":"<p class=\"small date article__date\">Ver\u00f6ffentlicht:\u00a0Montag, 08.09.2025 08:18<\/p>\n<p>Der Anblick der Bahnhofstra\u00dfe in Sterkrade wird sich deutlich ver\u00e4ndern. Die Stadt hat den Center-Point gekauft und wird das Geb\u00e4ude abrei\u00dfen lassen. Das hat eine Sprecherin im Rathaus angek\u00fcndigt. Die Politiker im Rat hatten f\u00fcr den Kauf und Abriss im Mai einstimmig den Weg frei gemacht. Das auff\u00e4llige Geb\u00e4ude an der Kreuzung von Bahnhofstra\u00dfe und Steinbrinkstra\u00dfe kommt weg, damit die Fu\u00dfg\u00e4ngerzone wie geplant umgebaut werden kann.\u00a0Die Arbeiten starten demnach im Fr\u00fchjahr.<\/p>\n<p><img decoding=\"async\" alt=\"\" src=\"https:\/\/www.europesays.com\/de\/wp-content\/uploads\/2025\/09\/2j2a5723.jpg&#038;crop=0x61x1474x921&#038;resize=1280x799&#038;dt=202509080825490.jpeg\" data-size=\"1280x799\"\/>\u00a9 FUNKE Foto Services &#8211; Thomas G\u00f6dde<\/p>\n","protected":false},"excerpt":{"rendered":"Ver\u00f6ffentlicht:\u00a0Montag, 08.09.2025 08:18 Der Anblick der Bahnhofstra\u00dfe in Sterkrade wird sich deutlich ver\u00e4ndern. Die Stadt hat den Center-Point&hellip;\n","protected":false},"author":2,"featured_media":405859,"comment_status":"","ping_status":"","sticky":false,"template":"","format":"standard","meta":{"footnotes":""},"categories":[1838],"tags":[12985,107585,17971,8546,22422,3364,29,3715,30,1209,8926],"class_list":{"0":"post-405858","1":"post","2":"type-post","3":"status-publish","4":"format-standard","5":"has-post-thumbnail","7":"category-duisburg","8":"tag-neugestaltung","9":"tag-center-point","10":"tag-sterkrade","11":"tag-abriss","12":"tag-bahnhofstrae","13":"tag-de","14":"tag-deutschland","15":"tag-duisburg","16":"tag-germany","17":"tag-nordrhein-westfalen","18":"tag-stadtentwicklung"},"share_on_mastodon":{"url":"https:\/\/pubeurope.com\/@de\/115167347712200817","error":""},"_links":{"self":[{"href":"https:\/\/www.europesays.com\/de\/wp-json\/wp\/v2\/posts\/405858","targetHints":{"allow":["GET"]}}],"collection":[{"href":"https:\/\/www.europesays.com\/de\/wp-json\/wp\/v2\/posts"}],"about":[{"href":"https:\/\/www.europesays.com\/de\/wp-json\/wp\/v2\/types\/post"}],"author":[{"embeddable":true,"href":"https:\/\/www.europesays.com\/de\/wp-json\/wp\/v2\/users\/2"}],"replies":[{"embeddable":true,"href":"https:\/\/www.europesays.com\/de\/wp-json\/wp\/v2\/comments?post=405858"}],"version-history":[{"count":0,"href":"https:\/\/www.europesays.com\/de\/wp-json\/wp\/v2\/posts\/405858\/revisions"}],"wp:featuredmedia":[{"embeddable":true,"href":"https:\/\/www.europesays.com\/de\/wp-json\/wp\/v2\/media\/405859"}],"wp:attachment":[{"href":"https:\/\/www.europesays.com\/de\/wp-json\/wp\/v2\/media?parent=405858"}],"wp:term":[{"taxonomy":"category","embeddable":true,"href":"https:\/\/www.europesays.com\/de\/wp-json\/wp\/v2\/categories?post=405858"},{"taxonomy":"post_tag","embeddable":true,"href":"https:\/\/www.europesays.com\/de\/wp-json\/wp\/v2\/tags?post=405858"}],"curies":[{"name":"wp","href":"https:\/\/api.w.org\/{rel}","templated":true}]}}