{"id":40586,"date":"2025-04-18T02:41:10","date_gmt":"2025-04-18T02:41:10","guid":{"rendered":"https:\/\/www.europesays.com\/de\/40586\/"},"modified":"2025-04-18T02:41:10","modified_gmt":"2025-04-18T02:41:10","slug":"berlin-brandenburg-ferienwohnungsmarkt-in-berlin-bleibt-undurchsichtig","status":"publish","type":"post","link":"https:\/\/www.europesays.com\/de\/40586\/","title":{"rendered":"Berlin &#038; Brandenburg: Ferienwohnungsmarkt in Berlin bleibt undurchsichtig"},"content":{"rendered":"<p>                    Berlin &amp; Brandenburg<br \/>\n                Ferienwohnungsmarkt in Berlin bleibt undurchsichtig<\/p>\n<p>\t\t\t\t              18.04.2025, 04:04 Uhr<\/p>\n<p><strong>Wie viele Ferienwohnungen es in Berlin gibt, wei\u00df niemand so genau. Schon gar nicht, wie viele davon nicht angemeldet sind. Das k\u00f6nnte in Zukunft anders werden &#8211; aber nicht mehr in diesem Jahr.<\/strong><\/p>\n<p>Berlin (dpa\/bb) &#8211; Gegen illegale Ferienwohnungen vorzugehen, bleibt in Berlin schwierig. &#8222;Richtig ist, dass wir im Fr\u00fchjahr 2026 eine Softwarel\u00f6sung bekommen, die EU-weit gelten wird und andere M\u00f6glichkeiten bietet, Plattformbetreiber besser zu kontrollieren&#8220;, sagte Stadtentwicklungssenator Christian Gaebler (SPD) der Deutschen Presse-Agentur.<\/p>\n<p>&#8222;Die Plattformanbieter m\u00fcssen dann ihre Daten digital zur Verf\u00fcgung stellen, und die Aufsichtsbeh\u00f6rden haben die M\u00f6glichkeit, das online abzufragen.&#8220; So lasse sich sehen, wo es eine Ferienwohnung von welchem Anbieter gibt.<\/p>\n<p>&#8222;Deshalb macht es auch wenig Sinn, vorher noch selbst irgendwelche L\u00f6sungen zu entwickeln&#8220;, sagte Gaebler. &#8222;Wir gucken nat\u00fcrlich, dass man sich gut darauf vorbereitet und dass das dann auch in den zust\u00e4ndigen Bezirken z\u00fcgig umgesetzt wird.&#8220;<\/p>\n<p>Doch bis die Software zur Verf\u00fcgung steht, bleibt es f\u00fcr die Bezirke m\u00fchevolle Puzzlearbeit herauszufinden, wo Ferienwohnungen illegal angeboten werden. \u00a0<\/p>\n<p>Harte Daten zu Ferienwohnungen in Berlin fehlen<\/p>\n<p>Die &#8222;Zweckentfremdung von Wohnraum&#8220; ist in Berlin seit Mai 2014 gesetzlich verboten. Seitdem haben die Bezirks\u00e4mter rund 4.500 Registriernummern f\u00fcr Ferienwohnungen vergeben, wie eine schriftliche Anfrage des Abgeordneten Alexander Kind an den Senat Ende Januar ergeben hat.\u00a0<\/p>\n<p>Angesichts der Angebote auf den entsprechenden Plattformen, auf denen Ferienwohnungen gemietet werden k\u00f6nnen, d\u00fcrfte die tats\u00e4chliche Zahl allerdings deutlich h\u00f6her liegen. &#8222;Bei der Diskussion dar\u00fcber, wie viele Wohnungen dem Markt wirklich verloren gehen, stochert man ein bisschen im Nebel \u2013 einfach, weil man die Dunkelziffer nicht genau benennen kann&#8220;, r\u00e4umte Gaebler ein.\u00a0<\/p>\n<p>&#8222;Mein Eindruck ist, dass die Zahl der illegalen Ferienwohnungen jedenfalls nicht massiv gestiegen ist.&#8220; Der Blick auf andere St\u00e4dte wie Prag oder Barcelona zeige aber, dass es ein Problem gebe. &#8222;Allein wegen der Ballung in bestimmten Gebieten&#8220;, so der SPD-Politiker. &#8222;In Berlin scheint es nicht ganz so extrem zu sein.&#8220;<\/p>\n<p>Rechnungshof sieht Handlungsbedarf<\/p>\n<p>Der Landesrechnungshof hatte in seinem Jahresbericht 2024 ausdr\u00fccklich kritisiert, dass die Bezirks\u00e4mter in Berlin nicht entschieden genug gegen illegale Ferienwohnungen vorgingen. &#8222;Hinweisen aus der Bev\u00f6lkerung wurde nicht konsequent nachgegangen und Ordnungswidrigkeiten wurden nicht konsequent verfolgt&#8220;, monierte er. &#8222;Die Bezirks\u00e4mter haben auch nicht nachverfolgt, ob illegal genutzte Wohnungen wieder dem Wohnungsmarkt zugef\u00fchrt wurden.&#8220;<\/p>\n<p>Gaebler sieht das etwas anders: Seit Mai 2014 bis Dezember 2024 seien es insgesamt immerhin 27. 813 Wohnungen gewesen, f\u00fcr die das gelte. &#8222;Das ist schon eine Hausnummer.&#8220;<\/p>\n<p>&#8222;Insofern kann man sagen, das Zweckentfremdungsverbotsgesetz wirkt und ist erfolgreich. Und die zust\u00e4ndigen Bezirke sind bei der Kontrolle auch hinterher&#8220;, so der Senator. &#8222;Ich glaube, dass wir da dranbleiben m\u00fcssen. Und mit der EU-Regelung wird es noch mal einfacher, den Druck hochzuhalten.&#8220;<\/p>\n","protected":false},"excerpt":{"rendered":"Berlin &amp; Brandenburg Ferienwohnungsmarkt in Berlin bleibt undurchsichtig 18.04.2025, 04:04 Uhr Wie viele Ferienwohnungen es in Berlin gibt,&hellip;\n","protected":false},"author":2,"featured_media":40587,"comment_status":"","ping_status":"","sticky":false,"template":"","format":"standard","meta":{"footnotes":"","_share_on_mastodon":"0"},"categories":[1816],"tags":[1960,1958,1959,1957,296,1956,1890,29,20905,30],"class_list":["post-40586","post","type-post","status-publish","format-standard","has-post-thumbnail","category-brandenburg","tag-aktuelle-nachrichten-aus-berlin-und-brandenburg","tag-aktuelle-nachrichten-aus-brandenburg","tag-aktuelle-news-aus-berlin-und-brandenburg","tag-aktuelle-news-aus-brandenburg","tag-berlin","tag-berlin-und-brandenburg","tag-brandenburg","tag-deutschland","tag-ferienwohnungsmarkt","tag-germany"],"share_on_mastodon":{"url":"https:\/\/pubeurope.com\/@de\/114356662561708306","error":""},"_links":{"self":[{"href":"https:\/\/www.europesays.com\/de\/wp-json\/wp\/v2\/posts\/40586","targetHints":{"allow":["GET"]}}],"collection":[{"href":"https:\/\/www.europesays.com\/de\/wp-json\/wp\/v2\/posts"}],"about":[{"href":"https:\/\/www.europesays.com\/de\/wp-json\/wp\/v2\/types\/post"}],"author":[{"embeddable":true,"href":"https:\/\/www.europesays.com\/de\/wp-json\/wp\/v2\/users\/2"}],"replies":[{"embeddable":true,"href":"https:\/\/www.europesays.com\/de\/wp-json\/wp\/v2\/comments?post=40586"}],"version-history":[{"count":0,"href":"https:\/\/www.europesays.com\/de\/wp-json\/wp\/v2\/posts\/40586\/revisions"}],"wp:featuredmedia":[{"embeddable":true,"href":"https:\/\/www.europesays.com\/de\/wp-json\/wp\/v2\/media\/40587"}],"wp:attachment":[{"href":"https:\/\/www.europesays.com\/de\/wp-json\/wp\/v2\/media?parent=40586"}],"wp:term":[{"taxonomy":"category","embeddable":true,"href":"https:\/\/www.europesays.com\/de\/wp-json\/wp\/v2\/categories?post=40586"},{"taxonomy":"post_tag","embeddable":true,"href":"https:\/\/www.europesays.com\/de\/wp-json\/wp\/v2\/tags?post=40586"}],"curies":[{"name":"wp","href":"https:\/\/api.w.org\/{rel}","templated":true}]}}