{"id":405882,"date":"2025-09-08T07:02:13","date_gmt":"2025-09-08T07:02:13","guid":{"rendered":"https:\/\/www.europesays.com\/de\/405882\/"},"modified":"2025-09-08T07:02:13","modified_gmt":"2025-09-08T07:02:13","slug":"vhs-dortmund-startet-ins-herbstprogramm","status":"publish","type":"post","link":"https:\/\/www.europesays.com\/de\/405882\/","title":{"rendered":"VHS Dortmund startet ins Herbstprogramm"},"content":{"rendered":"<p>    <a href=\"https:\/\/www.ruhrnachrichten.de\/wp-content\/uploads\/2025\/09\/08\/06\/630_0900_5012123_Titelbild_vhs-1622x824.jpg\" target=\"_blank\" rel=\"noopener\"><\/p>\n<p>            <img loading=\"lazy\" decoding=\"async\" src=\"https:\/\/www.europesays.com\/de\/wp-content\/uploads\/2025\/09\/630_0900_5012122_Titelbild_vhs-640x428.jpg\" width=\"640\" height=\"428\"  alt=\"Das Bild zeigt eine Illustration f\u00fcr die VHS Dortmund, die einen Programmstart, einen Probier-Dich-Aus-Tag und kostenfreie Orientierungsstunden bewirbt. Im Vordergrund ist ein gr\u00fcner Knopf mit der Aufschrift \u201eSTART\u201c und ein Mauszeiger zu sehen, hinter dem sich eine Gruppe von Personen unterschiedlicher Herkunft und Interessen befindet.\"\/><\/p>\n<p>    <\/a><br \/>\n    Der September naht und mit ihm die Gelegenheit, neue Horizonte zu erkunden. Die VHS Dortmund startet nach den Sommerferien mit neuen und zahlreichen Angeboten. \u00a9 vhs Dortmund<\/p>\n<p class=\"article__teaser-text\">Der September naht und mit ihm die Gelegenheit, neue Horizonte zu erkunden. Die VHS Dortmund startet nach den Sommerferien mit neuen und zahlreichen Angeboten.<\/p>\n<p>2 Min Lesezeit<\/p>\n<p>Am siebten September beim Probier-Dich-Aus-Tag im Haus Rodenberg in Dortmund-Aplerbeck von 12:00 bis 16:00 Uhr kann ein Einblick in verschiedene Sprachen und Gesundheitstechniken gewonnen werden. Sprachkompetenz ist in der heutigen globalisierten Welt von gro\u00dfer Bedeutung. Es werden Veranstaltungen in Englisch, Spanisch, Franz\u00f6sisch, Italienisch, Griechisch, T\u00fcrkisch, Chinesisch und vielen anderen Sprachen angeboten. An diesem Tag haben Interessierte die M\u00f6glichkeit, an kostenfreien Orientierungsstunden teilzunehmen. Diese sind darauf ausgelegt, einen ersten Eindruck in die Sprache zu vermitteln und die ersten kommunikativen F\u00e4higkeiten n\u00e4herzubringen.<\/p>\n<p> Alle Interessierten sind herzlich eingeladen. Eine vorherige Anmeldung ist nicht erforderlich.<\/p>\n<p><img decoding=\"async\" width=\"1024\" height=\"682\" loading=\"lazy\" src=\"https:\/\/www.europesays.com\/de\/wp-content\/uploads\/2025\/09\/630_0900_5012125_Advertorial_September_2025_Haus_Rodenbe-1024x682.jpg\" alt=\"Das Bild zeigt ein wei\u00dfes, mehrst\u00f6ckiges Geb\u00e4ude mit roten D\u00e4chern, das von Wasser umgeben ist. Die Architektur weist Elemente von Fachwerk und einem Turm mit einer Kuppel auf.\" class=\"wp-image-2001799305\" title=\"Das Bild zeigt ein wei\u00dfes, mehrst\u00f6ckiges Geb\u00e4ude mit roten D\u00e4chern, das von Wasser umgeben ist. Die Architektur weist Elemente von Fachwerk und einem Turm mit einer Kuppel auf.\"  \/>Am 07.09.2025 findet der Probier-Dich-Aus-Tag der vhs.Dortmund Haus Rodenberg in Aplerbeck statt.\u00a9 vhs Dortmund<\/p>\n<p>Bereits vorher werden innerhalb einer Orientierungswoche, ab dem dritten September, zahlreiche Veranstaltungen einmalig kostenfreien angeboten. Innerhalb dieser Zeit k\u00f6nnen Interessierte Gesundheitskurse ausprobieren, um die richtige Entspannungstechnik, Yoga- oder Fitness-Art zu finden. Diese Veranstaltungen bed\u00fcrfen aufgrund von Raumkapazit\u00e4ten einer Anmeldung, sind aber ebenfalls kostenfreien.<\/p>\n<p>Neue Kurse starten im September<\/p>\n<p>Im September starten die <a target=\"_blank\" href=\"https:\/\/www.vhs.dortmund.de\" rel=\"sponsored noopener\">neuen Kurse, Vortr\u00e4ge und Workshops<\/a> in den Bereichen Sprachen, IT, Natur, Politik, Geschichte, Kreativit\u00e4t oder Gesundheit \u2013 f\u00fcr jede*n ist etwas dabei. <\/p>\n<p>Interessierte haben die M\u00f6glichkeit, an historischen Exkursionen, Vortr\u00e4gen und Workshops teilzunehmen, die tiefe Einblicke in bedeutende Epochen der Menschheitsgeschichte geben. Sie k\u00f6nnen sich kreativ ausprobieren und ihre k\u00fcnstlerischen F\u00e4higkeiten entfalten \u2013 ob in Malerei, Holzbearbeitung, Textilgestaltung oder Fotografie. In einer stressgepr\u00e4gten Welt ist es wichtig, auf sein Wohlbefinden zu achten, weshalb Veranstaltungen zu Themen wie Stressmanagement, Ern\u00e4hrung, Fitness und mentaler Gesundheit immer zahlreicher angeboten werden.<\/p>\n<p>In Zeiten des digitalen Wandels ist es unerl\u00e4sslich, \u00fcber <a target=\"_blank\" href=\"https:\/\/www.vhs.dortmund.de\" rel=\"sponsored noopener\">grundlegende IT-Kenntnisse<\/a> zu verf\u00fcgen. Die VHS bietet Veranstaltungen an, die von Grundkursen in der Computeranwendung bis hin zu spezialisierten Workshops in Programmierung oder Erstellung einer eigenen Website reichen.<\/p>\n<p>Natur &amp; Politik im Fokus<\/p>\n<p>F\u00fcr alle, die sich f\u00fcr die Wunder der Natur begeistern, wird eine Vielzahl von Veranstaltungen wie einer Pilzexkursion, nachhaltigem Anbau, nachhaltigen Modernisierungsm\u00f6glichkeiten rund ums Eigenheim oder ein Naturforscher-, Tierfreunde- und Artenkenntnispass f\u00fcr Kinder angeboten.<\/p>\n<p>Die politische Bildung ist ein entscheidender Faktor in einer demokratischen Gesellschaft und in der heutigen Zeit von immenser Bedeutung. <a target=\"_blank\" href=\"https:\/\/www.vhs.dortmund.de\" rel=\"sponsored noopener\">Veranstaltungen zur Demokratie<\/a>, gegen Stammtisch-Parolen oder f\u00fcr eine gendersensible Sprache finden im September statt.<\/p>\n<p>Weitere Informationen sind auf der Internetseite der VHS Dortmund unter <a target=\"_blank\" href=\"https:\/\/www.vhs.dortmund.de\" rel=\"sponsored noopener\">www.vhs.dortmund.de<\/a> zu finden.<\/p>\n","protected":false},"excerpt":{"rendered":"Der September naht und mit ihm die Gelegenheit, neue Horizonte zu erkunden. Die VHS Dortmund startet nach den&hellip;\n","protected":false},"author":2,"featured_media":405883,"comment_status":"","ping_status":"","sticky":false,"template":"","format":"standard","meta":{"footnotes":""},"categories":[1833],"tags":[7237,752,3364,29,217,30,1209],"class_list":{"0":"post-405882","1":"post","2":"type-post","3":"status-publish","4":"format-standard","5":"has-post-thumbnail","7":"category-dortmund","8":"tag-anzeige","9":"tag-bildung","10":"tag-de","11":"tag-deutschland","12":"tag-dortmund","13":"tag-germany","14":"tag-nordrhein-westfalen"},"share_on_mastodon":{"url":"https:\/\/pubeurope.com\/@de\/115167398761059323","error":""},"_links":{"self":[{"href":"https:\/\/www.europesays.com\/de\/wp-json\/wp\/v2\/posts\/405882","targetHints":{"allow":["GET"]}}],"collection":[{"href":"https:\/\/www.europesays.com\/de\/wp-json\/wp\/v2\/posts"}],"about":[{"href":"https:\/\/www.europesays.com\/de\/wp-json\/wp\/v2\/types\/post"}],"author":[{"embeddable":true,"href":"https:\/\/www.europesays.com\/de\/wp-json\/wp\/v2\/users\/2"}],"replies":[{"embeddable":true,"href":"https:\/\/www.europesays.com\/de\/wp-json\/wp\/v2\/comments?post=405882"}],"version-history":[{"count":0,"href":"https:\/\/www.europesays.com\/de\/wp-json\/wp\/v2\/posts\/405882\/revisions"}],"wp:featuredmedia":[{"embeddable":true,"href":"https:\/\/www.europesays.com\/de\/wp-json\/wp\/v2\/media\/405883"}],"wp:attachment":[{"href":"https:\/\/www.europesays.com\/de\/wp-json\/wp\/v2\/media?parent=405882"}],"wp:term":[{"taxonomy":"category","embeddable":true,"href":"https:\/\/www.europesays.com\/de\/wp-json\/wp\/v2\/categories?post=405882"},{"taxonomy":"post_tag","embeddable":true,"href":"https:\/\/www.europesays.com\/de\/wp-json\/wp\/v2\/tags?post=405882"}],"curies":[{"name":"wp","href":"https:\/\/api.w.org\/{rel}","templated":true}]}}