{"id":406021,"date":"2025-09-08T08:19:27","date_gmt":"2025-09-08T08:19:27","guid":{"rendered":"https:\/\/www.europesays.com\/de\/406021\/"},"modified":"2025-09-08T08:19:27","modified_gmt":"2025-09-08T08:19:27","slug":"service-de-c-1995-2025-ruhr-concept-kg-das-presseportal-fuer-die-erfolgreiche-pressearbeit-von-staedten-kreisen-verbaenden-verlagen-parteien-unternehmen-medienbueros-hotelketten-etc-45","status":"publish","type":"post","link":"https:\/\/www.europesays.com\/de\/406021\/","title":{"rendered":"service.de &#8211; (c) 1995-2025 ruhr-concept KG, das Presseportal f\u00fcr die erfolgreiche Pressearbeit von St\u00e4dten, Kreisen, Verb\u00e4nden, Verlagen, Parteien, Unternehmen, Medienb\u00fcros, Hotelketten etc."},"content":{"rendered":"<p>            &#13;<br \/>\n                Alle Meldungen:<\/p>\n<p>  &#13;<br \/>\n08.09.2025 &#8211; <a href=\"https:\/\/www.presse-service.de\/public\/Default.aspx?p=77\" rel=\"nofollow noopener\" target=\"_blank\">Stadt M\u00fcnster<\/a>&#13;<\/p>\n<p>  &#13;<br \/>\nF\u00fchrungen im Zwinger und zum \u201eThemenraum Kolonialismus\u201c, ein Zeichenkurs und die Rolling Stones im Schaufenster Stadtgeschichte&#13;<br \/>\nProgramm des Stadtmuseums&#13;<\/p>\n<p class=\"ins_r\">&#13;<br \/>\n      <img decoding=\"async\" class=\"news_list_single_image\" src=\"https:\/\/www.presse-service.de\/data.aspx\/medien\/304683V.jpg?cache=1\" alt=\"\u00a9 Stadtmuseum M\u00fcnster\"\/>&#13;<br \/>\n\u00d6ffentliche F\u00fchrung: Themenraum Kolonialismus&#13;<br \/>\n&#13;<br \/>\nM\u00fcnster (SMS) Am Samstag, 13. September, bietet das Stadtmuseum M\u00fcnster um 16 Uhr eine \u00f6ffentliche F\u00fchrung durch den &#8222;Themenraum Kolonialismus&#8220; an. Die Pr\u00e4sentation l\u00e4dt alle Besucherinnen und Besucher ein, sich intensiv mit der Geschichte und den Auswirkungen des deutschen Kolonialismus in M\u00fcnster auseinanderzusetzen. Zwischen 1884 und 1918 besa\u00df Deutschland Kolonien in Afrika, dem pazifischen Raum und China. Viele Menschen in M\u00fcnster profitierten von der Unterdr\u00fcckung und Ausbeutung. Der&#8230;&#13;\n  <\/p>\n<p> &#13;<br \/>\n      <a href=\"https:\/\/www.presse-service.de\/public\/Single.aspx?iid=1196453\" rel=\"nofollow noopener\" target=\"_blank\">mehr lesen&#8230;<\/a>  <\/p>\n<p>  &#13;<br \/>\n08.09.2025 &#8211; <a href=\"https:\/\/www.presse-service.de\/public\/Default.aspx?p=1377\" rel=\"nofollow noopener\" target=\"_blank\">M\u00e4rkischer Kreis<\/a>&#13;<\/p>\n<p>  &#13;<br \/>\n50 Jahre MK: MJO-Konzerte und Vortrag begeistern Hunderte Zuschauer in der Balver H\u00f6hle&#13;<\/p>\n<p class=\"ins_r\">&#13;<br \/>\n      <img decoding=\"async\" class=\"news_list_single_image\" src=\"https:\/\/www.presse-service.de\/data.aspx\/medien\/305603V.jpg?cache=1\" alt=\"\u00a9 \"\/>&#13;<br \/>\nG\u00e4nsehautatmosph\u00e4re in Balve: F\u00fcr das M\u00e4rkische Jugendsinfonieorchester ist ein gro\u00dfer Wunsch in Erf\u00fcllung gegangen. Zum 50. Geburtstag des M\u00e4rkischen Kreises begeisterte das Ensemble um Dirigent Thomas Grote viele Hundert Zuschauer an zwei Tagen in der Balver H\u00f6hle.&#13;\n  <\/p>\n<p> &#13;<br \/>\n      <a href=\"https:\/\/www.presse-service.de\/public\/Single.aspx?iid=1196486\" rel=\"nofollow noopener\" target=\"_blank\">mehr lesen&#8230;<\/a>  <\/p>\n<p>  &#13;<br \/>\n08.09.2025 &#8211; <a href=\"https:\/\/www.presse-service.de\/public\/Default.aspx?p=1570\" rel=\"nofollow noopener\" target=\"_blank\">Stadt Ahaus<\/a>&#13;<\/p>\n<p>  &#13;<br \/>\nBundesweiter \u201eWarntag\u201c am 11. September 2025: Auch im Kreis Borken heulen dann wieder die Sirenen&#13;<br \/>\nEinsprechm\u00f6glichkeit der Kreisleitstelle bei RADIO WMW ebenfalls im Test&#13;<\/p>\n<p class=\"ins_r\">&#13;<br \/>\n      <img decoding=\"async\" class=\"news_list_single_image\" src=\"https:\/\/www.presse-service.de\/data.aspx\/medien\/206097V.jpg?cache=1\" alt=\"\u00a9 Stadt Ahaus\"\/>&#13;<br \/>\n&#13;<br \/>\nEine Mitteilung des Kreises Borken:&#13;<br \/>\n&#13;<br \/>\nAm Donnerstag, 11. September 2025, heulen in ganz Deutschland um 11 Uhr die Sirenen. Darauf weist jetzt der Kreis Borken hin. Grund daf\u00fcr ist der bundesweite Warntag des Bundesamtes f\u00fcr Bev\u00f6lkerungsschutz und Katastrophenhilfe (BBK). Dadurch soll das Thema &#8222;Warnung&#8220; wieder mehr in das Bewusstsein der Bev\u00f6lkerung ger\u00fcckt werden. &#8222;Es ist wichtig, dass die B\u00fcrgerinnen und B\u00fcrger im Ernstfall wissen, was die unterschiedlichen Sirenent\u00f6ne bedeuten und wie man sich dann verhalten sollte&#8220;, sagt Landrat Dr. Kai&#8230;&#13;\n  <\/p>\n<p> &#13;<br \/>\n      <a href=\"https:\/\/www.presse-service.de\/public\/Single.aspx?iid=1196057\" rel=\"nofollow noopener\" target=\"_blank\">mehr lesen&#8230;<\/a>  <\/p>\n<p>  &#13;<br \/>\n08.09.2025 &#8211; <a href=\"https:\/\/www.presse-service.de\/public\/Default.aspx?p=1546\" rel=\"nofollow noopener\" target=\"_blank\">Naturpark Schwalm-Nette<\/a>&#13;<\/p>\n<p>  &#13;<br \/>\n Naturpark Schwalm-Nette: Kr\u00e4utertour am Adolfosee&#13;<\/p>\n<p class=\"ins_r\">&#13;<br \/>\n      <img decoding=\"async\" class=\"news_list_single_image\" src=\"https:\/\/www.europesays.com\/de\/wp-content\/uploads\/2025\/04\/logo_k.jpg\" alt=\"\u00a9 \"\/>&#13;<br \/>\nEine kulinarische Wildkr\u00e4utertour steht am Sonntag, den 28. September auf dem Programm des Naturparks Schwalm-Nette. Gemeinsam mit dem Team der Wassenberger Wildkr\u00e4uterwerkstatt geht es von 11 bis 15 Uhr auf Erkundungstour zu den heimischen Wildpflanzen. Abh\u00e4ngig von der Jahreszeit gibt es wilde Salat- und W\u00fcrzkr\u00e4uter, essbare Wildbl\u00fcten, Samen, Baumbl\u00e4tter, Wildgem\u00fcse, R\u00e4ucherkr\u00e4uter, Wildfr\u00fcchte und vieles mehr zu entdecken. Eine Wildkr\u00e4uterverk\u00f6stigung rundet das Programm ab.&#13;<br \/>\nEine Anmeldung ist unter der Telefonnummer 01590-1291997 oder&#8230;&#13;\n  <\/p>\n<p> &#13;<br \/>\n      <a href=\"https:\/\/www.presse-service.de\/public\/Single.aspx?iid=1195069\" rel=\"nofollow noopener\" target=\"_blank\">mehr lesen&#8230;<\/a>  <\/p>\n<p>  &#13;<br \/>\n08.09.2025 &#8211; <a href=\"https:\/\/www.presse-service.de\/public\/Default.aspx?p=1527\" rel=\"nofollow noopener\" target=\"_blank\">Pressestelle LANDKREIS KASSEL<\/a>&#13;<\/p>\n<p>  &#13;<br \/>\nGegen das Vergessen: Einblicke in die Arolsen Archives im Haus der Demokratie&#13;<\/p>\n<p class=\"ins_r\">&#13;<br \/>\n      <img decoding=\"async\" class=\"news_list_single_image\" src=\"https:\/\/www.europesays.com\/de\/wp-content\/uploads\/2025\/05\/lk_logo.jpg\" alt=\"\u00a9 \"\/>&#13;<br \/>\nLandkreis Kassel. Am Donnerstag, 18. September 2025, von 18 bis 19.30 Uhr l\u00e4dt der Landkreis Kassel am &#8222;M\u00fchlenplatz 7 \u2013 Haus der Demokratie&#8220; in Wesertal-Gieselwerder zu einem besonderen Vortrag ein: Referentin Franziska Schubert von den Arolsen Archives gibt Einblicke in die Entstehung und Bedeutung des weltweit anerkannten Archivs \u00fcber Opfer und \u00dcberlebende des nationalsozialistischen Terrors.&#13;<br \/>\nHinter jedem Dokument und pers\u00f6nlichem Gegenstand steht ein Name, eine Familie, ein Schicksal: Die Arolsen Archives \u2013 fr\u00fcher bekannt als&#8230;&#13;\n  <\/p>\n<p> &#13;<br \/>\n      <a href=\"https:\/\/www.presse-service.de\/public\/Single.aspx?iid=1195220\" rel=\"nofollow noopener\" target=\"_blank\">mehr lesen&#8230;<\/a>  <\/p>\n<p>  &#13;<br \/>\n08.09.2025 &#8211; <a href=\"https:\/\/www.presse-service.de\/public\/Default.aspx?p=551\" rel=\"nofollow noopener\" target=\"_blank\">Kreis Soest<\/a>&#13;<\/p>\n<p>  &#13;<br \/>\nKreishaus wird zum Wahlstudio&#13;<br \/>\nKreiswahlleiter Volker Topp ruft zur Teilnahme an der Kommunalwahl auf&#13;<\/p>\n<p class=\"ins_r\">&#13;<br \/>\n      <img decoding=\"async\" class=\"news_list_single_image\" src=\"https:\/\/www.presse-service.de\/data.aspx\/medien\/305009V.jpg?cache=1\" alt=\"\u00a9 Birgit Kalle\/ Kreis Soest\"\/>&#13;<br \/>\nNach der Schlie\u00dfung der Wahllokale am Sonntag, 14. September, wird die Wallkantine im Soester Kreishaus ab 18 Uhr erneut zum Wahlstudio. Kreisdirektor Volker Topp l\u00e4dt in seiner Funktion als Kreiswahlleiter alle B\u00fcrgerinnen und B\u00fcrger ein, sich dort aktuell \u00fcber die lokalen Ergebnisse der Kommunalwahl zu informieren. Die Wahlorganisatoren beim Kreis Soest rechnen bereits gegen 18.30 Uhr mit den ersten Ergebnismeldungen aus den St\u00e4dten und Gemeinden.&#13;\n  <\/p>\n<p> &#13;<br \/>\n      <a href=\"https:\/\/www.presse-service.de\/public\/Single.aspx?iid=1195642\" rel=\"nofollow noopener\" target=\"_blank\">mehr lesen&#8230;<\/a>  <\/p>\n<p>  &#13;<br \/>\n08.09.2025 &#8211; <a href=\"https:\/\/www.presse-service.de\/public\/Default.aspx?p=551\" rel=\"nofollow noopener\" target=\"_blank\">Kreis Soest<\/a>&#13;<\/p>\n<p>  &#13;<br \/>\nSeit 40 Jahren im \u00f6ffentlichen Dienst&#13;<br \/>\nKreisdirektor und Verbandsvorsteher Volker Topp gratuliert Martina Meis aus Lippstadt&#13;<\/p>\n<p class=\"ins_r\">&#13;<br \/>\n      <img decoding=\"async\" class=\"news_list_single_image\" src=\"https:\/\/www.presse-service.de\/data.aspx\/medien\/305198V.jpg?cache=1\" alt=\"\u00a9 Barbara Auer\/ Studieninstitut f\u00fcr kommunale Verwaltung Hellweg-Sauerland\"\/>&#13;<br \/>\nKreisdirektor Volker Topp hat in seiner Funktion als Verbandsvorsteher des Studieninstituts f\u00fcr kommunale Verwaltung Hellweg-Sauerland Gl\u00fcckw\u00fcnsche zum Dienstjubil\u00e4um ausgesprochen: Gemeinsam mit Studienleiter und Gesch\u00e4ftsf\u00fchrer Thomas Baumeister gratulierte er Martina Meis mit Dank und Anerkennung zu 40 Jahren treuer Pflichterf\u00fcllung im \u00f6ffentlichen Dienst.&#13;\n  <\/p>\n<p> &#13;<br \/>\n      <a href=\"https:\/\/www.presse-service.de\/public\/Single.aspx?iid=1195920\" rel=\"nofollow noopener\" target=\"_blank\">mehr lesen&#8230;<\/a>  <\/p>\n<p>  &#13;<br \/>\n08.09.2025 &#8211; <a href=\"https:\/\/www.presse-service.de\/public\/Default.aspx?p=1381\" rel=\"nofollow noopener\" target=\"_blank\">Kreis Viersen<\/a>&#13;<\/p>\n<p>  &#13;<br \/>\nErntedankfest mit gro\u00dfem Bauernmarkt&#13;<br \/>\nAm 21. September im Niederrheinischen Freilichtmuseum des Kreises Viersen&#13;<\/p>\n<p class=\"ins_r\">&#13;<br \/>\n      <img decoding=\"async\" class=\"news_list_single_image\" src=\"https:\/\/www.europesays.com\/de\/wp-content\/uploads\/2025\/05\/logo_kv.png\" alt=\"\u00a9 \"\/>&#13;<br \/>\nAm Sonntag, den 21. September, veranstaltet der Kreis Viersen in Zusammenarbeit mit dem Kreisbauernschaft Krefeld-Viersen, der Landwirtschaftskammer, den Ortslandwirtinnen und -landwirten sowie den Landfrauen und der Landjugend von 10 bis 16 Uhr ein gro\u00dfes Erntedankfest mit anschlie\u00dfendem Bauernmarkt auf dem Gel\u00e4nde des Niederrheinischen Freilichtmuseums (Am Freilichtmuseum 1 in 47929 Grefrath).&#13;<br \/>\nOb Blumen und Kr\u00e4nze, Naturb\u00fcrsten, Keramik, Seifen oder Selbstgen\u00e4htes, der Markt bietet eine gro\u00dfe F\u00fclle an St\u00e4nden.&#13;<br \/>\nUm 10.30 Uhr findet aus diesem&#8230;&#13;\n  <\/p>\n<p> &#13;<br \/>\n      <a href=\"https:\/\/www.presse-service.de\/public\/Single.aspx?iid=1196007\" rel=\"nofollow noopener\" target=\"_blank\">mehr lesen&#8230;<\/a>  <\/p>\n<p>  &#13;<br \/>\n08.09.2025 &#8211; <a href=\"https:\/\/www.presse-service.de\/public\/Default.aspx?p=1573\" rel=\"nofollow noopener\" target=\"_blank\">Emschergenossenschaft \/ Lippeverband<\/a>&#13;<\/p>\n<p>  &#13;<br \/>\nNeue Kooperation f\u00fcr verbesserten Hochwasserschutz&#13;<br \/>\nEmschergenossenschaft\/Lippeverband und Stadt Dortmund unterzeichnen Vereinbarung: 50 Millionen Euro f\u00fcr Bauprojekte, die \u00dcberflutungen verhindern&#13;<\/p>\n<p class=\"ins_r\">&#13;<br \/>\n      <img decoding=\"async\" class=\"news_list_single_image\" src=\"https:\/\/www.presse-service.de\/data.aspx\/medien\/305432V.jpg?cache=1\" alt=\"\u00a9 Roland Gorecki\/Stadt Dortmund\"\/>&#13;<br \/>\nDer Hochwasser- und Starkregenschutz ist f\u00fcr alle St\u00e4dte eine gro\u00dfe Aufgabe \u2013 Dortmund ist da keine Ausnahme. In den vergangenen Jahren wurden schon viele Verbesserungen umgesetzt. Stadt und Emschergenossenschaft\/Lippeverband (EGLV) haben nun eine neue Kooperation beschlossen, um das Ausbau-Tempo in Dortmund noch einmal zu erh\u00f6hen.&#13;\n  <\/p>\n<p> &#13;<br \/>\n      <a href=\"https:\/\/www.presse-service.de\/public\/Single.aspx?iid=1196269\" rel=\"nofollow noopener\" target=\"_blank\">mehr lesen&#8230;<\/a>  <\/p>\n<p>  &#13;<br \/>\n08.09.2025 &#8211; <a href=\"https:\/\/www.presse-service.de\/public\/Default.aspx?p=1585\" rel=\"nofollow noopener\" target=\"_blank\">Stadt Maintal<\/a>&#13;<\/p>\n<p>  &#13;<br \/>\nGe\u00e4nderte Zufahrt zu P+R-Parkplatz&#13;<br \/>\nPendler*innen gelangen \u00fcber die Bahnhofstra\u00dfe und ein Firmengel\u00e4nde zu den Stellpl\u00e4tzen&#13;<\/p>\n<p class=\"ins_r\">&#13;<br \/>\n      <img decoding=\"async\" class=\"news_list_single_image\" src=\"https:\/\/www.presse-service.de\/data.aspx\/medien\/305476V.jpg?cache=1\" alt=\"\u00a9 Stadt Maintal\"\/>&#13;<br \/>\nDie umfangreichen Bauma\u00dfnahmen f\u00fcr die Nordmainische S-Bahn auf Maintaler Gemarkung schreiten voran. Damit verbunden sind \u00c4nderungen bei der Nutzung \u00f6ffentlicher Verkehrsfl\u00e4chen. So entfallen die Park-and-Ride-Stellpl\u00e4tze (P+R) am Bahnhof Maintal-Ost, die sich bislang entlang der Max-Planck-Stra\u00dfe befanden. Weiterhin zur Verf\u00fcgung stehen der P+R-Parkplatz an der Philipp-Reis-Stra\u00dfe sowie die Parkfl\u00e4che nahe der Bahnhofstra\u00dfe. Hier ist die Zufahrt ab sofort von der Bahnhofstra\u00dfe aus m\u00f6glich. &#13;\n  <\/p>\n<p> &#13;<br \/>\n      <a href=\"https:\/\/www.presse-service.de\/public\/Single.aspx?iid=1196343\" rel=\"nofollow noopener\" target=\"_blank\">mehr lesen&#8230;<\/a>  <\/p>\n<p>  &#13;<br \/>\n08.09.2025 &#8211; <a href=\"https:\/\/www.presse-service.de\/public\/Default.aspx?p=1585\" rel=\"nofollow noopener\" target=\"_blank\">Stadt Maintal<\/a>&#13;<\/p>\n<p>  &#13;<br \/>\nBischofsheimer Naturrasenplatz erh\u00e4lt Flutlicht&#13;<br \/>\nStadt Maintal \u00fcbergibt Anlage nach aufw\u00e4ndiger Planungs- und Bauphase an FSV Bischofsheim&#13;<\/p>\n<p class=\"ins_r\">&#13;<br \/>\n      <img decoding=\"async\" class=\"news_list_single_image\" src=\"https:\/\/www.presse-service.de\/data.aspx\/medien\/305484V.jpg?cache=1\" alt=\"\u00a9 Stadt Maintal\"\/>&#13;<br \/>\nNach intensiver Planung und anspruchsvoller Umsetzung ist die neue Flutlichtanlage f\u00fcr den Naturrasenplatz des FSV Bischofsheim am Fechenheimer Weg fertiggestellt. Das Projekt war sowohl technisch als auch organisatorisch mit zahlreichen Herausforderungen verbunden. Davon war die Corona-Pandemie nur eine, die das Vorhaben immer wieder zur\u00fcckwarf. Nun aber konnte B\u00fcrgermeisterin Monika B\u00f6ttcher die Flutlichtanlage offiziell an den Ersten Vorsitzenden Michael B\u00fcthe \u00fcbergeben.&#13;\n  <\/p>\n<p> &#13;<br \/>\n      <a href=\"https:\/\/www.presse-service.de\/public\/Single.aspx?iid=1196352\" rel=\"nofollow noopener\" target=\"_blank\">mehr lesen&#8230;<\/a>  <\/p>\n<p>  &#13;<br \/>\n08.09.2025 &#8211; <a href=\"https:\/\/www.presse-service.de\/public\/Default.aspx?p=1541\" rel=\"nofollow noopener\" target=\"_blank\">Kreis Recklinghausen<\/a>&#13;<\/p>\n<p>  &#13;<br \/>\nNeue Coaches f\u00fcr die Existenzgr\u00fcnder-Begleitung &#13;<br \/>\nGr\u00fcnder Support Ruhr sucht Verst\u00e4rkung&#13;<\/p>\n<p class=\"ins_r\">&#13;<br \/>\n      <img decoding=\"async\" class=\"news_list_single_image\" src=\"https:\/\/www.europesays.com\/de\/wp-content\/uploads\/2025\/05\/logokreis.jpg\" alt=\"\u00a9 \"\/>&#13;<br \/>\nDie einen haben die Erfahrung, andere die Idee, und wieder andere k\u00f6nnen sich durch ihr Engagement den \u00dcbergang in den Ruhestand flie\u00dfender gestalten: Wer ein Gr\u00fcndungsstipendium NRW bekommt, dem stellen die Startercenter f\u00fcr ein Jahr kostenlos einen Coach zur Verf\u00fcgung, der sein Wissen und seine Erfahrung mit den Gr\u00fcnderinnen und Gr\u00fcndern teilt. Das Startercenter Kreis Recklinghausen arbeitet dabei mit dem Gr\u00fcnder Support Ruhr e.V. (GSR) zusammen. Der Verein sucht jetzt dringend weitere Mitglieder, die ehrenamtlich ihre beruflichen Erfahrungen&#8230;&#13;\n  <\/p>\n<p> &#13;<br \/>\n      <a href=\"https:\/\/www.presse-service.de\/public\/Single.aspx?iid=1196443\" rel=\"nofollow noopener\" target=\"_blank\">mehr lesen&#8230;<\/a>  <\/p>\n<p>  &#13;<br \/>\n08.09.2025 &#8211; <a href=\"https:\/\/www.presse-service.de\/public\/Default.aspx?p=83\" rel=\"nofollow noopener\" target=\"_blank\">Stadt Herten<\/a>&#13;<\/p>\n<p>  &#13;<br \/>\nBundesweiter Warntag am 11. September&#13;<br \/>\nSirenenprobe und Warnmeldungen&#13;<\/p>\n<p class=\"ins_r\">&#13;<br \/>\n      <img decoding=\"async\" class=\"news_list_single_image\" src=\"https:\/\/www.presse-service.de\/data.aspx\/medien\/161051V.jpg?cache=1\" alt=\"\u00a9 \"\/>&#13;<br \/>\nHeftige Unwetter, Gro\u00dfbrand, Hochwasser oder andere Katastrophen \u2013 es gibt einige F\u00e4lle, in denen eine Warnung der Bev\u00f6lkerung erforderlich ist. Damit das im Ernstfall auch funktioniert, werden zweimal im Jahr die Warnmittel getestet, jeweils am zweiten Donnerstag im M\u00e4rz und im September.&#13;\n  <\/p>\n<p> &#13;<br \/>\n      <a href=\"https:\/\/www.presse-service.de\/public\/Single.aspx?iid=1196492\" rel=\"nofollow noopener\" target=\"_blank\">mehr lesen&#8230;<\/a>  <\/p>\n<p>  &#13;<br \/>\n08.09.2025 &#8211; <a href=\"https:\/\/www.presse-service.de\/public\/Default.aspx?p=1256\" rel=\"nofollow noopener\" target=\"_blank\">Stadt Hamm<\/a>&#13;<\/p>\n<p>  &#13;<br \/>\nEs ist wieder soweit: KulturFest h4 vom 12. bis 14. September&#13;<\/p>\n<p class=\"ins_r\">&#13;<br \/>\n      <img decoding=\"async\" class=\"news_list_single_image\" src=\"https:\/\/www.presse-service.de\/data.aspx\/medien\/303977V.jpg?cache=1\" alt=\"\u00a9 \"\/>&#13;<br \/>\nDer Countdown l\u00e4uft: Am kommenden Wochenende sorgen wieder mehrheitlich lokale K\u00fcnstler:innen mit Leidenschaft und Kreativit\u00e4t f\u00fcr pralles Leben in der gesamten Innenstadt, vom Gustav-L\u00fcbcke-Museum am einen bis zur Oststra\u00dfe am anderen Ende sowie vom Chattanooga-Platz bis zum KUBUS. Musik, Bildende Kunst, Tanz, Theater und, und, und sorgen auf verschiedenen B\u00fchnen, Stra\u00dfen und Pl\u00e4tzen f\u00fcr spannende, witzige, laute, leise, aber vor allem h\u00f6rens- und sehenswerte Momente.&#13;\n  <\/p>\n<p> &#13;<br \/>\n      <a href=\"https:\/\/www.presse-service.de\/public\/Single.aspx?iid=1196512\" rel=\"nofollow noopener\" target=\"_blank\">mehr lesen&#8230;<\/a>  <\/p>\n<p>  &#13;<br \/>\n08.09.2025 &#8211; <a href=\"https:\/\/www.presse-service.de\/public\/Default.aspx?p=1086\" rel=\"nofollow noopener\" target=\"_blank\">Landeshauptstadt Magdeburg<\/a>&#13;<\/p>\n<p>  &#13;<br \/>\nMagdeburg beteiligt sich am bundesweiten Warntag&#13;<br \/>\nAm 11. September Probe von Warnmitteln im Stadtgebiet&#13;<\/p>\n<p class=\"ins_r\">&#13;<br \/>\n      <img decoding=\"async\" class=\"news_list_single_image\" src=\"https:\/\/www.presse-service.de\/data.aspx\/medien\/305645V.jpg?cache=1\" alt=\"\u00a9 Landeshauptstadt Magdeburg\"\/>&#13;<br \/>\nMagdeburg beteiligt sich am kommenden Donnerstag, 11. September, erneut am Warntag von Bund, L\u00e4ndern und Kommunen. Ziel ist es, die vorhandene Warninfrastruktur in einem abgestimmten Prozess zu erproben. Dazu wird um 11.00 Uhr eine Warnung \u00fcber unterschiedliche Verbreitungswege ausgel\u00f6st. Die Entwarnung ist f\u00fcr 11.45 Uhr geplant. Im Magdeburger Stadtgebiet werden elf Sirenen getestet. Au\u00dferdem m\u00fcssen alle Handynutzer mit Nachrichten auf ihren Mobiltelefonen rechnen. Mit einer Online-Befragung nach dem diesj\u00e4hrigen Warntag m\u00f6chte das Amt f\u00fcr&#8230;&#13;\n  <\/p>\n<p> &#13;<br \/>\n      <a href=\"https:\/\/www.presse-service.de\/public\/Single.aspx?iid=1196520\" rel=\"nofollow noopener\" target=\"_blank\">mehr lesen&#8230;<\/a>  <\/p>\n<p>  &#13;<br \/>\n08.09.2025 &#8211; <a href=\"https:\/\/www.presse-service.de\/public\/Default.aspx?p=1285\" rel=\"nofollow noopener\" target=\"_blank\">Kreis Steinfurt<\/a>&#13;<\/p>\n<p>  &#13;<br \/>\nBundesweiter Warntag am 11. September: Pr\u00fcfung der verschiedenen Warnsysteme im Kreis Steinfurt&#13;<br \/>\nAusl\u00f6sung der Sirenen, Warn-Apps und Cell Broadcast um 11 Uhr &#13;<\/p>\n<p class=\"ins_r\">&#13;<br \/>\n      <img decoding=\"async\" class=\"news_list_single_image\" src=\"https:\/\/www.europesays.com\/de\/wp-content\/uploads\/2025\/04\/Logo_Kreis_Steinfurt.jpg\" alt=\"\u00a9 \"\/>&#13;<br \/>\nKreis Steinfurt. Am Donnerstag, 11. September, findet wieder ein gemeinsamer Warntag von Bund und L\u00e4ndern statt, bei dem auch im Kreis Steinfurt die Funktionen der unterschiedlichen Warnsysteme getestet werden. Um 11 Uhr l\u00f6st die Kreisleitstelle alle station\u00e4ren Sirenen in den 24 St\u00e4dten und Gemeinden aus. Zeitgleich erhalten Nutzerinnen und Nutzer von Warn-Apps wie NINA und KATWARN eine entsprechende Meldung. Auch das mobile Warnsystem Cell Broadcast kommt zum Einsatz. Dar\u00fcber versendet das Bundesamt f\u00fcr Bev\u00f6lkerungsschutz und&#8230;&#13;\n  <\/p>\n<p> &#13;<br \/>\n      <a href=\"https:\/\/www.presse-service.de\/public\/Single.aspx?iid=1196522\" rel=\"nofollow noopener\" target=\"_blank\">mehr lesen&#8230;<\/a>  <\/p>\n<p>  &#13;<br \/>\n08.09.2025 &#8211; <a href=\"https:\/\/www.presse-service.de\/public\/Default.aspx?p=532\" rel=\"nofollow noopener\" target=\"_blank\">Stadt Arnsberg<\/a>&#13;<\/p>\n<p>  &#13;<br \/>\nTanztee im B\u00fcrgerzentrum Bahnhof Arnsberg am 14. September &#13;<br \/>\nAb 17 Uhr&#13;<\/p>\n<p class=\"ins_r\">&#13;<br \/>\n      <img decoding=\"async\" class=\"news_list_single_image\" src=\"https:\/\/www.europesays.com\/de\/wp-content\/uploads\/2025\/04\/logo_ansberg.jpg\" alt=\"\u00a9 \"\/>&#13;<br \/>\nArnsberg. Am Sonntag, 14. September, findet ab 17 Uhr wieder der beliebte Tanztee im B\u00fcrgerzentrum Arnsberg statt.&#13;<br \/>\nBei der Veranstaltung ist ein erfahrener DJ mit breitgef\u00e4chertem Repertoire mit von der Partie, so dass f\u00fcr alle etwas dabei ist, um \u00fcber das Parkett zu schwofen, sich zu am\u00fcsieren oder einfach bei alten Evergreens in Erinnerungen zu schwelgen.&#13;<br \/>\nDie R\u00e4umlichkeiten des B\u00fcrgerzentrums bieten hierf\u00fcr gen\u00fcgend Platz und eine gem\u00fctliche Atmosph\u00e4re, um Kontakte zu kn\u00fcpfen, miteinander anzusto\u00dfen und zu tanzen. Das Team freut sich auf&#8230;&#13;\n  <\/p>\n<p> &#13;<br \/>\n      <a href=\"https:\/\/www.presse-service.de\/public\/Single.aspx?iid=1196525\" rel=\"nofollow noopener\" target=\"_blank\">mehr lesen&#8230;<\/a>  <\/p>\n<p>  &#13;<br \/>\n08.09.2025 &#8211; <a href=\"https:\/\/www.presse-service.de\/public\/Default.aspx?p=1597\" rel=\"nofollow noopener\" target=\"_blank\">Stadt Bottrop<\/a>&#13;<\/p>\n<p>  &#13;<br \/>\nAmpeltausch auf der B224&#13;<\/p>\n<p class=\"ins_r\">&#13;<br \/>\n      <img decoding=\"async\" class=\"news_list_single_image\" src=\"https:\/\/www.europesays.com\/de\/wp-content\/uploads\/2025\/04\/1745649569_940_logo.jpg\" alt=\"\u00a9 \"\/>&#13;<br \/>\nAuf der Kreuzung zur Prosperstra\u00dfe und Arenbergstra\u00dfe muss mit Behinderungen gerechnet werden.&#13;\n  <\/p>\n<p> &#13;<br \/>\n      <a href=\"https:\/\/www.presse-service.de\/public\/Single.aspx?iid=1196528\" rel=\"nofollow noopener\" target=\"_blank\">mehr lesen&#8230;<\/a>  <\/p>\n<p>  &#13;<br \/>\n08.09.2025 &#8211; <a href=\"https:\/\/www.presse-service.de\/public\/Default.aspx?p=1585\" rel=\"nofollow noopener\" target=\"_blank\">Stadt Maintal<\/a>&#13;<\/p>\n<p>  &#13;<br \/>\n\u201e99 N\u00e4chte\u201c im Kinder- und Jugendclub D\u00f6rnigheim&#13;<br \/>\nKinder-Disco mit Escape Room am 12. September im Kinderclub und Bonis Jugendtreff&#13;<\/p>\n<p class=\"ins_r\">&#13;<br \/>\n      <img decoding=\"async\" class=\"news_list_single_image\" src=\"https:\/\/www.europesays.com\/de\/wp-content\/uploads\/2025\/09\/1757319566_723_logo.png\" alt=\"\u00a9 \"\/>&#13;<br \/>\nVersteckte Gegenst\u00e4nde finden, kniffelige R\u00e4tsel und Zahlenkombinationen l\u00f6sen und dazu auf die Unterst\u00fctzung der Gruppe setzen \u2013 darum geht es bei der n\u00e4chsten Kinder-Disco mit Escape Room am Freitag, 12. September, im Keller des Kinder- und Jugendclubs im Br\u00fcder-Sch\u00f6nfeld-Haus in D\u00f6rnigheim, Ascher Stra\u00dfe 62.&#13;\n  <\/p>\n<p> &#13;<br \/>\n      <a href=\"https:\/\/www.presse-service.de\/public\/Single.aspx?iid=1196392\" rel=\"nofollow noopener\" target=\"_blank\">mehr lesen&#8230;<\/a>  <\/p>\n<p>  &#13;<br \/>\n08.09.2025 &#8211; <a href=\"https:\/\/www.presse-service.de\/public\/Default.aspx?p=1556\" rel=\"nofollow noopener\" target=\"_blank\">TuK Bad Sassendorf GmbH<\/a>&#13;<\/p>\n<p>  &#13;<br \/>\nFinissage \u201eK\u00fcnstlerfreundschaften konkret\u201c mit Medienkunsterlebnis in den Westf\u00e4lischen Salzwelten&#13;<br \/>\nMedienkunst und freier Eintritt f\u00fcr Einheimische am 14. September&#13;<\/p>\n<p class=\"ins_r\">&#13;<br \/>\n      <img decoding=\"async\" class=\"news_list_single_image\" src=\"https:\/\/www.presse-service.de\/data.aspx\/medien\/303403V.jpg?cache=1\" alt=\"\u00a9 TuK Bad Sassendorf GmbH \/ Westf\u00e4lische Salzwelten\"\/>&#13;<br \/>\nZum Finale der Sonderausstellung k\u00f6nnen Besuchende die Werke des K\u00fcnstlers K. G. Schmidt am Sonntag, den 14. September als immersive Medienkunst erleben. Der Eintritt f\u00fcr Bad Sassendorfer B\u00fcrger:innen ist an diesem Tag frei.&#13;\n  <\/p>\n<p> &#13;<br \/>\n      <a href=\"https:\/\/www.presse-service.de\/public\/Single.aspx?iid=1196511\" rel=\"nofollow noopener\" target=\"_blank\">mehr lesen&#8230;<\/a>  <\/p>\n<p>&#13;<br \/>\n  &#13;<\/p>\n","protected":false},"excerpt":{"rendered":"&#13; Alle Meldungen: &#13; 08.09.2025 &#8211; Stadt M\u00fcnster&#13; &#13; F\u00fchrungen im Zwinger und zum \u201eThemenraum Kolonialismus\u201c, ein Zeichenkurs&hellip;\n","protected":false},"author":2,"featured_media":406022,"comment_status":"","ping_status":"","sticky":false,"template":"","format":"standard","meta":{"footnotes":""},"categories":[1834],"tags":[3364,29,3688,30,19579,19580,62,14,1209,178,19577,19578,19576,181,19575],"class_list":{"0":"post-406021","1":"post","2":"type-post","3":"status-publish","4":"format-standard","5":"has-post-thumbnail","7":"category-essen","8":"tag-de","9":"tag-deutschland","10":"tag-essen","11":"tag-germany","12":"tag-kommunal","13":"tag-kommunaler-dienst","14":"tag-medien","15":"tag-nachrichten","16":"tag-nordrhein-westfalen","17":"tag-presse","18":"tag-pressearchiv","19":"tag-pressedienst","20":"tag-pressemeldungen","21":"tag-pressemitteilungen","22":"tag-presseservice"},"share_on_mastodon":{"url":"https:\/\/pubeurope.com\/@de\/115167702233571990","error":""},"_links":{"self":[{"href":"https:\/\/www.europesays.com\/de\/wp-json\/wp\/v2\/posts\/406021","targetHints":{"allow":["GET"]}}],"collection":[{"href":"https:\/\/www.europesays.com\/de\/wp-json\/wp\/v2\/posts"}],"about":[{"href":"https:\/\/www.europesays.com\/de\/wp-json\/wp\/v2\/types\/post"}],"author":[{"embeddable":true,"href":"https:\/\/www.europesays.com\/de\/wp-json\/wp\/v2\/users\/2"}],"replies":[{"embeddable":true,"href":"https:\/\/www.europesays.com\/de\/wp-json\/wp\/v2\/comments?post=406021"}],"version-history":[{"count":0,"href":"https:\/\/www.europesays.com\/de\/wp-json\/wp\/v2\/posts\/406021\/revisions"}],"wp:featuredmedia":[{"embeddable":true,"href":"https:\/\/www.europesays.com\/de\/wp-json\/wp\/v2\/media\/406022"}],"wp:attachment":[{"href":"https:\/\/www.europesays.com\/de\/wp-json\/wp\/v2\/media?parent=406021"}],"wp:term":[{"taxonomy":"category","embeddable":true,"href":"https:\/\/www.europesays.com\/de\/wp-json\/wp\/v2\/categories?post=406021"},{"taxonomy":"post_tag","embeddable":true,"href":"https:\/\/www.europesays.com\/de\/wp-json\/wp\/v2\/tags?post=406021"}],"curies":[{"name":"wp","href":"https:\/\/api.w.org\/{rel}","templated":true}]}}