{"id":406114,"date":"2025-09-08T09:10:19","date_gmt":"2025-09-08T09:10:19","guid":{"rendered":"https:\/\/www.europesays.com\/de\/406114\/"},"modified":"2025-09-08T09:10:19","modified_gmt":"2025-09-08T09:10:19","slug":"thw-greven-erhaelt-unterstuetzung-vom-bund","status":"publish","type":"post","link":"https:\/\/www.europesays.com\/de\/406114\/","title":{"rendered":"THW Greven erh\u00e4lt Unterst\u00fctzung vom Bund"},"content":{"rendered":"<p class=\"small date article__date\">Ver\u00f6ffentlicht:\u00a0Montag, 08.09.2025 10:44<\/p>\n<p>Ein gute Nachricht f\u00fcr die Sicherheit in der Region: Der THW-Ortsverband Greven bekommt Geld vom Bund f\u00fcr ein neues Geb\u00e4ude. Das teilt der SPD-Bundestagsabgeordnete Co\u00dfe aus Neuenkirchen mit.\u00a0<\/p>\n<p><img decoding=\"async\" alt=\"\" src=\"https:\/\/www.europesays.com\/de\/wp-content\/uploads\/2025\/09\/reichstag.png&#038;crop=0x202x1080x675&#038;resize=1080x675&#038;dt=202411071416110.png\" data-size=\"1080x675\"\/><\/p>\n<p>Der Haushaltsausschuss des Bundestags hat am\u00a0beschlossen, \u00fcber eine Milliarde Euro in die Verbesserung der THW-Liegenschaften zu investieren. Ein Teil dieser Mittel flie\u00dft in das Bauprogramm f\u00fcr Neubau-Vorhaben, von dem auch der Standort Greven profitieren wird.<\/p>\n<p>Der aktuelle Standort des THW Greven an der Gutenbergstra\u00dfe ist seit Jahren zu klein und entspricht nicht mehr den Anforderungen. Mit den neuen Mitteln kann nun ein dringend ben\u00f6tigter Neubau realisiert werden. \u201eDas ist ein wichtiger Schritt f\u00fcr den ehrenamtlich getragenen Zivil- und Katastrophenschutz\u201c, betont Co\u00dfe.<\/p>\n<p>Zus\u00e4tzliche Mittel f\u00fcr Ausstattung und Funkger\u00e4te<\/p>\n<p>Neben den Bauprojekten werden auch die sogenannten Selbstbewirtschaftungsmittel um zwei Millionen Euro erh\u00f6ht. Diese Mittel stehen den Ortsverb\u00e4nden direkt zur Verf\u00fcgung und k\u00f6nnen f\u00fcr wichtige Anschaffungen wie Wartung, Treibstoff oder Fortbildungen genutzt werden.<\/p>\n<p>Dar\u00fcber hinaus werden noch in diesem Jahr bundesweit 11.000 Funkger\u00e4te f\u00fcr die Einsatzkr\u00e4fte des THW beschafft. Daf\u00fcr stehen 9,7 Millionen Euro bereit. \u201eDiese Investitionen kommen den Ehrenamtlichen vor Ort unmittelbar zugute\u201c, so Co\u00dfe.<\/p>\n","protected":false},"excerpt":{"rendered":"Ver\u00f6ffentlicht:\u00a0Montag, 08.09.2025 10:44 Ein gute Nachricht f\u00fcr die Sicherheit in der Region: Der THW-Ortsverband Greven bekommt Geld vom&hellip;\n","protected":false},"author":2,"featured_media":406115,"comment_status":"","ping_status":"","sticky":false,"template":"","format":"standard","meta":{"footnotes":""},"categories":[1843],"tags":[107633,100081,3364,29,30,30010,8970,1209,7540],"class_list":{"0":"post-406114","1":"post","2":"type-post","3":"status-publish","4":"format-standard","5":"has-post-thumbnail","7":"category-muenster","8":"tag-spd-mdb-jrgen-coe-aus-neuenkirchen","9":"tag-technischeshilfswerk","10":"tag-de","11":"tag-deutschland","12":"tag-germany","13":"tag-greven","14":"tag-muenster","15":"tag-nordrhein-westfalen","16":"tag-thw"},"share_on_mastodon":{"url":"https:\/\/pubeurope.com\/@de\/115167902087750897","error":""},"_links":{"self":[{"href":"https:\/\/www.europesays.com\/de\/wp-json\/wp\/v2\/posts\/406114","targetHints":{"allow":["GET"]}}],"collection":[{"href":"https:\/\/www.europesays.com\/de\/wp-json\/wp\/v2\/posts"}],"about":[{"href":"https:\/\/www.europesays.com\/de\/wp-json\/wp\/v2\/types\/post"}],"author":[{"embeddable":true,"href":"https:\/\/www.europesays.com\/de\/wp-json\/wp\/v2\/users\/2"}],"replies":[{"embeddable":true,"href":"https:\/\/www.europesays.com\/de\/wp-json\/wp\/v2\/comments?post=406114"}],"version-history":[{"count":0,"href":"https:\/\/www.europesays.com\/de\/wp-json\/wp\/v2\/posts\/406114\/revisions"}],"wp:featuredmedia":[{"embeddable":true,"href":"https:\/\/www.europesays.com\/de\/wp-json\/wp\/v2\/media\/406115"}],"wp:attachment":[{"href":"https:\/\/www.europesays.com\/de\/wp-json\/wp\/v2\/media?parent=406114"}],"wp:term":[{"taxonomy":"category","embeddable":true,"href":"https:\/\/www.europesays.com\/de\/wp-json\/wp\/v2\/categories?post=406114"},{"taxonomy":"post_tag","embeddable":true,"href":"https:\/\/www.europesays.com\/de\/wp-json\/wp\/v2\/tags?post=406114"}],"curies":[{"name":"wp","href":"https:\/\/api.w.org\/{rel}","templated":true}]}}