{"id":406179,"date":"2025-09-08T09:47:12","date_gmt":"2025-09-08T09:47:12","guid":{"rendered":"https:\/\/www.europesays.com\/de\/406179\/"},"modified":"2025-09-08T09:47:12","modified_gmt":"2025-09-08T09:47:12","slug":"feuerwehr-testet-82-sirenen-alle-infos","status":"publish","type":"post","link":"https:\/\/www.europesays.com\/de\/406179\/","title":{"rendered":"Feuerwehr testet 82 Sirenen \u2013 alle Infos"},"content":{"rendered":"<p>Am 11. September <\/p>\n<p>Feuerwehr testet beim Warntag 82 Sirenen<\/p>\n<p>08.09.2025 &#8211; 11:43 UhrLesedauer: 2 Min.<\/p>\n<p><a href=\"#focus-0\" class=\"transition-colors duration-200 focus-within:text-magenta block text-current relative\" data-sctrack=\"FocusGalleryImage.Reference\"><img fetchpriority=\"high\" data-testid=\"Opener.Image\" style=\"--lqipURL:url('https:\/\/images.t-online.de\/2022\/12\/1ZeDbBHY3Xpc\/0x0:3200x1800\/fit-in\/150x0\/filters:blur(25)\/eine-frau-blickt-auf-eine-sirene-und-hat-die-warn-app-nina-auf-ihrem-handy-geoeffnet-symbolbild-am-donnerstag-geht-der-warntag-in-die-zweite-runde.jpg')\"   loading=\"eager\" src=\"https:\/\/www.europesays.com\/de\/wp-content\/uploads\/2025\/09\/eine-frau-blickt-auf-eine-sirene-und-hat-die-warn-app-nina-auf-ihrem-handy-geoeffnet-symbolbild-am-d.jpeg\" alt=\"Eine Frau blickt auf eine Sirene und hat die Warn-App Nina auf ihrem Handy ge\u00f6ffnet (Symbolbild): Am Donnerstag geht der Warntag in die zweite Runde.\" title=\"Eine Frau blickt auf eine Sirene und hat die Warn-App Nina auf ihrem Handy ge\u00f6ffnet (Symbolbild): Am Donnerstag geht der Warntag in die zweite Runde.\" width=\"3200\" height=\"1800\" class=\"bg-[url:var(--lqipURL)] bg-cover bg-center flex h-full w-full max-w-full\" decoding=\"async\"\/><img style=\"--width:32;--height:32\" loading=\"lazy\" src=\"https:\/\/www.t-online.de\/s\/paper\/_next\/static\/media\/zoom-in.f7dae02f.svg\" alt=\"Vergr\u00f6\u00dfern des Bildes\" title=\"Vergr\u00f6\u00dfern des Bildes\" class=\"block h-[calc(var(--height)_\/_16_*_1rem)] w-[calc(var(--width)_\/_16_*_1rem)] max-w-none absolute bottom-8 right-8 rounded-4 bg-snow p-8\" decoding=\"async\"\/><\/a><\/p>\n<p>Eine Frau blickt auf eine Sirene und hat die Warn-App Nina auf ihrem Handy ge\u00f6ffnet (Symbolbild): Am 11. September steht wieder der Warntag an. (Quelle: IMAGO\/Peter Hartenfelser)<\/p>\n<p class=\"font-bold text-18 leading-17\">Am 11. September testet D\u00fcsseldorf beim bundesweiten Warntag seine Sirenen. Erstmals nutzen die Beh\u00f6rden ein Online-Tool, um die Wahrnehmung der Alarme besser zu erfassen.<\/p>\n<p class=\"text-18 leading-17\">Am Donnerstag (11. September) heulen in <a class=\"transition-colors duration-200 cursor-pointer text-inherit no-underline text-salemsfur md:hover:text-magenta md:hover:border-magenta md:focus:text-magenta border-current border-b border-solid break-words\" href=\"https:\/\/www.t-online.de\/region\/duesseldorf\/\" data-sctrack=\"BodyAnchor\" rel=\"nofollow noopener\" target=\"_blank\">D\u00fcsseldorf<\/a> wieder die Sirenen, wenn die Landeshauptstadt am f\u00fcnften bundesweiten Warntag teilnimmt. Die Feuerwehr \u00fcberpr\u00fcft dann die Warneinrichtungen und evaluiert auch erstmalig mittels eines Online-Tools die Wahrnehmung der Sirenen.<\/p>\n<p class=\"text-18 leading-17\">Beginnen wird der <a class=\"transition-colors duration-200 cursor-pointer text-inherit no-underline text-salemsfur md:hover:text-magenta md:hover:border-magenta md:focus:text-magenta border-current border-b border-solid break-words\" href=\"https:\/\/www.t-online.de\/themen\/probealarm\/\" data-sctrack=\"BodyAnchor\" rel=\"nofollow noopener\" target=\"_blank\">Probealarm<\/a> um 11 Uhr mit dem Signal &#8222;Entwarnung&#8220;. Hierzu wird ein Dauerton von einer Minute ert\u00f6nen. Das bedeutet, dass die Gefahr vor\u00fcber ist. Zeitgleich versendet das Bundesamt f\u00fcr Bev\u00f6lkerungsschutz und Katastrophenhilfe (BBK) einen Probealarm, etwa \u00fcber die Warn-App Nina, auf digitale Anzeigetafeln, \u00fcber Cell Broadcast oder das Radio.<\/p>\n<p class=\"text-18 leading-17\">F\u00fcnf Minuten sp\u00e4ter erfolgt das Sirenensignal &#8222;Warnung&#8220;, das durch einen auf- und abschwellenden Ton von etwa einer Minute Dauer zu erkennen ist. Mit dem Warnsignal verbunden ist die Aufforderung, Ruhe zu bewahren und sich \u00fcber das Radio, Fernsehen, Internet und auf den Social-Media-Kan\u00e4len der Stadt und Feuerwehr zu informieren. Zum Abschluss des Probealarms ert\u00f6nt gegen 11.12 Uhr erneut das Signal &#8222;Entwarnung&#8220;.<\/p>\n<p class=\"text-18 leading-17\">Ebenfalls ist an diesem Tag das Gefahrentelefon der Stadt besetzt, das in der Zeit von 10.45 bis 12 Uhr unter 0211-3889889 zu erreichen ist. Die Feuerwehr bittet darum, die Notrufnummer 112 nur f\u00fcr das Anzeigen von tats\u00e4chlichen Notf\u00e4llen und nicht f\u00fcr Nachfragen zum Sirenenprobealarm zu nutzen.<\/p>\n<p class=\"text-18 leading-17\">Erstmals setzt die Feuerwehr ein Online-Tool ein, um die Wahrnehmung der Sirenen zu erheben. Sofern kein Warnton oder dieser schlecht zu h\u00f6ren ist, bittet die Feuerwehr um Unterst\u00fctzung, indem dieser Eindruck kurz den Mitarbeitenden am Gefahrentelefon, \u00fcber die Kan\u00e4le der sozialen Medien oder eben \u00fcber das neue Online-Tool der Feuerwehr geschildert wird.<\/p>\n<p class=\"text-18 leading-17\">Das Online-Tool gibt durch die Beantwortung von f\u00fcnf Fragen eine belastende \u00dcbersicht zur Abdeckung der Sirenensignale. Ma\u00dfgebend zu einer aussagekr\u00e4ftigen \u00dcbersicht sind die Standortdaten, die bei der <a class=\"transition-colors duration-200 cursor-pointer text-inherit no-underline text-salemsfur md:hover:text-magenta md:hover:border-magenta md:focus:text-magenta border-current border-b border-solid break-words\" href=\"https:\/\/www.t-online.de\/themen\/umfragen\/\" data-sctrack=\"BodyAnchor\" rel=\"nofollow noopener\" target=\"_blank\">Umfrage<\/a> erhoben und unter strenger Einhaltung des Datenschutzes betrachtet werden. \u00dcber die Internetseite <a rel=\"nofollow noopener\" target=\"_blank\" class=\"transition-colors duration-200 cursor-pointer text-inherit no-underline text-salemsfur md:hover:text-magenta md:hover:border-magenta md:focus:text-magenta border-current border-b border-solid break-words\" href=\"http:\/\/www.duesseldorf.de\/umfrage-warntag\" data-sctrack=\"BodyAnchor\">www.duesseldorf.de\/umfrage-warntag<\/a> ist das Online-Tool erreichbar.<\/p>\n","protected":false},"excerpt":{"rendered":"Am 11. September Feuerwehr testet beim Warntag 82 Sirenen 08.09.2025 &#8211; 11:43 UhrLesedauer: 2 Min. Eine Frau blickt&hellip;\n","protected":false},"author":2,"featured_media":406180,"comment_status":"","ping_status":"","sticky":false,"template":"","format":"standard","meta":{"footnotes":""},"categories":[1831],"tags":[59111,3364,29,3405,985,30,1209,11567,90167,107648,107647,94821,107646],"class_list":{"0":"post-406179","1":"post","2":"type-post","3":"status-publish","4":"format-standard","5":"has-post-thumbnail","7":"category-duesseldorf","8":"tag-bundesamt-fuer-bevoelkerungsschutz-und-katastrophenhilfe","9":"tag-de","10":"tag-deutschland","11":"tag-duesseldorf","12":"tag-feuerwehr","13":"tag-germany","14":"tag-nordrhein-westfalen","15":"tag-sirenenalarm","16":"tag-sirenengeheul","17":"tag-sirenenprobe","18":"tag-sirenentest","19":"tag-wahrnehmung","20":"tag-warntag"},"share_on_mastodon":{"url":"https:\/\/pubeurope.com\/@de\/115168047875025641","error":""},"_links":{"self":[{"href":"https:\/\/www.europesays.com\/de\/wp-json\/wp\/v2\/posts\/406179","targetHints":{"allow":["GET"]}}],"collection":[{"href":"https:\/\/www.europesays.com\/de\/wp-json\/wp\/v2\/posts"}],"about":[{"href":"https:\/\/www.europesays.com\/de\/wp-json\/wp\/v2\/types\/post"}],"author":[{"embeddable":true,"href":"https:\/\/www.europesays.com\/de\/wp-json\/wp\/v2\/users\/2"}],"replies":[{"embeddable":true,"href":"https:\/\/www.europesays.com\/de\/wp-json\/wp\/v2\/comments?post=406179"}],"version-history":[{"count":0,"href":"https:\/\/www.europesays.com\/de\/wp-json\/wp\/v2\/posts\/406179\/revisions"}],"wp:featuredmedia":[{"embeddable":true,"href":"https:\/\/www.europesays.com\/de\/wp-json\/wp\/v2\/media\/406180"}],"wp:attachment":[{"href":"https:\/\/www.europesays.com\/de\/wp-json\/wp\/v2\/media?parent=406179"}],"wp:term":[{"taxonomy":"category","embeddable":true,"href":"https:\/\/www.europesays.com\/de\/wp-json\/wp\/v2\/categories?post=406179"},{"taxonomy":"post_tag","embeddable":true,"href":"https:\/\/www.europesays.com\/de\/wp-json\/wp\/v2\/tags?post=406179"}],"curies":[{"name":"wp","href":"https:\/\/api.w.org\/{rel}","templated":true}]}}