{"id":406308,"date":"2025-09-08T10:58:18","date_gmt":"2025-09-08T10:58:18","guid":{"rendered":"https:\/\/www.europesays.com\/de\/406308\/"},"modified":"2025-09-08T10:58:18","modified_gmt":"2025-09-08T10:58:18","slug":"bremen-autofahrer-stoppt-an-a1-und-haelt-religioese-predigt","status":"publish","type":"post","link":"https:\/\/www.europesays.com\/de\/406308\/","title":{"rendered":"Bremen: Autofahrer stoppt an A1 &#8211; und h\u00e4lt religi\u00f6se Predigt"},"content":{"rendered":"<p>        <img decoding=\"async\" src=\"https:\/\/www.europesays.com\/de\/wp-content\/uploads\/2025\/09\/polizei7150.webp\" alt=\"Ein Einsatzfahrzeug der Polizei frontal in Unsch\u00e4rfe.\" title=\"Ein Einsatzfahrzeug der Polizei frontal in Unsch\u00e4rfe. | NDR, Julius Matuschik\" class=\"responsive\"\/><\/p>\n<p>\n            Stand: 08.09.2025 12:45 Uhr<\/p>\n<p class=\"preface\">Auf der A1 bei Bremen hat ein 33 Jahre alter Mann am Sonntagabend eine Predigt gehalten. Er stellte sein Auto auf dem Standstreifen ab, stieg aus und packte Mikrofon und Lautsprecher aus. <\/p>\n<p class=\"\">\nMehrere Autofahrerinnen und Autofahrer w\u00e4hlten darauf den Notruf, sagte ein Polizeisprecher NDR Niedersachsen auf Nachfrage. Zu dem Vorfall sei es gegen 19 Uhr kurz vor der Anschlussstelle Bremen-Hemelingen gekommen. Den Beamten erkl\u00e4rte der 33-J\u00e4hrige demnach, dass der Platz direkt an der Autobahn ideal f\u00fcr seine Predigt gewesen sei: An der Stelle sei zu dem Zeitpunkt sowieso Stau gewesen und die Autos seien h\u00f6chstens Schrittgeschwindigkeit gefahren seien, so der Mann. Laut Polizei finden an der Stelle aktuell Bauarbeiten statt. Es gebe fast durchg\u00e4ngig stockenden Verkehr, sagte der Sprecher.<\/p>\n<p>    Weiterfahrt verboten: 33-J\u00e4hriger hat keinen F\u00fchrerschein<\/p>\n<p class=\"\">\nDie Polizei spricht von einem &#8222;gef\u00e4hrlichen Parkman\u00f6ver&#8220; und betont: &#8222;Autobahnen eignen sich f\u00fcr vieles &#8211; nur nicht als Kanzel&#8220;. Weiterfahren durfte der 33-J\u00e4hrige nach dem Einsatz \u00fcbrigens nicht. Laut Polizei besitzt er keinen g\u00fcltigen F\u00fchrerschein. Daher habe ein Bekannter das Auto von der A1 wegfahren m\u00fcssen, hie\u00df es.<\/p>\n<p>        <img decoding=\"async\" src=\"https:\/\/www.europesays.com\/de\/wp-content\/uploads\/2025\/08\/1755775123_551_regionalol100.webp\" alt=\"Blick auf den Lappan, das Wahrzeichen der Stadt Oldenburg.\" title=\"Blick auf den Lappan, das Wahrzeichen der Stadt Oldenburg. | NDR, Julius Matuschik\" class=\"responsive\" loading=\"lazy\"\/><\/p>\n<p>\n                                    8 Min<\/p>\n<p>Was in Ihrer Region wichtig ist, h\u00f6ren Sie in dem Mitschnitt der 15:00 Uhr Regional-Nachrichten auf NDR 1 Niedersachsen.<\/p>\n<p>        Schlagw\u00f6rter zu diesem Artikel<\/p>\n<p>            <a href=\"https:\/\/www.ndr.de\/nachrichten\/schleswig-holstein\/A1-News-zu-Unfaellen-Sperrungen-und-Baustellen-auf-der-Autobahn,thema170.html\" rel=\"nofollow noopener\" target=\"_blank\">A1<\/a><\/p>\n","protected":false},"excerpt":{"rendered":"Stand: 08.09.2025 12:45 Uhr Auf der A1 bei Bremen hat ein 33 Jahre alter Mann am Sonntagabend eine&hellip;\n","protected":false},"author":2,"featured_media":406309,"comment_status":"","ping_status":"","sticky":false,"template":"","format":"standard","meta":{"footnotes":""},"categories":[1824],"tags":[7032,590,5543,2420,3364,29,30,12593,37400,14,15,1411,4908,86909,107681,5716],"class_list":{"0":"post-406308","1":"post","2":"type-post","3":"status-publish","4":"format-standard","5":"has-post-thumbnail","7":"category-bremen","8":"tag-a1","9":"tag-aktuell","10":"tag-autobahn","11":"tag-bremen","12":"tag-de","13":"tag-deutschland","14":"tag-germany","15":"tag-hemelingen","16":"tag-lautsprecher","17":"tag-nachrichten","18":"tag-news","19":"tag-niedersachsen","20":"tag-polizeieinsatz","21":"tag-predigt","22":"tag-standstreifen","23":"tag-stau"},"share_on_mastodon":{"url":"https:\/\/pubeurope.com\/@de\/115168327281822072","error":""},"_links":{"self":[{"href":"https:\/\/www.europesays.com\/de\/wp-json\/wp\/v2\/posts\/406308","targetHints":{"allow":["GET"]}}],"collection":[{"href":"https:\/\/www.europesays.com\/de\/wp-json\/wp\/v2\/posts"}],"about":[{"href":"https:\/\/www.europesays.com\/de\/wp-json\/wp\/v2\/types\/post"}],"author":[{"embeddable":true,"href":"https:\/\/www.europesays.com\/de\/wp-json\/wp\/v2\/users\/2"}],"replies":[{"embeddable":true,"href":"https:\/\/www.europesays.com\/de\/wp-json\/wp\/v2\/comments?post=406308"}],"version-history":[{"count":0,"href":"https:\/\/www.europesays.com\/de\/wp-json\/wp\/v2\/posts\/406308\/revisions"}],"wp:featuredmedia":[{"embeddable":true,"href":"https:\/\/www.europesays.com\/de\/wp-json\/wp\/v2\/media\/406309"}],"wp:attachment":[{"href":"https:\/\/www.europesays.com\/de\/wp-json\/wp\/v2\/media?parent=406308"}],"wp:term":[{"taxonomy":"category","embeddable":true,"href":"https:\/\/www.europesays.com\/de\/wp-json\/wp\/v2\/categories?post=406308"},{"taxonomy":"post_tag","embeddable":true,"href":"https:\/\/www.europesays.com\/de\/wp-json\/wp\/v2\/tags?post=406308"}],"curies":[{"name":"wp","href":"https:\/\/api.w.org\/{rel}","templated":true}]}}