{"id":406383,"date":"2025-09-08T11:42:16","date_gmt":"2025-09-08T11:42:16","guid":{"rendered":"https:\/\/www.europesays.com\/de\/406383\/"},"modified":"2025-09-08T11:42:16","modified_gmt":"2025-09-08T11:42:16","slug":"braunschweigjunger-mann-wird-am-fruehen-sonntagabend-auf-der-strasse-beraubt","status":"publish","type":"post","link":"https:\/\/www.europesays.com\/de\/406383\/","title":{"rendered":"Braunschweig:Junger Mann wird am fr\u00fchen Sonntagabend auf der Stra\u00dfe beraubt"},"content":{"rendered":"<p>Symbolbild. | Foto: Anke Donner<\/p>\n<p class=\"datum\">08.09.2025, 13:15 Uhr<\/p>\n<p><strong>Braunschweig. Am gestrigen Sonntagabend, gegen 17.10 Uhr, kam es in der Stra\u00dfe Steintorwall zu einer Raubstraftat. Dabei haben zwei m\u00e4nnliche Personen aus einer Gruppe von insgesamt drei jungen M\u00e4nnern auf einen weiteren jungen Mann eingewirkt, um dessen Pullover zu entwenden. Das berichtet <a class=\"redlink\" href=\"https:\/\/regionalheute.de\/blaulicht\/\" rel=\"nofollow noopener\" target=\"_blank\">die Polizei<\/a> in einer Pressemitteilung.<br \/><\/strong><br \/>\n<\/p>\n<p>W\u00e4hrend ein 21-J\u00e4hriger das Opfer festhielt und bedrohte, zerrte ein Zweiter an dessen Kleidung. Trotz Gegenwehr gelang es den T\u00e4tern, den Pullover des jungen Mannes auszuziehen. Nachdem der 21-J\u00e4hrige das Opfer abermals bedrohte, entfernten sich die drei jungen M\u00e4nner in Richtung Museumstra\u00dfe. Das Opfer wurde nicht verletzt. Weitere Informationen zu dem Pullover konnte die Polizei auf Nachfrage nicht geben. Laut eines Sprechers soll es dabei aber weniger um den materiellen Wert des Beklaidungsst\u00fcckes gegangen sein.<\/p>\n<p>Flucht mit dem Auto<\/p>\n<p>Ein Zeuge, der das Geschehen aus der Ferne beobachtete, verfolgte die drei M\u00e4nner, konnte allerdings nur noch beobachten, wie zwei der T\u00e4ter ein Fahrzeug bestiegen, mit welchem man in Richtung Helmstedter Stra\u00dfe davonfuhr.<\/p>\n<p>\nIm Rahmen eingeleiteter Fahndungsma\u00dfnahmen wurde der beschriebene Wagen dann in der Helmstedter Stra\u00dfe entdeckt und kontrolliert. Im Fahrzeug befand sich allerdings nur noch der 21-J\u00e4hrige. Die anderen beiden jungen M\u00e4nner konnten nicht mehr angetroffen werden. Zwecks weiterer Ma\u00dfnahmen wurde der Verd\u00e4chtige auf eine Dienststelle gebracht. Hinweise zu den beiden Mitt\u00e4tern ergaben sich bislang nicht. <\/p>\n<p>Zwei Zeuginnen gesucht<\/p>\n<p>Im Rahmen eines Ermittlungsverfahrens wegen gemeinschaftlichen Raubes wird deshalb nach weiteren Zeugen der Tat gesucht. W\u00e4hrend der Tat sollen sich in der Stra\u00dfe Steintorwall zwei Frauen aufgehalten haben, die die T\u00e4ter angesprochen und aufgefordert haben sollen, ihr Vorgehen zu unterlassen. Die beiden Frauen und weitere Zeugen werden gebeten, sich beim Kriminaldauerdienst unter der Telefonnummer 0531\/476-2516 zu melden.<\/p>\n","protected":false},"excerpt":{"rendered":"Symbolbild. | Foto: Anke Donner 08.09.2025, 13:15 Uhr Braunschweig. Am gestrigen Sonntagabend, gegen 17.10 Uhr, kam es in&hellip;\n","protected":false},"author":2,"featured_media":326230,"comment_status":"","ping_status":"","sticky":false,"template":"","format":"standard","meta":{"footnotes":""},"categories":[1850],"tags":[6429,3364,29,548,663,3934,30,13,14,15,1411,12],"class_list":{"0":"post-406383","1":"post","2":"type-post","3":"status-publish","4":"format-standard","5":"has-post-thumbnail","7":"category-braunschweig","8":"tag-braunschweig","9":"tag-de","10":"tag-deutschland","11":"tag-eu","12":"tag-europa","13":"tag-europe","14":"tag-germany","15":"tag-headlines","16":"tag-nachrichten","17":"tag-news","18":"tag-niedersachsen","19":"tag-schlagzeilen"},"share_on_mastodon":{"url":"https:\/\/pubeurope.com\/@de\/115168499709717266","error":""},"_links":{"self":[{"href":"https:\/\/www.europesays.com\/de\/wp-json\/wp\/v2\/posts\/406383","targetHints":{"allow":["GET"]}}],"collection":[{"href":"https:\/\/www.europesays.com\/de\/wp-json\/wp\/v2\/posts"}],"about":[{"href":"https:\/\/www.europesays.com\/de\/wp-json\/wp\/v2\/types\/post"}],"author":[{"embeddable":true,"href":"https:\/\/www.europesays.com\/de\/wp-json\/wp\/v2\/users\/2"}],"replies":[{"embeddable":true,"href":"https:\/\/www.europesays.com\/de\/wp-json\/wp\/v2\/comments?post=406383"}],"version-history":[{"count":0,"href":"https:\/\/www.europesays.com\/de\/wp-json\/wp\/v2\/posts\/406383\/revisions"}],"wp:featuredmedia":[{"embeddable":true,"href":"https:\/\/www.europesays.com\/de\/wp-json\/wp\/v2\/media\/326230"}],"wp:attachment":[{"href":"https:\/\/www.europesays.com\/de\/wp-json\/wp\/v2\/media?parent=406383"}],"wp:term":[{"taxonomy":"category","embeddable":true,"href":"https:\/\/www.europesays.com\/de\/wp-json\/wp\/v2\/categories?post=406383"},{"taxonomy":"post_tag","embeddable":true,"href":"https:\/\/www.europesays.com\/de\/wp-json\/wp\/v2\/tags?post=406383"}],"curies":[{"name":"wp","href":"https:\/\/api.w.org\/{rel}","templated":true}]}}