{"id":406395,"date":"2025-09-08T11:50:17","date_gmt":"2025-09-08T11:50:17","guid":{"rendered":"https:\/\/www.europesays.com\/de\/406395\/"},"modified":"2025-09-08T11:50:17","modified_gmt":"2025-09-08T11:50:17","slug":"holiday-on-ice-antenne-muenster","status":"publish","type":"post","link":"https:\/\/www.europesays.com\/de\/406395\/","title":{"rendered":"&#8222;Holiday On Ice&#8220; &#8211; Antenne M\u00fcnster"},"content":{"rendered":"<p class=\"small date article__date\">Ver\u00f6ffentlicht:\u00a0Montag, 08.09.2025 13:09<\/p>\n<p>Zwischen Weihnachten und Neujahr gastiert &#8222;Holiday On Ice&#8220; im MCC Halle M\u00fcnsterland. Die neue Show &#8222;Cinema of dreams&#8220; bringt die Magie des Kinos auf&#8217;s Eis. <\/p>\n<p><img decoding=\"async\" alt=\"\" src=\"https:\/\/www.europesays.com\/de\/wp-content\/uploads\/2025\/09\/csm_hoi_cinema_of_dreams_2_3de77e880e.jpg&#038;crop=0x34x1200x750&#038;resize=1200x750&#038;dt=202509081311150.jpeg\" data-size=\"1200x750\"\/>\u00a9 HOI Productions Germany<\/p>\n<p>F\u00fcr viele Menschen in M\u00fcnster hat das Event &#8222;zwischen den Jahren&#8220; schon Tradition: &#8222;Holiday On Ice&#8220; im MCC Halle M\u00fcnsterland. Bei der neuen Show bringen 37 internationale Eiskunstl\u00e4uferinnen und -l\u00e4ufer eine mitrei\u00dfende Geschichte \u00fcber Freundschaft, Mut und gro\u00dfe Tr\u00e4ume auf die Fl\u00e4che. Dazu kommen atemberaubende Choreografien, opulente Kulissen und ein emotionaler Soundtrack. <\/p>\n<p>Hinter der Show steht ein hochkar\u00e4tiges Kreativteam: Creative Director Kim Gavin, bekannt f\u00fcr seine Arbeit mit Robbie Williams und Adele, sowie Kost\u00fcmdesigner Michael Sharp, der bereits f\u00fcr Stars wie Jennifer Lopez und Angelina Jolie t\u00e4tig war, sorgen f\u00fcr ein visuelles und emotionales Highlight.<\/p>\n<p>Im \u00dcberblick<\/p>\n<ul>\n<li><strong>Was:<\/strong> Holiday On Ice &#8211; Cinema Of Dreams<\/li>\n<li><strong>Wann:<\/strong> 26.-30. Dezember 2025 (teilweise mehrere Vorstellungen pro Tag)<\/li>\n<li><strong>Wo: <\/strong>MCC Halle M\u00fcnsterland<\/li>\n<li><strong>Tickets:<\/strong> Ab 50,50 Euro <a href=\"https:\/\/www.mcc-halle-muensterland.de\/de\/gaeste\/veranstaltungen\/\" rel=\"noopener noreferrer\" target=\"_blank\">online<\/a><\/li>\n<\/ul>\n<p><a href=\"https:\/\/www.antennemuenster.de\/externalimages\/?source=jpg793\/hoi_cinema-of-dreams_1.jpg&amp;dt=202509081326580&amp;resize=1280x853\" data-caption=\"\" itemprop=\"contentUrl\" data-size=\"1280x853\" target=\"_blank\" rel=\"noopener\"><img decoding=\"async\" alt=\"\" src=\"https:\/\/www.europesays.com\/de\/wp-content\/uploads\/2025\/09\/hoi_cinema-of-dreams_1.jpg&#038;crop=0x138x6665x4166&#038;resize=1280x800&#038;dt=202509081326580.jpeg\" data-size=\"1280x800\"\/><\/a>\u00a9 HOI Productions Germany\u00a9 HOI Productions Germany<\/p>\n","protected":false},"excerpt":{"rendered":"Ver\u00f6ffentlicht:\u00a0Montag, 08.09.2025 13:09 Zwischen Weihnachten und Neujahr gastiert &#8222;Holiday On Ice&#8220; im MCC Halle M\u00fcnsterland. Die neue Show&hellip;\n","protected":false},"author":2,"featured_media":406396,"comment_status":"","ping_status":"","sticky":false,"template":"","format":"standard","meta":{"footnotes":""},"categories":[1843],"tags":[107691,29072,3364,29,30,8970,1209],"class_list":{"0":"post-406395","1":"post","2":"type-post","3":"status-publish","4":"format-standard","5":"has-post-thumbnail","7":"category-muenster","8":"tag-holiday-on-ice","9":"tag-mcc-halle-mnsterland","10":"tag-de","11":"tag-deutschland","12":"tag-germany","13":"tag-muenster","14":"tag-nordrhein-westfalen"},"share_on_mastodon":{"url":"https:\/\/pubeurope.com\/@de\/115168531352773933","error":""},"_links":{"self":[{"href":"https:\/\/www.europesays.com\/de\/wp-json\/wp\/v2\/posts\/406395","targetHints":{"allow":["GET"]}}],"collection":[{"href":"https:\/\/www.europesays.com\/de\/wp-json\/wp\/v2\/posts"}],"about":[{"href":"https:\/\/www.europesays.com\/de\/wp-json\/wp\/v2\/types\/post"}],"author":[{"embeddable":true,"href":"https:\/\/www.europesays.com\/de\/wp-json\/wp\/v2\/users\/2"}],"replies":[{"embeddable":true,"href":"https:\/\/www.europesays.com\/de\/wp-json\/wp\/v2\/comments?post=406395"}],"version-history":[{"count":0,"href":"https:\/\/www.europesays.com\/de\/wp-json\/wp\/v2\/posts\/406395\/revisions"}],"wp:featuredmedia":[{"embeddable":true,"href":"https:\/\/www.europesays.com\/de\/wp-json\/wp\/v2\/media\/406396"}],"wp:attachment":[{"href":"https:\/\/www.europesays.com\/de\/wp-json\/wp\/v2\/media?parent=406395"}],"wp:term":[{"taxonomy":"category","embeddable":true,"href":"https:\/\/www.europesays.com\/de\/wp-json\/wp\/v2\/categories?post=406395"},{"taxonomy":"post_tag","embeddable":true,"href":"https:\/\/www.europesays.com\/de\/wp-json\/wp\/v2\/tags?post=406395"}],"curies":[{"name":"wp","href":"https:\/\/api.w.org\/{rel}","templated":true}]}}