{"id":407081,"date":"2025-09-08T18:07:18","date_gmt":"2025-09-08T18:07:18","guid":{"rendered":"https:\/\/www.europesays.com\/de\/407081\/"},"modified":"2025-09-08T18:07:18","modified_gmt":"2025-09-08T18:07:18","slug":"prinz-harry-strahlend-zurueck-in-london-unterhaltung","status":"publish","type":"post","link":"https:\/\/www.europesays.com\/de\/407081\/","title":{"rendered":"Prinz Harry: Strahlend zur\u00fcck in London | Unterhaltung"},"content":{"rendered":"<p>London \u2013 <b>Jetzt ist er zur\u00fcck \u2013 in seiner alten Heimat. Prinz Harry absolviert seine l\u00e4ngste Stippvisite in Gro\u00dfbritannien seit dem Tod von Queen Elizabeth II. vor genau drei Jahren. <\/b><\/p>\n<p>Vier Tage voller offizieller Termine liegen vor dem Herzog von Sussex. Los geht es am Montagabend bei den \u201eWellChild Awards\u201c im Royal Lancaster Hotel in London. <\/p>\n<p><img decoding=\"async\" width=\"992\" height=\"663\" alt=\"Harry wirkt gel\u00f6st, gut gelaunt. Fast scheint es, als h\u00e4tte der inzwischen in den USA lebende Herzog von Sussex seine alte Heimat vermisst\" src=\"https:\/\/www.europesays.com\/de\/wp-content\/uploads\/2025\/09\/b933c68f9ad68215153a3816e527de66,bc97c71a\"   class=\"dynamic\" loading=\"lazy\"\/><\/p>\n<p class=\"fig__caption__text\">Harry wirkt gel\u00f6st, gut gelaunt. Fast scheint es, als h\u00e4tte der inzwischen in den USA lebende Herzog von Sussex seine alte Heimat vermisst<\/p>\n<p>Foto: Toby Melville\/REUTERS<\/p>\n<p>Im dunkelblauen Anzug mit grauer Krawatte steigt er aus dem Auto und begr\u00fc\u00dft freudestrahlend einige Teilnehmer der Wohlt\u00e4tigkeitsveranstaltung auf dem lila Teppich. Er ist alleine angereist, wieder ohne Ehefrau Meghan, die mit den Kindern Archie (7) und Lilibet (4) im kalifornischen Montecito geblieben ist. <\/p>\n<p><img decoding=\"async\" width=\"992\" height=\"669\" alt=\"Harrys Frau Meghan (44) blieb mit den Kindern daheim im kalifornischen Montecito\" src=\"https:\/\/www.europesays.com\/de\/wp-content\/uploads\/2025\/09\/d62a11e782442a434c01a0014ae1891f,a110dd19\"   class=\"dynamic\" loading=\"lazy\"\/><\/p>\n<p class=\"fig__caption__text\">Harrys Frau Meghan (44) blieb mit den Kindern daheim im kalifornischen Montecito<\/p>\n<p>Foto: Peter Dejong\/AP\/dpa<\/p>\n<p>Kommt es zum Treffen von Harry und Charles?<\/p>\n<p>Der wichtigste Punkt auf Harrys Agenda spielt sich jedoch m\u00f6glicherweise hinter den Kulissen ab: Kommt es endlich zum Treffen mit Vater Charles? Das letzte Mal haben sich die beiden vor rund 19 Monaten gesehen, f\u00fcr gerade mal 30 Minuten. Viele Experten sind skeptisch, ob Harry die zerrissene Familienbande noch einmal retten kann.<\/p>\n<p>Am Montagmittag in Heathrow gelandet, wartete im exklusiven \u201eWindsor Wing\u201c kein Familienmitglied auf ihn. Keine Umarmung, kein vertrautes Gesicht \u2013 nur die Security, die ihn zu einem wartenden Auto brachte.<\/p>\n<p><img decoding=\"async\" width=\"992\" height=\"723\" alt=\"K\u00f6nnen sie ihren Zwist endlich begraben? Bislang schien eine Vers\u00f6hnung von K\u00f6nig Charles III (76, l.) und Prinz Harry unm\u00f6glich\" src=\"https:\/\/www.europesays.com\/de\/wp-content\/uploads\/2025\/09\/8f1af218d950ad4b95400a25c74be05d,8f1502a9\"   class=\"dynamic\" loading=\"lazy\"\/><\/p>\n<p class=\"fig__caption__text\">K\u00f6nnen sie ihren Zwist endlich begraben? Bislang schien eine Vers\u00f6hnung von K\u00f6nig Charles III (76, l.) und Prinz Harry unm\u00f6glich<\/p>\n<p>Foto: mauritius images\/Doug Peters\/Alamy<\/p>\n<p>Harrys allererster Stopp nach seiner Landung f\u00fchrte ihn an das Grab seiner Gro\u00dfmutter \u2013 in die ehrw\u00fcrdige St. George\u2019s Chapel von Windsor, um Blumen abzulegen. Eine stille Geste, die die enge Verbundenheit zwischen der verstorbenen Queen Elizabeth II. (\u202096) und ihrem Enkel <a href=\"https:\/\/www.bild.de\/unterhaltung\/royals\/prinz-harry\/prinz-harry-alle-infos-79485472.bild.html\" class=\"text-link\" target=\"_blank\" rel=\"noopener\">Harry<\/a> betonen soll.<\/p>\n<p>Mehr zum ThemaHarry und William \u2013 r\u00e4umlich ganz nah, emotional ganz fern<\/p>\n<p>Doch f\u00fcr viele Royalisten hatten auch diese Bilder Symbolkraft: Zu gleichen Zeit, nur elf Kilometer entfernt von <a href=\"https:\/\/www.bild.de\/unterhaltung\/leute\/leute\/prinz-harry-im-steckbrief-wie-der-ersatz-thronerbe-seine-bestimmung-fand-80038700.bild.html\" class=\"text-link\" target=\"_blank\" rel=\"noopener\">Prinz Harry<\/a>, erinnerten Bruder William und <a href=\"https:\/\/www.bild.de\/unterhaltung\/stars-und-leute\/erblondete-prinzessin-kate-beim-rugby-ploetzlich-wieder-bruenetter-68bd439472019652f128ccf7\" class=\"text-link\" target=\"_blank\" rel=\"noopener\">Prinzessin Kate<\/a> an die verstorbene Monarchin \u2013 \u00f6ffentlich, beim Besuch eines Frauenverbands in Sunningdale. R\u00e4umlich so nah, und emotional doch so weit entfernt.<\/p>\n<p><img decoding=\"async\" width=\"992\" height=\"786\" alt=\"W\u00e4hrend sich Harry auf seinen Auftritt bei den \u201eWellChild Awards\u201c am Montagabend vorbereitete, besuchten sein Bruder, Prinz William (43), und seine Frau, Prinzessin Kate (43), einen Frauenverband, sch\u00fcttelten gut gelaunt H\u00e4nde\" src=\"https:\/\/www.europesays.com\/de\/wp-content\/uploads\/2025\/09\/cfbd411a1d13931ea922890b860b9203,6c61a679\"   class=\"dynamic\" loading=\"lazy\"\/><\/p>\n<p class=\"fig__caption__text\">W\u00e4hrend sich Harry auf seinen Auftritt bei den \u201eWellChild Awards\u201c am Montagabend vorbereitete, besuchten sein Bruder, Prinz William (43), und seine Frau, Prinzessin Kate (43), einen Frauenverband, und sch\u00fcttelten gut gelaunt H\u00e4nde<\/p>\n<p>Foto: AP<\/p>\n<p>Am Abend hat Harry seinen ersten \u00f6ffentlichen Auftritt \u2013 er nimmt sich Zeit, plaudert mit den G\u00e4sten, den Teilnehmern, den Preistr\u00e4gern der WellChild Awards. <\/p>\n<p><img decoding=\"async\" width=\"992\" height=\"661\" alt=\"Sooo s\u00fc\u00df: Der Vollblut-Papa liefert sich mit einem kleinen M\u00e4dchen ein lustiges Ballon-Duell\" src=\"https:\/\/www.europesays.com\/de\/wp-content\/uploads\/2025\/09\/3c75f5ec47f16852176f8a0d1fb55a96,f7bf0578\"   class=\"dynamic\" loading=\"lazy\"\/><\/p>\n<p class=\"fig__caption__text\">Sooo s\u00fc\u00df: Der Vollblut-Papa liefert sich mit einem kleinen M\u00e4dchen ein lustiges Ballon-Duell<\/p>\n<p>Foto: Aaron Chown\/PA Wire\/dpa<\/p>\n<p><img decoding=\"async\" width=\"992\" height=\"661\" alt=\"Harry nahm sich Zeit f\u00fcr die Teilnehmer und Preistr\u00e4ger der Veranstaltung, brachte seine oft sehr jungen Gespr\u00e4chspartner immer wieder zum Lachen\" src=\"https:\/\/www.europesays.com\/de\/wp-content\/uploads\/2025\/09\/f68d103752aa0121f3ed123a6e393010,aab69724\"   class=\"dynamic\" loading=\"lazy\"\/><\/p>\n<p class=\"fig__caption__text\">Harry nahm sich Zeit f\u00fcr die Teilnehmer und Preistr\u00e4ger der Veranstaltung, brachte seine oft sehr jungen Gespr\u00e4chspartner immer wieder zum Lachen<\/p>\n<p>Foto: AP<\/p>\n<p>Viele royale Experten sind skeptisch, ob Harry eine Audienz bei seinem Vater bekommt. Angeblich soll dieser ihm weder ein G\u00e4stezimmer zur \u00dcbernachtung noch einen Termin in Aussicht gestellt haben. Es hei\u00dft, der Prinz w\u00fcrde w\u00e4hrend seiner Termine in einem Londoner Hotel wohnen. <\/p>\n<p><img decoding=\"async\" width=\"992\" height=\"663\" alt=\"Die Wohlt\u00e4tigkeitsveranstaltung \u201eWellChild Awards\u201c liegt Prinz Harry besonders am Herzen\" src=\"https:\/\/www.europesays.com\/de\/wp-content\/uploads\/2025\/09\/53ef7b44a5bba9bbb3cf13148fd2ea3d,fa95526c\"   class=\"dynamic\" loading=\"lazy\"\/><\/p>\n<p class=\"fig__caption__text\">Die Wohlt\u00e4tigkeitsveranstaltung \u201eWellChild Awards\u201c liegt Prinz Harry besonders am Herzen<\/p>\n<p>Foto: Toby Melville\/REUTERS<\/p>\n<p>Das plant Prinz Harry f\u00fcr die n\u00e4chsten Tage<\/p>\n<p>Am Dienstag besucht Prinz Harry das Community Recording Studio in Nottingham. Dort soll er angeblich eine gro\u00dfz\u00fcgige Spende an die Wohlt\u00e4tigkeitsorganisation Children in Need vergeben.<\/p>\n<p>Am Mittwoch und Donnerstag stehen weitere Termine bei Projekten auf dem Plan, die ihm am Herzen liegen \u2013 darunter die Invictus Games und der Diana Award. <\/p>\n<p>Und ganz vielleicht schafft er es doch noch, seinen Vater zu sehen. Zu w\u00fcnschen w\u00e4re es dem verlorenen Sohn.<\/p>\n","protected":false},"excerpt":{"rendered":"London \u2013 Jetzt ist er zur\u00fcck \u2013 in seiner alten Heimat. Prinz Harry absolviert seine l\u00e4ngste Stippvisite in&hellip;\n","protected":false},"author":2,"featured_media":407082,"comment_status":"","ping_status":"","sticky":false,"template":"","format":"standard","meta":{"footnotes":""},"categories":[1776],"tags":[1801,29,6300,214,30,4858,567,9758,1802,6301,45,215],"class_list":{"0":"post-407081","1":"post","2":"type-post","3":"status-publish","4":"format-standard","5":"has-post-thumbnail","7":"category-prominente","8":"tag-celebrities","9":"tag-deutschland","10":"tag-englische-royals","11":"tag-entertainment","12":"tag-germany","13":"tag-herzogin-von-sussex-meghan","14":"tag-prinz-harry","15":"tag-prinz-william","16":"tag-prominente","17":"tag-queen-elizabeth-ii","18":"tag-texttospeech","19":"tag-unterhaltung"},"share_on_mastodon":{"url":"https:\/\/pubeurope.com\/@de\/115170014112378947","error":""},"_links":{"self":[{"href":"https:\/\/www.europesays.com\/de\/wp-json\/wp\/v2\/posts\/407081","targetHints":{"allow":["GET"]}}],"collection":[{"href":"https:\/\/www.europesays.com\/de\/wp-json\/wp\/v2\/posts"}],"about":[{"href":"https:\/\/www.europesays.com\/de\/wp-json\/wp\/v2\/types\/post"}],"author":[{"embeddable":true,"href":"https:\/\/www.europesays.com\/de\/wp-json\/wp\/v2\/users\/2"}],"replies":[{"embeddable":true,"href":"https:\/\/www.europesays.com\/de\/wp-json\/wp\/v2\/comments?post=407081"}],"version-history":[{"count":0,"href":"https:\/\/www.europesays.com\/de\/wp-json\/wp\/v2\/posts\/407081\/revisions"}],"wp:featuredmedia":[{"embeddable":true,"href":"https:\/\/www.europesays.com\/de\/wp-json\/wp\/v2\/media\/407082"}],"wp:attachment":[{"href":"https:\/\/www.europesays.com\/de\/wp-json\/wp\/v2\/media?parent=407081"}],"wp:term":[{"taxonomy":"category","embeddable":true,"href":"https:\/\/www.europesays.com\/de\/wp-json\/wp\/v2\/categories?post=407081"},{"taxonomy":"post_tag","embeddable":true,"href":"https:\/\/www.europesays.com\/de\/wp-json\/wp\/v2\/tags?post=407081"}],"curies":[{"name":"wp","href":"https:\/\/api.w.org\/{rel}","templated":true}]}}